{"id":11748,"date":"2019-06-05T18:08:05","date_gmt":"2019-06-05T22:08:05","guid":{"rendered":"http:\/\/delamanodemaria.com\/?p=11748"},"modified":"2019-06-05T18:08:11","modified_gmt":"2019-06-05T22:08:11","slug":"reflexion-para-el-jueves-de-la-septima-semana-de-pascua-06-06-19","status":"publish","type":"post","link":"http:\/\/delamanodemaria.com\/?p=11748","title":{"rendered":"REFLEXI\u00d3N PARA EL JUEVES DE LA S\u00c9PTIMA SEMANA DE PASCUA 06-06-19"},"content":{"rendered":"\n<figure class=\"wp-block-image\"><img decoding=\"async\" loading=\"lazy\" width=\"589\" height=\"250\" src=\"http:\/\/delamanodemaria.com\/wp-content\/uploads\/2019\/06\/que-todos-sean-uno.jpg\" alt=\"\" class=\"wp-image-11750\" srcset=\"http:\/\/delamanodemaria.com\/wp-content\/uploads\/2019\/06\/que-todos-sean-uno.jpg 589w, http:\/\/delamanodemaria.com\/wp-content\/uploads\/2019\/06\/que-todos-sean-uno-300x127.jpg 300w, http:\/\/delamanodemaria.com\/wp-content\/uploads\/2019\/06\/que-todos-sean-uno-500x212.jpg 500w\" sizes=\"(max-width: 589px) 100vw, 589px\" \/><\/figure>\n\n\n\n<p class=\"has-drop-cap\">La liturgia de hoy nos presenta como lectura\nevang\u00e9lica (Jn 17,20-26) la tercera y \u00faltima parte del \u201cdiscurso de despedida\u201d\nde Jes\u00fas a sus disc\u00edpulos que transcurre en el trasfondo de la sobremesa de la\n\u00faltima cena. A partir de este momento vemos que la oraci\u00f3n de Jes\u00fas al Padre\npor sus disc\u00edpulos inmediatos se convierte tambi\u00e9n en oraci\u00f3n por todos los que\nen el futuro habr\u00edamos de convertirnos en sus disc\u00edpulos por la palabra de\naquellos: \u201cPadre santo, no s\u00f3lo por ellos ruego, sino tambi\u00e9n por los que crean\nen m\u00ed por la palabra de ellos, para que todos sean uno, como t\u00fa, Padre, en m\u00ed,\ny yo en ti, que ellos tambi\u00e9n lo sean en nosotros, para que el mundo crea que\nt\u00fa me has enviado\u201d. En otras palabras ora por la Iglesia que habr\u00eda de fundarse\nsobre la fe de los ap\u00f3stoles. Ora por nosotros\u2026 <strong><em>Imag\u00ednate; \u00a1Cristo ha orado por\nti!<\/em><\/strong><\/p>\n\n\n\n<p>La s\u00faplica de Jes\u00fas al Padre es que haya\nunidad entre todos sus disc\u00edpulos, los contempor\u00e1neos y los futuros; y el\nmodelo, el marco de referencia que utiliza es la unidad entre el Padre y \u00c9l,\npara que esa unidad se convierta en predicaci\u00f3n, en testimonio de la Verdad,\nque es testimonio del Amor entre el Padre y el Hijo. De esta manera Jes\u00fas puede\ncontinuar la revelaci\u00f3n del Padre a trav\u00e9s de su Palabra y de la comuni\u00f3n de los\ncreyentes.<\/p>\n\n\n\n<p>Y nuestra misi\u00f3n, la misi\u00f3n de todos los\nbautizados que hemos recibido el Esp\u00edritu Santo, es difundir esa Palabra para\nque a trav\u00e9s de ella otros crean tambi\u00e9n. Y el contenido de esa Palabra es\nsolamente uno: que el Padre ha enviado al Hijo por pura gratuidad en el acto de\namor m\u00e1s sublime en la historia. Y la manera de reciprocar ese amor es a trav\u00e9s\nde nuestros hermanos. As\u00ed se crea la comuni\u00f3n, la unidad: \u201cque todos sean uno,\ncomo t\u00fa, Padre, en m\u00ed, y yo en ti, que ellos tambi\u00e9n lo sean en nosotros\u201d. Y\nesa comuni\u00f3n, ese amor, ser\u00e1 el distintivo de los verdaderos disc\u00edpulos de\nJes\u00fas (<em>Cfr.<\/em> Jn 13,15).<\/p>\n\n\n\n<p>Esta es la \u00faltima plegaria de Jes\u00fas antes de\nentrar en su Pasi\u00f3n. Nos est\u00e1 diciendo qu\u00e9 le mueve a aceptar voluntariamente\nsu Pasi\u00f3n, a entregar su vida. Ese es, podr\u00edamos decir, su testamento, su\n\u00faltima voluntad; que todos seamos uno, que vivamos en la unidad. Eso es lo que\n\u00c9l quiere para la Iglesia que \u00c9l vislumbra en el horizonte.<\/p>\n\n\n\n<p>Las \u00faltimas palabras de Jes\u00fas en esta plegaria\n\u201csellan\u201d la misma y nos muestran el prop\u00f3sito de sus palabras: \u201cpara que el\namor que me ten\u00edas est\u00e9 con ellos, como tambi\u00e9n yo estoy con ellos\u201d. Ese Amor\nque sirve de hilo conductor y a su vez de agente catal\u00edtico al mensaje de Jes\u00fas,\nque Juan nos expone de manera contundente en su relato evang\u00e9lico; Amor que\ntiene nombre y apellido: el Esp\u00edritu Santo, que los disc\u00edpulos recibir\u00edan en\nPentecost\u00e9s y que t\u00fa y yo recibimos el d\u00eda de nuestro Bautismo.<\/p>\n\n\n\n<p><em>\u00a1Esp\u00edritu\nSanto, ven a m\u00ed!<\/em><\/p>\n<div style=\"padding-bottom:20px; padding-top:10px;\" class=\"hupso-share-buttons\"><!-- Hupso Share Buttons - https:\/\/www.hupso.com\/share\/ --><a class=\"hupso_toolbar\" href=\"https:\/\/www.hupso.com\/share\/\"><img src=\"http:\/\/static.hupso.com\/share\/buttons\/lang\/es\/share-medium.png\" style=\"border:0px; padding-top: 5px; float:left;\" alt=\"Share Button\"\/><\/a><script type=\"text\/javascript\">var hupso_services_t=new Array(\"Twitter\",\"Facebook\",\"Google Plus\",\"Pinterest\",\"Linkedin\",\"Email\",\"Print\");var hupso_background_t=\"#EAF4FF\";var hupso_border_t=\"#66CCFF\";var hupso_toolbar_size_t=\"medium\";var hupso_image_folder_url = \"\";var hupso_twitter_via=\"hectorops\";var hupso_url_t=\"\";var hupso_title_t=\"REFLEXI%C3%93N%20PARA%20EL%20JUEVES%20DE%20LA%20S%C3%89PTIMA%20SEMANA%20DE%20PASCUA%2006-06-19\";<\/script><script type=\"text\/javascript\" src=\"http:\/\/static.hupso.com\/share\/js\/share_toolbar.js\"><\/script><!-- Hupso Share Buttons --><\/div>","protected":false},"excerpt":{"rendered":"<p>La liturgia de hoy nos presenta como lectura evang\u00e9lica (Jn 17,20-26) la tercera y \u00faltima parte del \u201cdiscurso de despedida\u201d de Jes\u00fas a sus disc\u00edpulos que transcurre en el trasfondo de la sobremesa de la \u00faltima cena. A partir de &hellip; <a href=\"http:\/\/delamanodemaria.com\/?p=11748\">Continue reading <span class=\"meta-nav\">&rarr;<\/span><\/a><\/p>\n<div style=\"padding-bottom:20px; padding-top:10px;\" class=\"hupso-share-buttons\"><!-- Hupso Share Buttons - https:\/\/www.hupso.com\/share\/ --><a class=\"hupso_toolbar\" href=\"https:\/\/www.hupso.com\/share\/\"><img src=\"http:\/\/static.hupso.com\/share\/buttons\/lang\/es\/share-medium.png\" style=\"border:0px; padding-top: 5px; float:left;\" alt=\"Share Button\"\/><\/a><script type=\"text\/javascript\">var hupso_services_t=new Array(\"Twitter\",\"Facebook\",\"Google Plus\",\"Pinterest\",\"Linkedin\",\"Email\",\"Print\");var hupso_background_t=\"#EAF4FF\";var hupso_border_t=\"#66CCFF\";var hupso_toolbar_size_t=\"medium\";var hupso_image_folder_url = \"\";var hupso_twitter_via=\"hectorops\";var hupso_url_t=\"\";var hupso_title_t=\"REFLEXI%C3%93N%20PARA%20EL%20JUEVES%20DE%20LA%20S%C3%89PTIMA%20SEMANA%20DE%20PASCUA%2006-06-19\";<\/script><script type=\"text\/javascript\" src=\"http:\/\/static.hupso.com\/share\/js\/share_toolbar.js\"><\/script><!-- Hupso Share Buttons --><\/div>","protected":false},"author":1,"featured_media":0,"comment_status":"open","ping_status":"open","sticky":false,"template":"","format":"standard","meta":{"jetpack_post_was_ever_published":false,"_jetpack_newsletter_access":"","_jetpack_newsletter_tier_id":0,"jetpack_publicize_message":"","jetpack_is_tweetstorm":false,"jetpack_publicize_feature_enabled":true,"jetpack_social_post_already_shared":true,"jetpack_social_options":{"image_generator_settings":{"template":"highway","enabled":false}}},"categories":[1],"tags":[70,1310,29,139,71,3016,2,129,1311,1267,463,3017,913,2330],"jetpack_publicize_connections":[],"jetpack_featured_media_url":"","jetpack_shortlink":"https:\/\/wp.me\/p3bBgS-33u","jetpack_sharing_enabled":true,"jetpack_likes_enabled":true,"_links":{"self":[{"href":"http:\/\/delamanodemaria.com\/index.php?rest_route=\/wp\/v2\/posts\/11748"}],"collection":[{"href":"http:\/\/delamanodemaria.com\/index.php?rest_route=\/wp\/v2\/posts"}],"about":[{"href":"http:\/\/delamanodemaria.com\/index.php?rest_route=\/wp\/v2\/types\/post"}],"author":[{"embeddable":true,"href":"http:\/\/delamanodemaria.com\/index.php?rest_route=\/wp\/v2\/users\/1"}],"replies":[{"embeddable":true,"href":"http:\/\/delamanodemaria.com\/index.php?rest_route=%2Fwp%2Fv2%2Fcomments&post=11748"}],"version-history":[{"count":2,"href":"http:\/\/delamanodemaria.com\/index.php?rest_route=\/wp\/v2\/posts\/11748\/revisions"}],"predecessor-version":[{"id":11751,"href":"http:\/\/delamanodemaria.com\/index.php?rest_route=\/wp\/v2\/posts\/11748\/revisions\/11751"}],"wp:attachment":[{"href":"http:\/\/delamanodemaria.com\/index.php?rest_route=%2Fwp%2Fv2%2Fmedia&parent=11748"}],"wp:term":[{"taxonomy":"category","embeddable":true,"href":"http:\/\/delamanodemaria.com\/index.php?rest_route=%2Fwp%2Fv2%2Fcategories&post=11748"},{"taxonomy":"post_tag","embeddable":true,"href":"http:\/\/delamanodemaria.com\/index.php?rest_route=%2Fwp%2Fv2%2Ftags&post=11748"}],"curies":[{"name":"wp","href":"https:\/\/api.w.org\/{rel}","templated":true}]}}