{"id":11867,"date":"2019-07-02T14:49:40","date_gmt":"2019-07-02T18:49:40","guid":{"rendered":"http:\/\/delamanodemaria.com\/?p=11867"},"modified":"2019-07-02T14:49:48","modified_gmt":"2019-07-02T18:49:48","slug":"como-murio-la-virgen-maria-asi-fue-su-ultimo-dia-en-la-tierra-antes-de-su-asuncion","status":"publish","type":"post","link":"http:\/\/delamanodemaria.com\/?p=11867","title":{"rendered":"\u00bfC\u00f3mo \u201cmuri\u00f3\u201d la Virgen Mar\u00eda? As\u00ed fue su \u00faltimo d\u00eda en la tierra antes de su Asunci\u00f3n"},"content":{"rendered":"\n<figure class=\"wp-block-image\"><img decoding=\"async\" loading=\"lazy\" width=\"700\" height=\"365\" src=\"http:\/\/delamanodemaria.com\/wp-content\/uploads\/2019\/07\/Dormici\u00f3n.jpg\" alt=\"\" class=\"wp-image-11868\" srcset=\"http:\/\/delamanodemaria.com\/wp-content\/uploads\/2019\/07\/Dormici\u00f3n.jpg 700w, http:\/\/delamanodemaria.com\/wp-content\/uploads\/2019\/07\/Dormici\u00f3n-300x156.jpg 300w, http:\/\/delamanodemaria.com\/wp-content\/uploads\/2019\/07\/Dormici\u00f3n-500x261.jpg 500w\" sizes=\"(max-width: 700px) 100vw, 700px\" \/><\/figure>\n\n\n\n<p>El dogma de la Asunci\u00f3n, proclamado por el Papa P\u00edo XII en 1950, no afirma ni niega la muerte de la Virgen Mar\u00eda.<\/p>\n\n\n\n<p>Sostiene que \u201cla Inmaculada Madre de Dios, siempre Virgen Mar\u00eda,<strong>&nbsp;terminado el curso de su vida terrena<\/strong>&nbsp;fue asunta en cuerpo y alma a la gloria celestial\u201d.<\/p>\n\n\n\n<h4 class=\"wp-block-heading\"><strong>Un debate antiguo<\/strong><\/h4>\n\n\n\n<p>Te\u00f3logos y santos tuvieron opiniones divididas sobre la muerte de la Virgen Mar\u00eda, la mujer m\u00e1s humilde y privilegiada de todos los tiempos.<\/p>\n\n\n\n<p>Durante 9 meses llev\u00f3 en su vientre a Jesucristo, lo vio crecer, fue testigo de sus tres a\u00f1os de predicaci\u00f3n y, a pesar de que sufri\u00f3 como nadie al verlo morir en la Cruz, tambi\u00e9n tuvo el mayor gozo de todos al verlo resucitado.<\/p>\n\n\n\n<p>Sin embargo, muchos se preguntan qu\u00e9 pas\u00f3 con ella despu\u00e9s de la vida p\u00fablica de Jes\u00fas. Lo \u00faltimo que nos cuenta la Biblia acerca de ella es que estaba con los ap\u00f3stoles el d\u00eda que el Esp\u00edritu Santo descendi\u00f3 sobre la Iglesia en forma de lenguas de fuego. Sin embargo, \u00bfqu\u00e9 pas\u00f3 despu\u00e9s?<\/p>\n\n\n\n<h4 class=\"wp-block-heading\"><strong>Respuesta a la pregunta seg\u00fan San Juan Damasceno<\/strong><\/h4>\n\n\n\n<p>Tal vez el relato m\u00e1s hermoso y conocido es el de San Juan Damasceno, un gran santo y Doctor de la Iglesia. \u00c9l apoy\u00f3 la teor\u00eda de la muerte de Mar\u00eda y as\u00ed la narr\u00f3:<\/p>\n\n\n\n<p>\u201cLa Madre de Dios no muri\u00f3 de enfermedad, porque ella por no tener pecado original no ten\u00eda que recibir el castigo de la enfermedad. \u00a0Ella no muri\u00f3 de ancianidad, porque no ten\u00eda por qu\u00e9 envejecer, ya que a ella no le llegaba el castigo del pecado de los primeros padres: envejecer y acabarse por debilidad.\u00a0<strong>Ella muri\u00f3 de amor. \u00a0Era tanto el deseo de irse al cielo donde estaba su Hijo, que este amor la hizo morir.<\/strong><\/p>\n\n\n\n<p>Continuar leyendo:  <br><a href=\"https:\/\/es.churchpop.com\/2018\/08\/15\/asi-fue-el-ultimo-dia-de-la-virgen-maria-en-la-tierra-antes-de-su-asuncion\/?fbclid=IwAR0DJQR0kxempUGMHx88AecO4JVcjOQcwAoMaPRaaf-TdBt-a0S4WvUz0CQ\" target=\"_blank\" rel=\"noreferrer noopener\" aria-label=\"https:\/\/es.churchpop.com\/2018\/08\/15\/asi-fue-el-ultimo-dia-de-la-virgen-maria-en-la-tierra-antes-de-su-asuncion\/?fbclid=IwAR0DJQR0kxempUGMHx88AecO4JVcjOQcwAoMaPRaaf-TdBt-a0S4WvUz0CQ  (opens in a new tab)\">https:\/\/es.churchpop.com\/2018\/08\/15\/asi-fue-el-ultimo-dia-de-la-virgen-maria-en-la-tierra-antes-de-su-asuncion\/?fbclid=IwAR0DJQR0kxempUGMHx88AecO4JVcjOQcwAoMaPRaaf-TdBt-a0S4WvUz0CQ <\/a><\/p>\n<div style=\"padding-bottom:20px; padding-top:10px;\" class=\"hupso-share-buttons\"><!-- Hupso Share Buttons - https:\/\/www.hupso.com\/share\/ --><a class=\"hupso_toolbar\" href=\"https:\/\/www.hupso.com\/share\/\"><img src=\"http:\/\/static.hupso.com\/share\/buttons\/lang\/es\/share-medium.png\" style=\"border:0px; padding-top: 5px; float:left;\" alt=\"Share Button\"\/><\/a><script type=\"text\/javascript\">var hupso_services_t=new Array(\"Twitter\",\"Facebook\",\"Google Plus\",\"Pinterest\",\"Linkedin\",\"Email\",\"Print\");var hupso_background_t=\"#EAF4FF\";var hupso_border_t=\"#66CCFF\";var hupso_toolbar_size_t=\"medium\";var hupso_image_folder_url = \"\";var hupso_twitter_via=\"hectorops\";var hupso_url_t=\"\";var hupso_title_t=\"%C2%BFC%C3%B3mo%20%E2%80%9Cmuri%C3%B3%E2%80%9D%20la%20Virgen%20Mar%C3%ADa%3F%20As%C3%AD%20fue%20su%20%C3%BAltimo%20d%C3%ADa%20en%20la%20tierra%20antes%20de%20su%20Asunci%C3%B3n\";<\/script><script type=\"text\/javascript\" src=\"http:\/\/static.hupso.com\/share\/js\/share_toolbar.js\"><\/script><!-- Hupso Share Buttons --><\/div>","protected":false},"excerpt":{"rendered":"<p>El dogma de la Asunci\u00f3n, proclamado por el Papa P\u00edo XII en 1950, no afirma ni niega la muerte de la Virgen Mar\u00eda. Sostiene que \u201cla Inmaculada Madre de Dios, siempre Virgen Mar\u00eda,&nbsp;terminado el curso de su vida terrena&nbsp;fue asunta &hellip; <a href=\"http:\/\/delamanodemaria.com\/?p=11867\">Continue reading <span class=\"meta-nav\">&rarr;<\/span><\/a><\/p>\n<div style=\"padding-bottom:20px; padding-top:10px;\" class=\"hupso-share-buttons\"><!-- Hupso Share Buttons - https:\/\/www.hupso.com\/share\/ --><a class=\"hupso_toolbar\" href=\"https:\/\/www.hupso.com\/share\/\"><img src=\"http:\/\/static.hupso.com\/share\/buttons\/lang\/es\/share-medium.png\" style=\"border:0px; padding-top: 5px; float:left;\" alt=\"Share Button\"\/><\/a><script type=\"text\/javascript\">var hupso_services_t=new Array(\"Twitter\",\"Facebook\",\"Google Plus\",\"Pinterest\",\"Linkedin\",\"Email\",\"Print\");var hupso_background_t=\"#EAF4FF\";var hupso_border_t=\"#66CCFF\";var hupso_toolbar_size_t=\"medium\";var hupso_image_folder_url = \"\";var hupso_twitter_via=\"hectorops\";var hupso_url_t=\"\";var hupso_title_t=\"%C2%BFC%C3%B3mo%20%E2%80%9Cmuri%C3%B3%E2%80%9D%20la%20Virgen%20Mar%C3%ADa%3F%20As%C3%AD%20fue%20su%20%C3%BAltimo%20d%C3%ADa%20en%20la%20tierra%20antes%20de%20su%20Asunci%C3%B3n\";<\/script><script type=\"text\/javascript\" src=\"http:\/\/static.hupso.com\/share\/js\/share_toolbar.js\"><\/script><!-- Hupso Share Buttons --><\/div>","protected":false},"author":1,"featured_media":11868,"comment_status":"open","ping_status":"open","sticky":false,"template":"","format":"standard","meta":{"jetpack_post_was_ever_published":false,"_jetpack_newsletter_access":"","_jetpack_newsletter_tier_id":0,"jetpack_publicize_message":"","jetpack_is_tweetstorm":false,"jetpack_publicize_feature_enabled":true,"jetpack_social_post_already_shared":true,"jetpack_social_options":{"image_generator_settings":{"template":"highway","enabled":false}}},"categories":[1],"tags":[101,2673,429,1946,181,2,3074,3073,135],"jetpack_publicize_connections":[],"jetpack_featured_media_url":"http:\/\/delamanodemaria.com\/wp-content\/uploads\/2019\/07\/Dormici\u00f3n.jpg","jetpack_shortlink":"https:\/\/wp.me\/p3bBgS-35p","jetpack_sharing_enabled":true,"jetpack_likes_enabled":true,"_links":{"self":[{"href":"http:\/\/delamanodemaria.com\/index.php?rest_route=\/wp\/v2\/posts\/11867"}],"collection":[{"href":"http:\/\/delamanodemaria.com\/index.php?rest_route=\/wp\/v2\/posts"}],"about":[{"href":"http:\/\/delamanodemaria.com\/index.php?rest_route=\/wp\/v2\/types\/post"}],"author":[{"embeddable":true,"href":"http:\/\/delamanodemaria.com\/index.php?rest_route=\/wp\/v2\/users\/1"}],"replies":[{"embeddable":true,"href":"http:\/\/delamanodemaria.com\/index.php?rest_route=%2Fwp%2Fv2%2Fcomments&post=11867"}],"version-history":[{"count":1,"href":"http:\/\/delamanodemaria.com\/index.php?rest_route=\/wp\/v2\/posts\/11867\/revisions"}],"predecessor-version":[{"id":11869,"href":"http:\/\/delamanodemaria.com\/index.php?rest_route=\/wp\/v2\/posts\/11867\/revisions\/11869"}],"wp:featuredmedia":[{"embeddable":true,"href":"http:\/\/delamanodemaria.com\/index.php?rest_route=\/wp\/v2\/media\/11868"}],"wp:attachment":[{"href":"http:\/\/delamanodemaria.com\/index.php?rest_route=%2Fwp%2Fv2%2Fmedia&parent=11867"}],"wp:term":[{"taxonomy":"category","embeddable":true,"href":"http:\/\/delamanodemaria.com\/index.php?rest_route=%2Fwp%2Fv2%2Fcategories&post=11867"},{"taxonomy":"post_tag","embeddable":true,"href":"http:\/\/delamanodemaria.com\/index.php?rest_route=%2Fwp%2Fv2%2Ftags&post=11867"}],"curies":[{"name":"wp","href":"https:\/\/api.w.org\/{rel}","templated":true}]}}