{"id":11947,"date":"2019-07-18T21:09:33","date_gmt":"2019-07-19T01:09:33","guid":{"rendered":"http:\/\/delamanodemaria.com\/?p=11947"},"modified":"2019-07-18T21:09:41","modified_gmt":"2019-07-19T01:09:41","slug":"reflexion-para-el-viernes-de-la-decimoquinta-semana-del-t-o-1-19-07-19","status":"publish","type":"post","link":"http:\/\/delamanodemaria.com\/?p=11947","title":{"rendered":"REFLEXI\u00d3N PARA EL VIERNES DE LA DECIMOQUINTA SEMANA DEL T.O. (1) 19-07-19"},"content":{"rendered":"\n<figure class=\"wp-block-image\"><img decoding=\"async\" loading=\"lazy\" width=\"600\" height=\"310\" src=\"http:\/\/delamanodemaria.com\/wp-content\/uploads\/2016\/09\/disc\u00edpulos-arrancando-espigas.jpg\" alt=\"\" class=\"wp-image-7634\" srcset=\"http:\/\/delamanodemaria.com\/wp-content\/uploads\/2016\/09\/disc\u00edpulos-arrancando-espigas.jpg 600w, http:\/\/delamanodemaria.com\/wp-content\/uploads\/2016\/09\/disc\u00edpulos-arrancando-espigas-300x155.jpg 300w, http:\/\/delamanodemaria.com\/wp-content\/uploads\/2016\/09\/disc\u00edpulos-arrancando-espigas-500x258.jpg 500w\" sizes=\"(max-width: 600px) 100vw, 600px\" \/><\/figure>\n\n\n\n<p>La primera lectura de hoy (Ex 11,10-12.14) nos\nnarra la instituci\u00f3n de la cena pascual, tal y como la celebran todav\u00eda hoy los\njud\u00edos. Esta cena se celebra en la antesala del hecho liberador m\u00e1s\nsignificativo en la historia del pueblo jud\u00edo, la salida de Egipto de vuelta a\nla tierra de donde hab\u00edan salido en tiempos de Jos\u00e9. Comienza el \u00e9xodo.<\/p>\n\n\n\n<p>Este es uno de esos eventos que, por ser obra\nde Dios, se convirti\u00f3 en \u201cmemorial\u201d (<em>zikkaron<\/em>)\npara el pueblo jud\u00edo. De hecho, la <em>Mishn\u00e1<\/em>\ndispone que, al celebrar la Pascua, cada jud\u00edo se considera que \u00e9l mismo (no\nsus antepasados) fue liberado de la esclavitud en Egipto. Jes\u00fas, que era jud\u00edo\ny celebr\u00f3 muchas cenas pascuales, ech\u00f3 mano de ese concepto de <em>zikkaron<\/em> al instituir la Eucarist\u00eda en la\n\u00faltima cena, que se da en el contexto de la cena pascual, e instituy\u00f3 el pan y\nel vino como <em>zikkaron <\/em>de su Pasi\u00f3n:\n\u201cHaced esto en memoria m\u00eda\u201d.<\/p>\n\n\n\n<p>En el pasaje que nos presenta el relato\nevang\u00e9lico de hoy (Mt 12,1-8), vemos c\u00f3mo los fariseos, movidos por la rabia,\nproducto de la envidia y el temor que les produce el mensaje de Jes\u00fas, acusan a\nsus disc\u00edpulos de violar el \u201cs\u00e1bado\u201d, que m\u00e1s que una ley o un precepto, se\nhab\u00eda convertido en una pesada carga que ni los mismos sacerdotes y fariseos estaban\ndispuestos a llevar (Mt 23,4; Lc 11,46). Hacen lo que nosotros mismos hacemos\nmuchas veces cuando queremos criticar a alguien: nos ponemos en vela a esperar\nel m\u00e1s m\u00ednimo \u201cresbal\u00f3n\u201d para levantar el dedo acusador. Miramos la paja en el\nojo ajeno y no vemos la viga en el nuestro (Lc 6,41).<\/p>\n\n\n\n<p>Debemos recordar que la prohibici\u00f3n de\narrancar espigas en s\u00e1bado no es una prescripci\u00f3n de la ley propiamente, sino\nuna de esas reglas creadas por los fariseos y contenidas en la <em>Mitzv\u00e1<\/em>, que enumera las actividades \u201cprohibidas\u201d\nen s\u00e1bado.<\/p>\n\n\n\n<p>Ya anteriormente, cuando los disc\u00edpulos de\nJuan le cuestionaron a Jes\u00fas por qu\u00e9 ellos y los fariseos ayunaban y sus\ndisc\u00edpulos no lo hac\u00edan, \u00c9l les hab\u00eda contestado: \u201c\u00bfPueden acaso los invitados\nde la boda ponerse tristes mientras el novio est\u00e1 con ellos? D\u00edas vendr\u00e1n en\nque les ser\u00e1 arrebatado el novio; entonces ayunar\u00e1n\u201d (Mt 9,15). En la versi\u00f3n\nde este pasaje en Marcos, Jes\u00fas a\u00f1ade: \u201cEl s\u00e1bado ha sido instituido para el\nhombre y no el hombre para el s\u00e1bado\u201d (Mc 2,27). Esta \u00faltima frase cobra\nsentido con la aseveraci\u00f3n de Jes\u00fas: \u201cSi comprendierais lo que significa \u2018quiero\nmisericordia y no sacrificio\u2019, no condenar\u00edais a los que no tienen culpa\u201d.<\/p>\n\n\n\n<p>Jes\u00fas est\u00e1 siendo consistente con su serm\u00f3n de\nla monta\u00f1a, con la nueva \u201cLey del amor\u201d recogida en las Bienaventuranzas (Mt 5);\npor eso se declara \u201cSe\u00f1or del s\u00e1bado\u201d. Las reglas del s\u00e1bado, producto de los\nhombres, tienen que ceder ante las necesidades y obligaciones que nacen del Amor,\nque es la esencia misma de Dios.<\/p>\n\n\n\n<p>Por eso, cuando nos acerquemos a servir a\nDios, tengamos presente que el servicio de Dios no puede contradecir el amor y\nla misericordia que tenemos que mostrar a nuestro pr\u00f3jimo: \u201cLo que hiciereis a\nuno de estos hermanos m\u00edos m\u00e1s peque\u00f1os, a m\u00ed me lo hac\u00e9is\u201d (Mt 25,40).<\/p>\n\n\n\n<p>Eso es lo hermoso del evangelio; podr\u00e1 haber\nalgunas inconsistencias en las narraciones, seg\u00fan cada evangelista, pero el\nmensaje de Jes\u00fas es consistente, es la Verdad que nos conduce al Padre.<\/p>\n<div style=\"padding-bottom:20px; padding-top:10px;\" class=\"hupso-share-buttons\"><!-- Hupso Share Buttons - https:\/\/www.hupso.com\/share\/ --><a class=\"hupso_toolbar\" href=\"https:\/\/www.hupso.com\/share\/\"><img src=\"http:\/\/static.hupso.com\/share\/buttons\/lang\/es\/share-medium.png\" style=\"border:0px; padding-top: 5px; float:left;\" alt=\"Share Button\"\/><\/a><script type=\"text\/javascript\">var hupso_services_t=new Array(\"Twitter\",\"Facebook\",\"Google Plus\",\"Pinterest\",\"Linkedin\",\"Email\",\"Print\");var hupso_background_t=\"#EAF4FF\";var hupso_border_t=\"#66CCFF\";var hupso_toolbar_size_t=\"medium\";var hupso_image_folder_url = \"\";var hupso_twitter_via=\"hectorops\";var hupso_url_t=\"\";var hupso_title_t=\"REFLEXI%C3%93N%20PARA%20EL%20VIERNES%20DE%20LA%20DECIMOQUINTA%20SEMANA%20DEL%20T.O.%20%281%29%2019-07-19\";<\/script><script type=\"text\/javascript\" src=\"http:\/\/static.hupso.com\/share\/js\/share_toolbar.js\"><\/script><!-- Hupso Share Buttons --><\/div>","protected":false},"excerpt":{"rendered":"<p>La primera lectura de hoy (Ex 11,10-12.14) nos narra la instituci\u00f3n de la cena pascual, tal y como la celebran todav\u00eda hoy los jud\u00edos. Esta cena se celebra en la antesala del hecho liberador m\u00e1s significativo en la historia del &hellip; <a href=\"http:\/\/delamanodemaria.com\/?p=11947\">Continue reading <span class=\"meta-nav\">&rarr;<\/span><\/a><\/p>\n<div style=\"padding-bottom:20px; padding-top:10px;\" class=\"hupso-share-buttons\"><!-- Hupso Share Buttons - https:\/\/www.hupso.com\/share\/ --><a class=\"hupso_toolbar\" href=\"https:\/\/www.hupso.com\/share\/\"><img src=\"http:\/\/static.hupso.com\/share\/buttons\/lang\/es\/share-medium.png\" style=\"border:0px; padding-top: 5px; float:left;\" alt=\"Share Button\"\/><\/a><script type=\"text\/javascript\">var hupso_services_t=new Array(\"Twitter\",\"Facebook\",\"Google Plus\",\"Pinterest\",\"Linkedin\",\"Email\",\"Print\");var hupso_background_t=\"#EAF4FF\";var hupso_border_t=\"#66CCFF\";var hupso_toolbar_size_t=\"medium\";var hupso_image_folder_url = \"\";var hupso_twitter_via=\"hectorops\";var hupso_url_t=\"\";var hupso_title_t=\"REFLEXI%C3%93N%20PARA%20EL%20VIERNES%20DE%20LA%20DECIMOQUINTA%20SEMANA%20DEL%20T.O.%20%281%29%2019-07-19\";<\/script><script type=\"text\/javascript\" src=\"http:\/\/static.hupso.com\/share\/js\/share_toolbar.js\"><\/script><!-- Hupso Share Buttons --><\/div>","protected":false},"author":1,"featured_media":7634,"comment_status":"open","ping_status":"open","sticky":false,"template":"","format":"standard","meta":{"jetpack_post_was_ever_published":false,"_jetpack_newsletter_access":"","_jetpack_newsletter_tier_id":0,"jetpack_publicize_message":"","jetpack_is_tweetstorm":false,"jetpack_publicize_feature_enabled":true,"jetpack_social_post_already_shared":true,"jetpack_social_options":{"image_generator_settings":{"template":"highway","enabled":false}}},"categories":[1],"tags":[765,982,2937,229,502,428,356,48,228,176,3099,2,277,722,36,981],"jetpack_publicize_connections":[],"jetpack_featured_media_url":"http:\/\/delamanodemaria.com\/wp-content\/uploads\/2016\/09\/disc\u00edpulos-arrancando-espigas.jpg","jetpack_shortlink":"https:\/\/wp.me\/p3bBgS-36H","jetpack_sharing_enabled":true,"jetpack_likes_enabled":true,"_links":{"self":[{"href":"http:\/\/delamanodemaria.com\/index.php?rest_route=\/wp\/v2\/posts\/11947"}],"collection":[{"href":"http:\/\/delamanodemaria.com\/index.php?rest_route=\/wp\/v2\/posts"}],"about":[{"href":"http:\/\/delamanodemaria.com\/index.php?rest_route=\/wp\/v2\/types\/post"}],"author":[{"embeddable":true,"href":"http:\/\/delamanodemaria.com\/index.php?rest_route=\/wp\/v2\/users\/1"}],"replies":[{"embeddable":true,"href":"http:\/\/delamanodemaria.com\/index.php?rest_route=%2Fwp%2Fv2%2Fcomments&post=11947"}],"version-history":[{"count":1,"href":"http:\/\/delamanodemaria.com\/index.php?rest_route=\/wp\/v2\/posts\/11947\/revisions"}],"predecessor-version":[{"id":11948,"href":"http:\/\/delamanodemaria.com\/index.php?rest_route=\/wp\/v2\/posts\/11947\/revisions\/11948"}],"wp:featuredmedia":[{"embeddable":true,"href":"http:\/\/delamanodemaria.com\/index.php?rest_route=\/wp\/v2\/media\/7634"}],"wp:attachment":[{"href":"http:\/\/delamanodemaria.com\/index.php?rest_route=%2Fwp%2Fv2%2Fmedia&parent=11947"}],"wp:term":[{"taxonomy":"category","embeddable":true,"href":"http:\/\/delamanodemaria.com\/index.php?rest_route=%2Fwp%2Fv2%2Fcategories&post=11947"},{"taxonomy":"post_tag","embeddable":true,"href":"http:\/\/delamanodemaria.com\/index.php?rest_route=%2Fwp%2Fv2%2Ftags&post=11947"}],"curies":[{"name":"wp","href":"https:\/\/api.w.org\/{rel}","templated":true}]}}