{"id":11949,"date":"2019-07-19T16:35:47","date_gmt":"2019-07-19T20:35:47","guid":{"rendered":"http:\/\/delamanodemaria.com\/?p=11949"},"modified":"2019-07-19T16:35:54","modified_gmt":"2019-07-19T20:35:54","slug":"reflexion-para-el-sabado-de-la-decimoquinta-semana-del-t-o-1-20-07-19","status":"publish","type":"post","link":"http:\/\/delamanodemaria.com\/?p=11949","title":{"rendered":"REFLEXI\u00d3N PARA EL S\u00c1BADO DE LA DECIMOQUINTA SEMANA DEL T.O. (1) 20-07-19"},"content":{"rendered":"\n<figure class=\"wp-block-image\"><img decoding=\"async\" loading=\"lazy\" width=\"582\" height=\"270\" src=\"http:\/\/delamanodemaria.com\/wp-content\/uploads\/2019\/07\/el-pabilo-vacilante-no-lo-apagar\u00e1.jpg\" alt=\"\" class=\"wp-image-11951\" srcset=\"http:\/\/delamanodemaria.com\/wp-content\/uploads\/2019\/07\/el-pabilo-vacilante-no-lo-apagar\u00e1.jpg 582w, http:\/\/delamanodemaria.com\/wp-content\/uploads\/2019\/07\/el-pabilo-vacilante-no-lo-apagar\u00e1-300x139.jpg 300w, http:\/\/delamanodemaria.com\/wp-content\/uploads\/2019\/07\/el-pabilo-vacilante-no-lo-apagar\u00e1-500x232.jpg 500w\" sizes=\"(max-width: 582px) 100vw, 582px\" \/><figcaption>&#8220;&#8230;el p\u00e1bilo vacilante no lo apagar\u00e1\u201d.  <\/figcaption><\/figure>\n\n\n\n<p>\u201cLa estancia de los israelitas en Egipto dur\u00f3\ncuatrocientos treinta a\u00f1os. Cumplidos los cuatrocientos treinta a\u00f1os, el mismo\nd\u00eda, salieron de Egipto las legiones del Se\u00f1or. Noche en que vel\u00f3 el Se\u00f1or para\nsacarlos de Egipto: noche de vela para los israelitas por todas las\ngeneraciones\u201d. As\u00ed concluye la primera lectura de hoy (Ex 12,37-42). Esa noche\nfue de vigilia para el pueblo jud\u00edo. La noche de su liberaci\u00f3n. Asimismo la\nvigilia pascual ser\u00e1 para nosotros la noche de nuestra liberaci\u00f3n de las cadenas\nde la muerte que nos hab\u00edan mantenido esclavizados. \u00a1Jes\u00fas vive! Y con su\nresurrecci\u00f3n nos abri\u00f3 el camino a la vida eterna.<\/p>\n\n\n\n<p>La lectura evang\u00e9lica (Mt 12, 14-21) es\nsecuela del que le\u00edamos ayer sobre las espigas arrancadas en s\u00e1bado por los\ndisc\u00edpulos de Jes\u00fas. Recordaremos que al final del pasaje Jes\u00fas se hab\u00eda\nproclamado \u201cSe\u00f1or del s\u00e1bado\u201d ante la rabia de los fariseos. Pero lo que colm\u00f3\nla copa fue que de all\u00ed se fue a la sinagoga y cur\u00f3 a un hombre que ten\u00eda la\nmano paralizada. Es decir \u201cviol\u00f3\u201d el s\u00e1bado haciendo una curaci\u00f3n, y \u00a1en plena\nsinagoga! (12,9-13). A pesar de las explicaciones de Jes\u00fas a los efectos de que\nes l\u00edcito hacer el bien a un ser humano incluso en s\u00e1bado, los fariseos\ncomienzan a tramar la forma de eliminarle. Jes\u00fas se marcha inmediatamente y\ncontin\u00faa curando enfermos y expulsando demonios, pidiendo a todos que no\nrevelaran su paradero.<\/p>\n\n\n\n<p>Aunque Marcos narra tambi\u00e9n el episodio de la partida\nde Jes\u00fas de forma bien abreviada (Mc 1,35-39), Mateo lo narra con mayor\ndetalle, enfatizando la curaci\u00f3n en la sinagoga en s\u00e1bado, y citando al profeta\nIsa\u00edas (Is 42,1-4). Recordemos que Mateo escribe su evangelio para los jud\u00edos\nde Palestina convertidos al cristianismo, con el prop\u00f3sito de probar que Jes\u00fas\nes el Mes\u00edas esperado, ya que el \u00c9l se cumplen todas las profec\u00edas del Antiguo\nTestamento. De ah\u00ed que preceda la cita de Isa\u00edas con la frase \u201cas\u00ed se cumpli\u00f3\nlo que dijo el profeta\u201d, frase que Mateo repite en numerosas ocasiones a lo\nlargo de su relato evang\u00e9lico.<\/p>\n\n\n\n<p>\u201cNo porfiar\u00e1, no gritar\u00e1, no vocear\u00e1 por las\ncalles. La ca\u00f1a cascada no la quebrar\u00e1, el p\u00e1bilo vacilante no lo apagar\u00e1\u201d, nos\ndice la profec\u00eda de Isa\u00edas citada por Mateo. De esta manera el evangelista\njustifica la \u201chuida\u201d de Jes\u00fas. Nos est\u00e1 diciendo que Jes\u00fas no se escondi\u00f3 por\nmiedo ni cobard\u00eda, ni por sentirse fracasado. En la huida de Jes\u00fas vemos el\ncumplimiento de la profec\u00eda. El Mes\u00edas vino a implantar el derecho y la\njusticia, pero no con espadas ni con ej\u00e9rcitos, sino desde la debilidad. La\n\u201crevoluci\u00f3n\u201d que Jes\u00fas vino a traer es una que se da en el interior de las\npersonas, no en las instituciones de su \u00e9poca. Por eso a Dios le encanta usar a\nlos d\u00e9biles (Cfr. 2 Cor 12,9; 13,4); as\u00ed manifiesta su gloria para que todos\ncrean.<\/p>\n\n\n\n<p>Todos tenemos nuestras debilidades y defectos.\nAun as\u00ed Dios nos est\u00e1 llamando a servirle. No miremos nuestra peque\u00f1ez, nuestra\ndebilidad; miremos su Poder. Una vez m\u00e1s te invito a decir con Mar\u00eda: \u201cH\u00e1gase\nen m\u00ed seg\u00fan tu Palabra\u201d.<\/p>\n\n\n\n<p>Que pasen un hermoso fin de semana en la PAZ\ndel Se\u00f1or, sin olvidarse de dar una vueltita por la Casa del Padre para\ndecirle: \u201cAqu\u00ed estoy; dime Se\u00f1or qu\u00e9 quieres de m\u00ed\u201d.<\/p>\n<div style=\"padding-bottom:20px; padding-top:10px;\" class=\"hupso-share-buttons\"><!-- Hupso Share Buttons - https:\/\/www.hupso.com\/share\/ --><a class=\"hupso_toolbar\" href=\"https:\/\/www.hupso.com\/share\/\"><img src=\"http:\/\/static.hupso.com\/share\/buttons\/lang\/es\/share-medium.png\" style=\"border:0px; padding-top: 5px; float:left;\" alt=\"Share Button\"\/><\/a><script type=\"text\/javascript\">var hupso_services_t=new Array(\"Twitter\",\"Facebook\",\"Google Plus\",\"Pinterest\",\"Linkedin\",\"Email\",\"Print\");var hupso_background_t=\"#EAF4FF\";var hupso_border_t=\"#66CCFF\";var hupso_toolbar_size_t=\"medium\";var hupso_image_folder_url = \"\";var hupso_twitter_via=\"hectorops\";var hupso_url_t=\"\";var hupso_title_t=\"REFLEXI%C3%93N%20PARA%20EL%20S%C3%81BADO%20DE%20LA%20DECIMOQUINTA%20SEMANA%20DEL%20T.O.%20%281%29%2020-07-19\";<\/script><script type=\"text\/javascript\" src=\"http:\/\/static.hupso.com\/share\/js\/share_toolbar.js\"><\/script><!-- Hupso Share Buttons --><\/div>","protected":false},"excerpt":{"rendered":"<p>\u201cLa estancia de los israelitas en Egipto dur\u00f3 cuatrocientos treinta a\u00f1os. Cumplidos los cuatrocientos treinta a\u00f1os, el mismo d\u00eda, salieron de Egipto las legiones del Se\u00f1or. Noche en que vel\u00f3 el Se\u00f1or para sacarlos de Egipto: noche de vela para &hellip; <a href=\"http:\/\/delamanodemaria.com\/?p=11949\">Continue reading <span class=\"meta-nav\">&rarr;<\/span><\/a><\/p>\n<div style=\"padding-bottom:20px; padding-top:10px;\" class=\"hupso-share-buttons\"><!-- Hupso Share Buttons - https:\/\/www.hupso.com\/share\/ --><a class=\"hupso_toolbar\" href=\"https:\/\/www.hupso.com\/share\/\"><img src=\"http:\/\/static.hupso.com\/share\/buttons\/lang\/es\/share-medium.png\" style=\"border:0px; padding-top: 5px; float:left;\" alt=\"Share Button\"\/><\/a><script type=\"text\/javascript\">var hupso_services_t=new Array(\"Twitter\",\"Facebook\",\"Google Plus\",\"Pinterest\",\"Linkedin\",\"Email\",\"Print\");var hupso_background_t=\"#EAF4FF\";var hupso_border_t=\"#66CCFF\";var hupso_toolbar_size_t=\"medium\";var hupso_image_folder_url = \"\";var hupso_twitter_via=\"hectorops\";var hupso_url_t=\"\";var hupso_title_t=\"REFLEXI%C3%93N%20PARA%20EL%20S%C3%81BADO%20DE%20LA%20DECIMOQUINTA%20SEMANA%20DEL%20T.O.%20%281%29%2020-07-19\";<\/script><script type=\"text\/javascript\" src=\"http:\/\/static.hupso.com\/share\/js\/share_toolbar.js\"><\/script><!-- Hupso Share Buttons --><\/div>","protected":false},"author":1,"featured_media":11951,"comment_status":"open","ping_status":"open","sticky":false,"template":"","format":"standard","meta":{"jetpack_post_was_ever_published":false,"_jetpack_newsletter_access":"","_jetpack_newsletter_tier_id":0,"jetpack_publicize_message":"","jetpack_is_tweetstorm":false,"jetpack_publicize_feature_enabled":true,"jetpack_social_post_already_shared":true,"jetpack_social_options":{"image_generator_settings":{"template":"highway","enabled":false}}},"categories":[1],"tags":[765,302,3103,968,2935,371,3100,3101,356,3102,2,2415,270,58],"jetpack_publicize_connections":[],"jetpack_featured_media_url":"http:\/\/delamanodemaria.com\/wp-content\/uploads\/2019\/07\/el-pabilo-vacilante-no-lo-apagar\u00e1.jpg","jetpack_shortlink":"https:\/\/wp.me\/p3bBgS-36J","jetpack_sharing_enabled":true,"jetpack_likes_enabled":true,"_links":{"self":[{"href":"http:\/\/delamanodemaria.com\/index.php?rest_route=\/wp\/v2\/posts\/11949"}],"collection":[{"href":"http:\/\/delamanodemaria.com\/index.php?rest_route=\/wp\/v2\/posts"}],"about":[{"href":"http:\/\/delamanodemaria.com\/index.php?rest_route=\/wp\/v2\/types\/post"}],"author":[{"embeddable":true,"href":"http:\/\/delamanodemaria.com\/index.php?rest_route=\/wp\/v2\/users\/1"}],"replies":[{"embeddable":true,"href":"http:\/\/delamanodemaria.com\/index.php?rest_route=%2Fwp%2Fv2%2Fcomments&post=11949"}],"version-history":[{"count":2,"href":"http:\/\/delamanodemaria.com\/index.php?rest_route=\/wp\/v2\/posts\/11949\/revisions"}],"predecessor-version":[{"id":11952,"href":"http:\/\/delamanodemaria.com\/index.php?rest_route=\/wp\/v2\/posts\/11949\/revisions\/11952"}],"wp:featuredmedia":[{"embeddable":true,"href":"http:\/\/delamanodemaria.com\/index.php?rest_route=\/wp\/v2\/media\/11951"}],"wp:attachment":[{"href":"http:\/\/delamanodemaria.com\/index.php?rest_route=%2Fwp%2Fv2%2Fmedia&parent=11949"}],"wp:term":[{"taxonomy":"category","embeddable":true,"href":"http:\/\/delamanodemaria.com\/index.php?rest_route=%2Fwp%2Fv2%2Fcategories&post=11949"},{"taxonomy":"post_tag","embeddable":true,"href":"http:\/\/delamanodemaria.com\/index.php?rest_route=%2Fwp%2Fv2%2Ftags&post=11949"}],"curies":[{"name":"wp","href":"https:\/\/api.w.org\/{rel}","templated":true}]}}