{"id":12100,"date":"2019-08-20T19:33:38","date_gmt":"2019-08-20T23:33:38","guid":{"rendered":"http:\/\/delamanodemaria.com\/?p=12100"},"modified":"2019-08-20T19:33:45","modified_gmt":"2019-08-20T23:33:45","slug":"reflexion-para-el-miercoles-de-la-vigesima-semana-del-t-o-1-21-08-19","status":"publish","type":"post","link":"http:\/\/delamanodemaria.com\/?p=12100","title":{"rendered":"REFLEXI\u00d3N PARA EL MI\u00c9RCOLES DE LA VIG\u00c9SIMA SEMANA DEL T.O. (1) 21-08-19"},"content":{"rendered":"\n<div class=\"wp-block-image\"><figure class=\"aligncenter\"><img decoding=\"async\" loading=\"lazy\" width=\"736\" height=\"592\" src=\"http:\/\/delamanodemaria.com\/wp-content\/uploads\/2019\/08\/obreros-de-la-vi\u00f1a.jpg\" alt=\"\" class=\"wp-image-12103\" srcset=\"http:\/\/delamanodemaria.com\/wp-content\/uploads\/2019\/08\/obreros-de-la-vi\u00f1a.jpg 736w, http:\/\/delamanodemaria.com\/wp-content\/uploads\/2019\/08\/obreros-de-la-vi\u00f1a-300x241.jpg 300w, http:\/\/delamanodemaria.com\/wp-content\/uploads\/2019\/08\/obreros-de-la-vi\u00f1a-373x300.jpg 373w\" sizes=\"(max-width: 736px) 100vw, 736px\" \/><\/figure><\/div>\n\n\n\n<p>La lectura evang\u00e9lica que nos ofrece la liturgia para hoy (Mt 20,1-16) pone de manifiesto la misericordia divina, y c\u00f3mo esa misericordia se manifiesta en los que ponen su confianza en \u00c9l. Se trata de la \u201cpar\u00e1bola de los obreros de la vi\u00f1a\u201d. Para entender la ense\u00f1anza detr\u00e1s de esta par\u00e1bola tenemos que analizar detenidamente la conversaci\u00f3n entre el due\u00f1o de la vi\u00f1a y cada grupo de jornaleros, y el salario que \u201cajusta\u201d con cada uno. Veamos.<\/p>\n\n\n\n<p>La par\u00e1bola nos narra la historia del due\u00f1o de\nuna vi\u00f1a que sali\u00f3 a contratar jornaleros para su vi\u00f1a. Fue a la plaza p\u00fablica\ndonde usualmente se congregaban los que buscaban trabajo. Nos dice la par\u00e1bola\nque con los que contrat\u00f3 al amanecer, ajust\u00f3 el salario en un denario por d\u00eda.\nSali\u00f3 por segunda vez a media ma\u00f1ana y contrat\u00f3 a otros que encontr\u00f3 sin\ntrabajo dici\u00e9ndoles: \u201cos pagar\u00e9 lo debido\u201d. Lo mismo hizo al mediod\u00eda y a media\ntarde. Finalmente sali\u00f3 al caer la tarde y encontr\u00f3 a otros que hab\u00edan estado\ntodo el d\u00eda y nadie los hab\u00eda contratado. A estos se limit\u00f3 a decirles: \u201cId\ntambi\u00e9n vosotros a mi vi\u00f1a\u201d.<\/p>\n\n\n\n<p>Podemos ver tres tipos de jornaleros. Con los\nprimeros el due\u00f1o se ajusta en un salario fijo, ha acordado un contrato de\nempleo. Un denario por d\u00eda. Van a trabajar a cambio de una compensaci\u00f3n\nespec\u00edfica. Los que contrat\u00f3 a media ma\u00f1ana, a mediod\u00eda y a media tarde,\nacordaron trabajar por una justa compensaci\u00f3n, es decir, el due\u00f1o de la vi\u00f1a ofreci\u00f3\npagarles \u201clo debido\u201d y ellos fueron a trabajar. Finalmente, los que contrat\u00f3 al\natardecer, ni tan siquiera hablaron de compensaci\u00f3n. Simplemente aceptaron el\nllamado del due\u00f1o: \u201cId tambi\u00e9n vosotros a mi vi\u00f1a\u201d.<\/p>\n\n\n\n<p>Los primeros recibieron el salario que hab\u00edan\nacordado a cambio de su trabajo. Ni un c\u00e9ntimo m\u00e1s ni un c\u00e9ntimo menos. Estos\nnos recuerdan a los fariseos, quienes observaban el fiel \u201ccumplimiento\u201d de la\nLey, y a cambio Dios les \u201cdeb\u00eda\u201d la recompensa del cielo. Tal parecer\u00eda que\npretend\u00edan \u201ccomprar\u201d la salvaci\u00f3n. El cumplimiento interesado de la Ley (me\nrecuerda al \u201cjoven rico\u201d). Esos son los que no comprenden c\u00f3mo es posible que\nlos dem\u00e1s reciban el mismo salario. Sienten que Dios es \u201cinjusto\u201d si les da la\nmisma recompensa a otros que ellos consideran pecadores. Nos recuerdan tambi\u00e9n la\nactitud del fariseo en la par\u00e1bola del fariseo y el publicano (Lc 18,9-14).<\/p>\n\n\n\n<p>El segundo grupo de jornaleros, los que fueron\na trabajar bajo la promesa de que recibir\u00edan \u201clo debido\u201d, confiaron en que el\ndue\u00f1o de la vi\u00f1a habr\u00eda de ser justo con ellos. Estos representan a aquellos\nque se acercan a servir al Se\u00f1or cuando son llamados. Conf\u00edan en la justicia\ndivina, que tiene su ra\u00edz en la misericordia divina, y su confianza es\nrecompensada.<\/p>\n\n\n\n<p>Pero los que m\u00e1s se asemejan al publicano de\nla par\u00e1bola de Lucas son los que fueron contratados ya al final del d\u00eda. Estos\nni tan siquiera hablaron de salario. Se contentaron con trabajar. Y\nprobablemente se sintieron bien por el mero hecho de poder trabajar en lugar de\nestar ociosos. Estos se dieron de coraz\u00f3n, y su esfuerzo y desinter\u00e9s\nresultaron agradables al due\u00f1o de la vi\u00f1a. Asimismo, si te acercas a servir al\nSe\u00f1or por amor, sin inter\u00e9s, aunque sea al final de tu vida, recibir\u00e1s tu justa\nrecompensa: la Vida eterna.<\/p>\n\n\n\n<p>Por eso Jes\u00fas termina refiriendo la ense\u00f1anza\na la vida eterna: \u201cAs\u00ed, los \u00faltimos ser\u00e1n los primeros y los primeros los\n\u00faltimos\u201d. Todav\u00eda est\u00e1s a tiempo.<\/p>\n<div style=\"padding-bottom:20px; padding-top:10px;\" class=\"hupso-share-buttons\"><!-- Hupso Share Buttons - https:\/\/www.hupso.com\/share\/ --><a class=\"hupso_toolbar\" href=\"https:\/\/www.hupso.com\/share\/\"><img src=\"http:\/\/static.hupso.com\/share\/buttons\/lang\/es\/share-medium.png\" style=\"border:0px; padding-top: 5px; float:left;\" alt=\"Share Button\"\/><\/a><script type=\"text\/javascript\">var hupso_services_t=new Array(\"Twitter\",\"Facebook\",\"Google Plus\",\"Pinterest\",\"Linkedin\",\"Email\",\"Print\");var hupso_background_t=\"#EAF4FF\";var hupso_border_t=\"#66CCFF\";var hupso_toolbar_size_t=\"medium\";var hupso_image_folder_url = \"\";var hupso_twitter_via=\"hectorops\";var hupso_url_t=\"\";var hupso_title_t=\"REFLEXI%C3%93N%20PARA%20EL%20MI%C3%89RCOLES%20DE%20LA%20VIG%C3%89SIMA%20SEMANA%20DEL%20T.O.%20%281%29%2021-08-19\";<\/script><script type=\"text\/javascript\" src=\"http:\/\/static.hupso.com\/share\/js\/share_toolbar.js\"><\/script><!-- Hupso Share Buttons --><\/div>","protected":false},"excerpt":{"rendered":"<p>La lectura evang\u00e9lica que nos ofrece la liturgia para hoy (Mt 20,1-16) pone de manifiesto la misericordia divina, y c\u00f3mo esa misericordia se manifiesta en los que ponen su confianza en \u00c9l. Se trata de la \u201cpar\u00e1bola de los obreros &hellip; <a href=\"http:\/\/delamanodemaria.com\/?p=12100\">Continue reading <span class=\"meta-nav\">&rarr;<\/span><\/a><\/p>\n<div style=\"padding-bottom:20px; padding-top:10px;\" class=\"hupso-share-buttons\"><!-- Hupso Share Buttons - https:\/\/www.hupso.com\/share\/ --><a class=\"hupso_toolbar\" href=\"https:\/\/www.hupso.com\/share\/\"><img src=\"http:\/\/static.hupso.com\/share\/buttons\/lang\/es\/share-medium.png\" style=\"border:0px; padding-top: 5px; float:left;\" alt=\"Share Button\"\/><\/a><script type=\"text\/javascript\">var hupso_services_t=new Array(\"Twitter\",\"Facebook\",\"Google Plus\",\"Pinterest\",\"Linkedin\",\"Email\",\"Print\");var hupso_background_t=\"#EAF4FF\";var hupso_border_t=\"#66CCFF\";var hupso_toolbar_size_t=\"medium\";var hupso_image_folder_url = \"\";var hupso_twitter_via=\"hectorops\";var hupso_url_t=\"\";var hupso_title_t=\"REFLEXI%C3%93N%20PARA%20EL%20MI%C3%89RCOLES%20DE%20LA%20VIG%C3%89SIMA%20SEMANA%20DEL%20T.O.%20%281%29%2021-08-19\";<\/script><script type=\"text\/javascript\" src=\"http:\/\/static.hupso.com\/share\/js\/share_toolbar.js\"><\/script><!-- Hupso Share Buttons --><\/div>","protected":false},"author":1,"featured_media":12103,"comment_status":"open","ping_status":"open","sticky":false,"template":"","format":"standard","meta":{"jetpack_post_was_ever_published":false,"_jetpack_newsletter_access":"","_jetpack_newsletter_tier_id":0,"jetpack_publicize_message":"","jetpack_is_tweetstorm":false,"jetpack_publicize_feature_enabled":true,"jetpack_social_post_already_shared":true,"jetpack_social_options":{"image_generator_settings":{"template":"highway","enabled":false}}},"categories":[1],"tags":[765,2355,2935,3181,2041,2025,611,2066,3182,2121,2,87,1808,722,2120,86],"jetpack_publicize_connections":[],"jetpack_featured_media_url":"http:\/\/delamanodemaria.com\/wp-content\/uploads\/2019\/08\/obreros-de-la-vi\u00f1a.jpg","jetpack_shortlink":"https:\/\/wp.me\/p3bBgS-39a","jetpack_sharing_enabled":true,"jetpack_likes_enabled":true,"_links":{"self":[{"href":"http:\/\/delamanodemaria.com\/index.php?rest_route=\/wp\/v2\/posts\/12100"}],"collection":[{"href":"http:\/\/delamanodemaria.com\/index.php?rest_route=\/wp\/v2\/posts"}],"about":[{"href":"http:\/\/delamanodemaria.com\/index.php?rest_route=\/wp\/v2\/types\/post"}],"author":[{"embeddable":true,"href":"http:\/\/delamanodemaria.com\/index.php?rest_route=\/wp\/v2\/users\/1"}],"replies":[{"embeddable":true,"href":"http:\/\/delamanodemaria.com\/index.php?rest_route=%2Fwp%2Fv2%2Fcomments&post=12100"}],"version-history":[{"count":4,"href":"http:\/\/delamanodemaria.com\/index.php?rest_route=\/wp\/v2\/posts\/12100\/revisions"}],"predecessor-version":[{"id":12105,"href":"http:\/\/delamanodemaria.com\/index.php?rest_route=\/wp\/v2\/posts\/12100\/revisions\/12105"}],"wp:featuredmedia":[{"embeddable":true,"href":"http:\/\/delamanodemaria.com\/index.php?rest_route=\/wp\/v2\/media\/12103"}],"wp:attachment":[{"href":"http:\/\/delamanodemaria.com\/index.php?rest_route=%2Fwp%2Fv2%2Fmedia&parent=12100"}],"wp:term":[{"taxonomy":"category","embeddable":true,"href":"http:\/\/delamanodemaria.com\/index.php?rest_route=%2Fwp%2Fv2%2Fcategories&post=12100"},{"taxonomy":"post_tag","embeddable":true,"href":"http:\/\/delamanodemaria.com\/index.php?rest_route=%2Fwp%2Fv2%2Ftags&post=12100"}],"curies":[{"name":"wp","href":"https:\/\/api.w.org\/{rel}","templated":true}]}}