{"id":12234,"date":"2019-09-16T22:37:23","date_gmt":"2019-09-17T02:37:23","guid":{"rendered":"http:\/\/delamanodemaria.com\/?p=12234"},"modified":"2019-09-16T22:38:53","modified_gmt":"2019-09-17T02:38:53","slug":"reflexion-para-el-martes-de-la-vigesimo-cuarta-semana-del-t-o-1-17-08-19","status":"publish","type":"post","link":"http:\/\/delamanodemaria.com\/?p=12234","title":{"rendered":"REFLEXI\u00d3N PARA EL MARTES DE LA VIG\u00c9SIMO CUARTA SEMANA DEL T.O. (1) 17-08-19"},"content":{"rendered":"\n<figure class=\"wp-block-image\"><img decoding=\"async\" loading=\"lazy\" width=\"618\" height=\"309\" src=\"http:\/\/delamanodemaria.com\/wp-content\/uploads\/2019\/09\/El-hijo-de-la-viuda-de-nain.jpg\" alt=\"\" class=\"wp-image-12236\" srcset=\"http:\/\/delamanodemaria.com\/wp-content\/uploads\/2019\/09\/El-hijo-de-la-viuda-de-nain.jpg 618w, http:\/\/delamanodemaria.com\/wp-content\/uploads\/2019\/09\/El-hijo-de-la-viuda-de-nain-300x150.jpg 300w, http:\/\/delamanodemaria.com\/wp-content\/uploads\/2019\/09\/El-hijo-de-la-viuda-de-nain-500x250.jpg 500w\" sizes=\"(max-width: 618px) 100vw, 618px\" \/><figcaption>\u201c\u00a1Joven, yo te lo mando: lev\u00e1ntate!\u201d <\/figcaption><\/figure>\n\n\n\n<p>La liturgia para hoy nos presenta como relato\nevang\u00e9lico (Lc 7,11-17) la reanimaci\u00f3n del hijo de la viuda de Na\u00edn por parte\nde Jes\u00fas.<\/p>\n\n\n\n<p>En este pasaje es producto de uno de los\natributos de Jes\u00fas: la <em>compasi\u00f3n<\/em>.\nRecordemos que en la cultura jud\u00eda una mujer viuda que no tuviera un hombre que\nle diera estatus legal no ten\u00eda derechos, estaba destinada a una vida de\nmiseria. Por tanto, para una mujer viuda perder su \u00fanico hijo era una desgracia\nque iba mucho m\u00e1s all\u00e1 del dolor de la p\u00e9rdida del hijo de sus entra\u00f1as. Por\neso Jes\u00fas le encarg\u00f3 a su Madre, la Virgen Mar\u00eda, al disc\u00edpulo amado al pie de\nla cruz.<\/p>\n\n\n\n<p>El relato nos dice que, al ver a la viuda, Jes\u00fas\n\u201cse compadeci\u00f3 de ella\u201d (una traducci\u00f3n bastante pobre). Conmovido en sus\nentra\u00f1as, decidi\u00f3 devolver la dignidad, la seguridad a aquella pobre mujer.<\/p>\n\n\n\n<p>En el relato se puede apreciar tambi\u00e9n la <em>ternura<\/em>, otro atributo de la\nMisericordia de Dios. El pasaje nos dice que Jes\u00fas se acerc\u00f3 a la viuda y le\ndijo: \u201cNo llores\u201d. No resulta dif\u00edcil visualizar el rostro de ternura que\nacompa\u00f1\u00f3 esas palabras. Imagino que Jes\u00fas pos\u00f3 su mano sobre el hombro de la\nviuda al pronunciar esas palabras. Luego se acerc\u00f3 al ata\u00fad y lo toc\u00f3 (algo\nprohibido en la ley jud\u00eda). \u00a1Cu\u00e1ntas veces en nuestra oraci\u00f3n al estar pasando\nun momento de tristeza sentimos la tierna voz de Jes\u00fas que nos dice: \u201cNo\nllores\u201d! Palabras que son un b\u00e1lsamo para el alma adolorida.<\/p>\n\n\n\n<p>No hay duda de que la revivificaci\u00f3n se\nefect\u00faa por el poder de Dios. Nos narra el Evangelio que al tocar el ata\u00fad Jes\u00fas\ndijo: \u201c\u00a1Joven, yo te lo mando: lev\u00e1ntate!\u201d, e \u201cinmediatamente el que hab\u00eda\nmuerto se levant\u00f3 y comenz\u00f3 a hablar\u201d. Mas Jes\u00fas no se conform\u00f3 con revivificar\nal joven. El pasaje nos dice que \u201cJes\u00fas se lo entreg\u00f3 a su madre\u201d. Lo mismo que\nhar\u00eda meses m\u00e1s tarde con el disc\u00edpulo amado (que nos representa a todos) al pie\nde la Cruz: \u201cMujer, ah\u00ed tienes a tu hijo\u201d (Jn 19,26).<\/p>\n\n\n\n<p>No debemos perder de perspectiva que, en este\ncaso, como en otros, tal como el de L\u00e1zaro, los difuntos fueron reanimados, no\nresucitados. Se trat\u00f3 de una recuperaci\u00f3n temporal de la vida. Eventualmente todos\nmorir\u00edan nuevamente. No ser\u00e1 sino hasta m\u00e1s tarde que Jes\u00fas, con su gloriosa\nResurrecci\u00f3n, nos mostrar\u00e1 el camino a otro tipo de vida a la que todos vamos a\nresucitar para reinar junto a \u00c9l por toda la eternidad (<em>Cfr.<\/em> Ap 22,5).<\/p>\n\n\n\n<p>Otro elemento que queremos resaltar en esta\nper\u00edcopa es que termina con una acci\u00f3n de gracias y alabanza a Dios: \u201cAl ver\nesto, todos se llenaron de temor y comenzaron a glorificar a Dios, diciendo: \u2018Un\ngran Profeta ha surgido entre nosotros. Dios ha visitado a su pueblo\u2019\u201d.<\/p>\n\n\n\n<p>Se\u00f1or,\nT\u00fa que eres Dios de vivos y tienes palabras de vida eterna, compad\u00e9cete de\nnosotros, pecadores, y danos la gracia de ser acreedores a la vida eterna que\nnos has prometido.<\/p>\n<div style=\"padding-bottom:20px; padding-top:10px;\" class=\"hupso-share-buttons\"><!-- Hupso Share Buttons - https:\/\/www.hupso.com\/share\/ --><a class=\"hupso_toolbar\" href=\"https:\/\/www.hupso.com\/share\/\"><img src=\"http:\/\/static.hupso.com\/share\/buttons\/lang\/es\/share-medium.png\" style=\"border:0px; padding-top: 5px; float:left;\" alt=\"Share Button\"\/><\/a><script type=\"text\/javascript\">var hupso_services_t=new Array(\"Twitter\",\"Facebook\",\"Google Plus\",\"Pinterest\",\"Linkedin\",\"Email\",\"Print\");var hupso_background_t=\"#EAF4FF\";var hupso_border_t=\"#66CCFF\";var hupso_toolbar_size_t=\"medium\";var hupso_image_folder_url = \"\";var hupso_twitter_via=\"hectorops\";var hupso_url_t=\"\";var hupso_title_t=\"REFLEXI%C3%93N%20PARA%20EL%20MARTES%20DE%20LA%20VIG%C3%89SIMO%20CUARTA%20SEMANA%20DEL%20T.O.%20%281%29%2017-08-19\";<\/script><script type=\"text\/javascript\" src=\"http:\/\/static.hupso.com\/share\/js\/share_toolbar.js\"><\/script><!-- Hupso Share Buttons --><\/div>","protected":false},"excerpt":{"rendered":"<p>La liturgia para hoy nos presenta como relato evang\u00e9lico (Lc 7,11-17) la reanimaci\u00f3n del hijo de la viuda de Na\u00edn por parte de Jes\u00fas. En este pasaje es producto de uno de los atributos de Jes\u00fas: la compasi\u00f3n. Recordemos que &hellip; <a href=\"http:\/\/delamanodemaria.com\/?p=12234\">Continue reading <span class=\"meta-nav\">&rarr;<\/span><\/a><\/p>\n<div style=\"padding-bottom:20px; padding-top:10px;\" class=\"hupso-share-buttons\"><!-- Hupso Share Buttons - https:\/\/www.hupso.com\/share\/ --><a class=\"hupso_toolbar\" href=\"https:\/\/www.hupso.com\/share\/\"><img src=\"http:\/\/static.hupso.com\/share\/buttons\/lang\/es\/share-medium.png\" style=\"border:0px; padding-top: 5px; float:left;\" alt=\"Share Button\"\/><\/a><script type=\"text\/javascript\">var hupso_services_t=new Array(\"Twitter\",\"Facebook\",\"Google Plus\",\"Pinterest\",\"Linkedin\",\"Email\",\"Print\");var hupso_background_t=\"#EAF4FF\";var hupso_border_t=\"#66CCFF\";var hupso_toolbar_size_t=\"medium\";var hupso_image_folder_url = \"\";var hupso_twitter_via=\"hectorops\";var hupso_url_t=\"\";var hupso_title_t=\"REFLEXI%C3%93N%20PARA%20EL%20MARTES%20DE%20LA%20VIG%C3%89SIMO%20CUARTA%20SEMANA%20DEL%20T.O.%20%281%29%2017-08-19\";<\/script><script type=\"text\/javascript\" src=\"http:\/\/static.hupso.com\/share\/js\/share_toolbar.js\"><\/script><!-- Hupso Share Buttons --><\/div>","protected":false},"author":1,"featured_media":12236,"comment_status":"open","ping_status":"open","sticky":false,"template":"","format":"standard","meta":{"jetpack_post_was_ever_published":false,"_jetpack_newsletter_access":"","_jetpack_newsletter_tier_id":0,"jetpack_publicize_message":"","jetpack_is_tweetstorm":false,"jetpack_publicize_feature_enabled":true,"jetpack_social_post_already_shared":true,"jetpack_social_options":{"image_generator_settings":{"template":"highway","enabled":false}}},"categories":[1],"tags":[3240,791,296,713,1092,2000,3120,1312,1073,24,1039,3238,2,54,1378,1376,722,183],"jetpack_publicize_connections":[],"jetpack_featured_media_url":"http:\/\/delamanodemaria.com\/wp-content\/uploads\/2019\/09\/El-hijo-de-la-viuda-de-nain.jpg","jetpack_shortlink":"https:\/\/wp.me\/p3bBgS-3bk","jetpack_sharing_enabled":true,"jetpack_likes_enabled":true,"_links":{"self":[{"href":"http:\/\/delamanodemaria.com\/index.php?rest_route=\/wp\/v2\/posts\/12234"}],"collection":[{"href":"http:\/\/delamanodemaria.com\/index.php?rest_route=\/wp\/v2\/posts"}],"about":[{"href":"http:\/\/delamanodemaria.com\/index.php?rest_route=\/wp\/v2\/types\/post"}],"author":[{"embeddable":true,"href":"http:\/\/delamanodemaria.com\/index.php?rest_route=\/wp\/v2\/users\/1"}],"replies":[{"embeddable":true,"href":"http:\/\/delamanodemaria.com\/index.php?rest_route=%2Fwp%2Fv2%2Fcomments&post=12234"}],"version-history":[{"count":3,"href":"http:\/\/delamanodemaria.com\/index.php?rest_route=\/wp\/v2\/posts\/12234\/revisions"}],"predecessor-version":[{"id":12238,"href":"http:\/\/delamanodemaria.com\/index.php?rest_route=\/wp\/v2\/posts\/12234\/revisions\/12238"}],"wp:featuredmedia":[{"embeddable":true,"href":"http:\/\/delamanodemaria.com\/index.php?rest_route=\/wp\/v2\/media\/12236"}],"wp:attachment":[{"href":"http:\/\/delamanodemaria.com\/index.php?rest_route=%2Fwp%2Fv2%2Fmedia&parent=12234"}],"wp:term":[{"taxonomy":"category","embeddable":true,"href":"http:\/\/delamanodemaria.com\/index.php?rest_route=%2Fwp%2Fv2%2Fcategories&post=12234"},{"taxonomy":"post_tag","embeddable":true,"href":"http:\/\/delamanodemaria.com\/index.php?rest_route=%2Fwp%2Fv2%2Ftags&post=12234"}],"curies":[{"name":"wp","href":"https:\/\/api.w.org\/{rel}","templated":true}]}}