{"id":12255,"date":"2019-09-20T17:20:20","date_gmt":"2019-09-20T21:20:20","guid":{"rendered":"http:\/\/delamanodemaria.com\/?p=12255"},"modified":"2019-09-20T17:20:27","modified_gmt":"2019-09-20T21:20:27","slug":"reflexion-para-la-fiesta-de-san-mateo-apostol-y-evangelista-21-09-19","status":"publish","type":"post","link":"http:\/\/delamanodemaria.com\/?p=12255","title":{"rendered":"REFLEXI\u00d3N PARA LA FIESTA DE SAN MATEO, AP\u00d3STOL Y EVANGELISTA 21-09-19"},"content":{"rendered":"\n<figure class=\"wp-block-image\"><img decoding=\"async\" loading=\"lazy\" width=\"700\" height=\"525\" src=\"http:\/\/delamanodemaria.com\/wp-content\/uploads\/2018\/07\/Vocacion-de-Mateo.jpg\" alt=\"\" class=\"wp-image-10106\" srcset=\"http:\/\/delamanodemaria.com\/wp-content\/uploads\/2018\/07\/Vocacion-de-Mateo.jpg 700w, http:\/\/delamanodemaria.com\/wp-content\/uploads\/2018\/07\/Vocacion-de-Mateo-300x225.jpg 300w, http:\/\/delamanodemaria.com\/wp-content\/uploads\/2018\/07\/Vocacion-de-Mateo-400x300.jpg 400w\" sizes=\"(max-width: 700px) 100vw, 700px\" \/><figcaption> <br>&#8220;S\u00edgueme&#8221;. \u00c9l se levant\u00f3 y lo sigui\u00f3&#8230; <\/figcaption><\/figure>\n\n\n\n<p>Hoy celebramos la Fiesta de san Mateo, ap\u00f3stol\ny evangelista. Para esta celebraci\u00f3n la liturgia nos presenta como primera\nlectura un fragmento de la carta de san Pablo a los Efesios (4,1-7.11-13). El\nEvangelio, por su parte, nos remite al pasaje que nos narra la vocaci\u00f3n de\nMateo (Mt 9,9-13). Resulta curioso que Mateo, en su relato, se llama a s\u00ed mismo\n\u201cMateo\u201d (que quiere decir don de Dios), mientras que Marcos y Lucas le llaman\nLev\u00ed, que con toda certeza era su verdadero nombre hebreo.<\/p>\n\n\n\n<p>La primera lectura est\u00e1 enmarcada en el\ndiscurso sobre la diversidad de carismas que Pablo dirige a los cristianos de\n\u00c9feso, muy parecido al que leemos en el cap\u00edtulo 12 de la Carta a los Corintios:\n\u201ccada uno de nosotros ha recibido su propio don, en la medida que Cristo los ha\ndistribuido. \u00c9l comunic\u00f3 a unos el don de ser ap\u00f3stoles, a otros profetas, a\notros predicadores del Evangelio, a otros pastores o maestros\u201d.<\/p>\n\n\n\n<p>De ah\u00ed pasamos a la lectura evang\u00e9lica, que\nnos presenta uno de los pasajes m\u00e1s sencillos, y a la vez impactantes, del\nNuevo Testamento: \u201cAl irse de all\u00ed, Jes\u00fas vio a un hombre llamado Mateo, que\nestaba sentado a la mesa de recaudaci\u00f3n de impuestos, y le dijo: \u00abS\u00edgueme\u00bb. \u00c9l\nse levant\u00f3 y lo sigui\u00f3\u201d.<\/p>\n\n\n\n<p>Cada vez que leo ese vers\u00edculo, no puedo\nevitar imaginarme la escena. Mateo, colector de impuestos (\u201cpublicano\u201d) al\nservicio del rey Herodes Antipas, sentado frente a su mesa de recaudaci\u00f3n, un\nd\u00eda cualquiera, probablemente cuadrando su contabilidad. De momento siente la\npresencia de alguien que se detiene frente a su mesa. Pensando que era alguien\nque ven\u00eda a pagar su impuesto, levanta los ojos. Y se encuentra con la mirada\nm\u00e1s intensa que jam\u00e1s haya visto; una de esas miradas que penetran hasta lo m\u00e1s\nprofundo de nuestro ser.<\/p>\n\n\n\n<p>No sabe qu\u00e9 decir\u2026 tal vez intenta balbucear\nalgo, pero no puede emitir sonido alguno. De momento esa mirada se desborda en\nuna sola palabra: \u201cS\u00edgueme\u201d. Ante esa palabra, pronunciada por el mismo Dios,\nMateo no puede resistirse. Todo ha pasado a un segundo plano. Ya nada importa\nm\u00e1s que seguir ese imperativo que \u00e9l no comprende, pero que todo su ser le dice\nque en ese seguimiento le va la vida misma. Deja atr\u00e1s la mesa con todos sus\nlibros de contabilidad y el dinero de los recaudos, todo lo que lo ataba. Ya nada\nimporta que no sea una respuesta radical a ese \u201cS\u00edgueme\u201d que hab\u00eda cambiado su\nvida para siempre. Mateo acababa de tener un encuentro personal con Jes\u00fas.<\/p>\n\n\n\n<p>Jes\u00fas no necesita de largos discursos\npromocionales ni portentos. El que tiene un encuentro personal con \u00c9l, no tiene\notra alternativa que seguirle. El \u201cs\u00edgueme\u201d es meramente la verbalizaci\u00f3n, la\nconfirmaci\u00f3n de lo que la persona ya intuye. Jes\u00fas nos llama constantemente a\nseguirle. Y esa llamada puede tomar miles de formas. Pero la palabra es la\nmisma siempre: \u201cS\u00edgueme\u201d. Cada llamada, cada \u201cvocaci\u00f3n\u201d implica una misi\u00f3n. Y\nesa misi\u00f3n est\u00e1 relacionada con los carismas que se nos han dado.<\/p>\n\n\n\n<p>\u00bfHas escuchado la voz de Jes\u00fas? \u00bfQu\u00e9 esperas?<\/p>\n<div style=\"padding-bottom:20px; padding-top:10px;\" class=\"hupso-share-buttons\"><!-- Hupso Share Buttons - https:\/\/www.hupso.com\/share\/ --><a class=\"hupso_toolbar\" href=\"https:\/\/www.hupso.com\/share\/\"><img src=\"http:\/\/static.hupso.com\/share\/buttons\/lang\/es\/share-medium.png\" style=\"border:0px; padding-top: 5px; float:left;\" alt=\"Share Button\"\/><\/a><script type=\"text\/javascript\">var hupso_services_t=new Array(\"Twitter\",\"Facebook\",\"Google Plus\",\"Pinterest\",\"Linkedin\",\"Email\",\"Print\");var hupso_background_t=\"#EAF4FF\";var hupso_border_t=\"#66CCFF\";var hupso_toolbar_size_t=\"medium\";var hupso_image_folder_url = \"\";var hupso_twitter_via=\"hectorops\";var hupso_url_t=\"\";var hupso_title_t=\"REFLEXI%C3%93N%20PARA%20LA%20FIESTA%20DE%20SAN%20MATEO%2C%20AP%C3%93STOL%20Y%20EVANGELISTA%2021-09-19\";<\/script><script type=\"text\/javascript\" src=\"http:\/\/static.hupso.com\/share\/js\/share_toolbar.js\"><\/script><!-- Hupso Share Buttons --><\/div>","protected":false},"excerpt":{"rendered":"<p>Hoy celebramos la Fiesta de san Mateo, ap\u00f3stol y evangelista. Para esta celebraci\u00f3n la liturgia nos presenta como primera lectura un fragmento de la carta de san Pablo a los Efesios (4,1-7.11-13). El Evangelio, por su parte, nos remite al &hellip; <a href=\"http:\/\/delamanodemaria.com\/?p=12255\">Continue reading <span class=\"meta-nav\">&rarr;<\/span><\/a><\/p>\n<div style=\"padding-bottom:20px; padding-top:10px;\" class=\"hupso-share-buttons\"><!-- Hupso Share Buttons - https:\/\/www.hupso.com\/share\/ --><a class=\"hupso_toolbar\" href=\"https:\/\/www.hupso.com\/share\/\"><img src=\"http:\/\/static.hupso.com\/share\/buttons\/lang\/es\/share-medium.png\" style=\"border:0px; padding-top: 5px; float:left;\" alt=\"Share Button\"\/><\/a><script type=\"text\/javascript\">var hupso_services_t=new Array(\"Twitter\",\"Facebook\",\"Google Plus\",\"Pinterest\",\"Linkedin\",\"Email\",\"Print\");var hupso_background_t=\"#EAF4FF\";var hupso_border_t=\"#66CCFF\";var hupso_toolbar_size_t=\"medium\";var hupso_image_folder_url = \"\";var hupso_twitter_via=\"hectorops\";var hupso_url_t=\"\";var hupso_title_t=\"REFLEXI%C3%93N%20PARA%20LA%20FIESTA%20DE%20SAN%20MATEO%2C%20AP%C3%93STOL%20Y%20EVANGELISTA%2021-09-19\";<\/script><script type=\"text\/javascript\" src=\"http:\/\/static.hupso.com\/share\/js\/share_toolbar.js\"><\/script><!-- Hupso Share Buttons --><\/div>","protected":false},"author":1,"featured_media":10106,"comment_status":"open","ping_status":"open","sticky":false,"template":"","format":"standard","meta":{"jetpack_post_was_ever_published":false,"_jetpack_newsletter_access":"","_jetpack_newsletter_tier_id":0,"jetpack_publicize_message":"","jetpack_is_tweetstorm":false,"jetpack_publicize_feature_enabled":true,"jetpack_social_post_already_shared":true,"jetpack_social_options":{"image_generator_settings":{"template":"highway","enabled":false}}},"categories":[1],"tags":[3253,1510,1777,1007,3255,227,3252,112,1225,696,2,144,916,199,2196,3254],"jetpack_publicize_connections":[],"jetpack_featured_media_url":"http:\/\/delamanodemaria.com\/wp-content\/uploads\/2018\/07\/Vocacion-de-Mateo.jpg","jetpack_shortlink":"https:\/\/wp.me\/p3bBgS-3bF","jetpack_sharing_enabled":true,"jetpack_likes_enabled":true,"_links":{"self":[{"href":"http:\/\/delamanodemaria.com\/index.php?rest_route=\/wp\/v2\/posts\/12255"}],"collection":[{"href":"http:\/\/delamanodemaria.com\/index.php?rest_route=\/wp\/v2\/posts"}],"about":[{"href":"http:\/\/delamanodemaria.com\/index.php?rest_route=\/wp\/v2\/types\/post"}],"author":[{"embeddable":true,"href":"http:\/\/delamanodemaria.com\/index.php?rest_route=\/wp\/v2\/users\/1"}],"replies":[{"embeddable":true,"href":"http:\/\/delamanodemaria.com\/index.php?rest_route=%2Fwp%2Fv2%2Fcomments&post=12255"}],"version-history":[{"count":2,"href":"http:\/\/delamanodemaria.com\/index.php?rest_route=\/wp\/v2\/posts\/12255\/revisions"}],"predecessor-version":[{"id":12257,"href":"http:\/\/delamanodemaria.com\/index.php?rest_route=\/wp\/v2\/posts\/12255\/revisions\/12257"}],"wp:featuredmedia":[{"embeddable":true,"href":"http:\/\/delamanodemaria.com\/index.php?rest_route=\/wp\/v2\/media\/10106"}],"wp:attachment":[{"href":"http:\/\/delamanodemaria.com\/index.php?rest_route=%2Fwp%2Fv2%2Fmedia&parent=12255"}],"wp:term":[{"taxonomy":"category","embeddable":true,"href":"http:\/\/delamanodemaria.com\/index.php?rest_route=%2Fwp%2Fv2%2Fcategories&post=12255"},{"taxonomy":"post_tag","embeddable":true,"href":"http:\/\/delamanodemaria.com\/index.php?rest_route=%2Fwp%2Fv2%2Ftags&post=12255"}],"curies":[{"name":"wp","href":"https:\/\/api.w.org\/{rel}","templated":true}]}}