{"id":12282,"date":"2019-09-26T21:13:16","date_gmt":"2019-09-27T01:13:16","guid":{"rendered":"http:\/\/delamanodemaria.com\/?p=12282"},"modified":"2019-09-26T21:13:24","modified_gmt":"2019-09-27T01:13:24","slug":"reflexion-para-el-viernes-de-la-vigesimo-quinta-semana-del-t-o-1-27-09-19","status":"publish","type":"post","link":"http:\/\/delamanodemaria.com\/?p=12282","title":{"rendered":"REFLEXI\u00d3N PARA EL VIERNES DE LA VIG\u00c9SIMO QUINTA SEMANA DEL T.O. (1) 27-09-19"},"content":{"rendered":"\n<figure class=\"wp-block-image\"><img decoding=\"async\" loading=\"lazy\" width=\"620\" height=\"394\" src=\"http:\/\/delamanodemaria.com\/wp-content\/uploads\/2019\/09\/Y-ustedes-quien-dicen-que-soy-yo-2-1.png\" alt=\"\" class=\"wp-image-12286\" srcset=\"http:\/\/delamanodemaria.com\/wp-content\/uploads\/2019\/09\/Y-ustedes-quien-dicen-que-soy-yo-2-1.png 620w, http:\/\/delamanodemaria.com\/wp-content\/uploads\/2019\/09\/Y-ustedes-quien-dicen-que-soy-yo-2-1-300x191.png 300w, http:\/\/delamanodemaria.com\/wp-content\/uploads\/2019\/09\/Y-ustedes-quien-dicen-que-soy-yo-2-1-472x300.png 472w\" sizes=\"(max-width: 620px) 100vw, 620px\" \/><\/figure>\n\n\n\n<p class=\"has-drop-cap\">El Evangelio que nos presenta la liturgia de\nhoy (Lc 9,18-22), es secuela del que le\u00edamos ayer (Lc 9,7-9), cuando Herodes\ntrat\u00f3 de averiguar qui\u00e9n era ese Jes\u00fas de quien tanto hab\u00eda o\u00eddo hablar, y unos\nle dijeron que era Juan Bautista resucitado, otros que El\u00edas u otro de los\ngrandes profetas. Pero hoy es Jes\u00fas quien pregunta a sus disc\u00edpulos: \u201c\u00bfQui\u00e9n\ndice la gente que soy yo?\u201d. La respuesta de los disc\u00edpulos es la misma.\nEntonces les pregunta: \u201cY ustedes, \u00bfqui\u00e9n dicen que soy yo?\u201d Esa pregunta\nsuscita la \u201cprofesi\u00f3n de fe\u201d de Pedro (\u201cEl Mes\u00edas de Dios\u201d), y el primer\nanuncio de la pasi\u00f3n por parte de Jes\u00fas (\u201cEl Hijo del hombre tiene que padecer\nmucho, ser desechado por los ancianos, sumos sacerdotes y escribas, ser ejecutado\ny resucitar al tercer d\u00eda\u201d).<\/p>\n\n\n\n<p>Pero lo que quisi\u00e9ramos resaltar de esta\nlectura es que al comienzo de la misma se dice que Jes\u00fas \u201cestaba orando solo\u201d;\ny luego de orar, de tener ese di\u00e1logo amoroso con el Padre, es que interroga a\nsus disc\u00edpulos para determinar si estaban conscientes de su mesianismo, y de\npaso les anuncia su pasi\u00f3n para borrar cualquier vestigio de mesianismo\ntriunfal en el orden pol\u00edtico o militar que estos pudieran albergar. Me imagino\nque en esa oraci\u00f3n tambi\u00e9n pidi\u00f3 al Padre que iluminara a sus disc\u00edpulos para\nque aceptaran lo que \u00e9l les iba a comunicar.<\/p>\n\n\n\n<p>Cabe se\u00f1alar que de todos los evangelistas\nLucas es quien tal vez m\u00e1s resalta la dimensi\u00f3n orante de Jes\u00fas. De hecho, Lucas\nes el \u00fanico que enmarca este pasaje en un ambiente de oraci\u00f3n (comparar con Mc\n8,27-33 y Mt 16,13-20). As\u00ed, Lucas nos presenta a Jes\u00fas en oraci\u00f3n siempre que\nva a suceder algo crucial para su misi\u00f3n, o antes de tomar cualquier decisi\u00f3n\nimportante (<em>Cfr<\/em>. Lc 3,21; 4,1-13; 6,12; 9,29; 11,1; 22,31-39; 23,34; 23,46).<\/p>\n\n\n\n<p>Esta oraci\u00f3n de Jes\u00fas en los momentos\ncruciales o dif\u00edciles nos muestra la realidad de su naturaleza humana, en ese\nmisterio insondable de su doble naturaleza: \u201cverdadero Dios y verdadero\nhombre\u201d. Vemos como Jes\u00fas se alimentaba de la oraci\u00f3n con el Padre para obtener\nla fuerza, la voluntad y el valor necesario para que su humanidad pudiera\nllevar a cabo su misi\u00f3n redentora. Tan solo tenemos que recordar el drama\nhumano de la oraci\u00f3n en el huerto. Aquella agon\u00eda, aqu\u00e9l miedo, no formaban\nparte de una farsa, de una representaci\u00f3n teatral. Fueron tan reales e intensos\ncomo su oraci\u00f3n. Jes\u00fas verdaderamente estaba buscando valor, ayuda de lo alto.\nY a trav\u00e9s de esa oraci\u00f3n, y el amor que se derram\u00f3 sobre \u00c9l a trav\u00e9s de ella, su\nnaturaleza humana encontr\u00f3 el valor para enfrentar su m\u00e1xima prueba.<\/p>\n\n\n\n<p>Hoy, pidamos al Padre que, siguiendo el ejemplo\nde su Hijo, aprendamos a dirigirnos al \u00c9l en oraci\u00f3n fervorosa y confiada antes\nde tomar cualquier decisi\u00f3n importante en nuestras vidas, y cada vez que\nenfrentemos esas pruebas que encontramos en nuestro peregrinar hacia la Meta\ncon la certeza que en \u00c9l encontraremos la luz que gu\u00ede nuestros pasos y el\nvalor y la aceptaci\u00f3n necesarios para enfrentar la adversidad.<\/p>\n<div style=\"padding-bottom:20px; padding-top:10px;\" class=\"hupso-share-buttons\"><!-- Hupso Share Buttons - https:\/\/www.hupso.com\/share\/ --><a class=\"hupso_toolbar\" href=\"https:\/\/www.hupso.com\/share\/\"><img src=\"http:\/\/static.hupso.com\/share\/buttons\/lang\/es\/share-medium.png\" style=\"border:0px; padding-top: 5px; float:left;\" alt=\"Share Button\"\/><\/a><script type=\"text\/javascript\">var hupso_services_t=new Array(\"Twitter\",\"Facebook\",\"Google Plus\",\"Pinterest\",\"Linkedin\",\"Email\",\"Print\");var hupso_background_t=\"#EAF4FF\";var hupso_border_t=\"#66CCFF\";var hupso_toolbar_size_t=\"medium\";var hupso_image_folder_url = \"\";var hupso_twitter_via=\"hectorops\";var hupso_url_t=\"\";var hupso_title_t=\"REFLEXI%C3%93N%20PARA%20EL%20VIERNES%20DE%20LA%20VIG%C3%89SIMO%20QUINTA%20SEMANA%20DEL%20T.O.%20%281%29%2027-09-19\";<\/script><script type=\"text\/javascript\" src=\"http:\/\/static.hupso.com\/share\/js\/share_toolbar.js\"><\/script><!-- Hupso Share Buttons --><\/div>","protected":false},"excerpt":{"rendered":"<p>El Evangelio que nos presenta la liturgia de hoy (Lc 9,18-22), es secuela del que le\u00edamos ayer (Lc 9,7-9), cuando Herodes trat\u00f3 de averiguar qui\u00e9n era ese Jes\u00fas de quien tanto hab\u00eda o\u00eddo hablar, y unos le dijeron que era &hellip; <a href=\"http:\/\/delamanodemaria.com\/?p=12282\">Continue reading <span class=\"meta-nav\">&rarr;<\/span><\/a><\/p>\n<div style=\"padding-bottom:20px; padding-top:10px;\" class=\"hupso-share-buttons\"><!-- Hupso Share Buttons - https:\/\/www.hupso.com\/share\/ --><a class=\"hupso_toolbar\" href=\"https:\/\/www.hupso.com\/share\/\"><img src=\"http:\/\/static.hupso.com\/share\/buttons\/lang\/es\/share-medium.png\" style=\"border:0px; padding-top: 5px; float:left;\" alt=\"Share Button\"\/><\/a><script type=\"text\/javascript\">var hupso_services_t=new Array(\"Twitter\",\"Facebook\",\"Google Plus\",\"Pinterest\",\"Linkedin\",\"Email\",\"Print\");var hupso_background_t=\"#EAF4FF\";var hupso_border_t=\"#66CCFF\";var hupso_toolbar_size_t=\"medium\";var hupso_image_folder_url = \"\";var hupso_twitter_via=\"hectorops\";var hupso_url_t=\"\";var hupso_title_t=\"REFLEXI%C3%93N%20PARA%20EL%20VIERNES%20DE%20LA%20VIG%C3%89SIMO%20QUINTA%20SEMANA%20DEL%20T.O.%20%281%29%2027-09-19\";<\/script><script type=\"text\/javascript\" src=\"http:\/\/static.hupso.com\/share\/js\/share_toolbar.js\"><\/script><!-- Hupso Share Buttons --><\/div>","protected":false},"author":1,"featured_media":12286,"comment_status":"open","ping_status":"open","sticky":false,"template":"","format":"standard","meta":{"jetpack_post_was_ever_published":false,"_jetpack_newsletter_access":"","_jetpack_newsletter_tier_id":0,"jetpack_publicize_message":"","jetpack_is_tweetstorm":false,"jetpack_publicize_feature_enabled":true,"jetpack_social_post_already_shared":true,"jetpack_social_options":{"image_generator_settings":{"template":"highway","enabled":false}}},"categories":[1],"tags":[1616,3268,765,3267,2881,2543,2544,3120,419,1403,238,1338,3269,3270,2872,2194,2818,2,722,1270,2004,2005],"jetpack_publicize_connections":[],"jetpack_featured_media_url":"http:\/\/delamanodemaria.com\/wp-content\/uploads\/2019\/09\/Y-ustedes-quien-dicen-que-soy-yo-2-1.png","jetpack_shortlink":"https:\/\/wp.me\/p3bBgS-3c6","jetpack_sharing_enabled":true,"jetpack_likes_enabled":true,"_links":{"self":[{"href":"http:\/\/delamanodemaria.com\/index.php?rest_route=\/wp\/v2\/posts\/12282"}],"collection":[{"href":"http:\/\/delamanodemaria.com\/index.php?rest_route=\/wp\/v2\/posts"}],"about":[{"href":"http:\/\/delamanodemaria.com\/index.php?rest_route=\/wp\/v2\/types\/post"}],"author":[{"embeddable":true,"href":"http:\/\/delamanodemaria.com\/index.php?rest_route=\/wp\/v2\/users\/1"}],"replies":[{"embeddable":true,"href":"http:\/\/delamanodemaria.com\/index.php?rest_route=%2Fwp%2Fv2%2Fcomments&post=12282"}],"version-history":[{"count":2,"href":"http:\/\/delamanodemaria.com\/index.php?rest_route=\/wp\/v2\/posts\/12282\/revisions"}],"predecessor-version":[{"id":12287,"href":"http:\/\/delamanodemaria.com\/index.php?rest_route=\/wp\/v2\/posts\/12282\/revisions\/12287"}],"wp:featuredmedia":[{"embeddable":true,"href":"http:\/\/delamanodemaria.com\/index.php?rest_route=\/wp\/v2\/media\/12286"}],"wp:attachment":[{"href":"http:\/\/delamanodemaria.com\/index.php?rest_route=%2Fwp%2Fv2%2Fmedia&parent=12282"}],"wp:term":[{"taxonomy":"category","embeddable":true,"href":"http:\/\/delamanodemaria.com\/index.php?rest_route=%2Fwp%2Fv2%2Fcategories&post=12282"},{"taxonomy":"post_tag","embeddable":true,"href":"http:\/\/delamanodemaria.com\/index.php?rest_route=%2Fwp%2Fv2%2Ftags&post=12282"}],"curies":[{"name":"wp","href":"https:\/\/api.w.org\/{rel}","templated":true}]}}