{"id":12439,"date":"2019-10-27T20:09:20","date_gmt":"2019-10-28T00:09:20","guid":{"rendered":"http:\/\/delamanodemaria.com\/?p=12439"},"modified":"2019-10-27T20:43:11","modified_gmt":"2019-10-28T00:43:11","slug":"reflexion-para-la-fiesta-de-los-santos-simon-y-judas-apostoles-28-10-19","status":"publish","type":"post","link":"http:\/\/delamanodemaria.com\/?p=12439","title":{"rendered":"REFLEXI\u00d3N PARA LA FIESTA DE LOS SANTOS SIM\u00d3N Y JUDAS, AP\u00d3STOLES 28-10-19"},"content":{"rendered":"\n<figure class=\"wp-block-image\"><img decoding=\"async\" loading=\"lazy\" width=\"520\" height=\"230\" src=\"http:\/\/delamanodemaria.com\/wp-content\/uploads\/2019\/10\/Santos-Sim\u00f3n-y-Judas.gif\" alt=\"\" class=\"wp-image-12441\"\/><\/figure>\n\n\n\n<p class=\"has-drop-cap\">Hoy la Iglesia Universal celebra la Fiesta de\nlos Santos Sim\u00f3n y Judas, ap\u00f3stoles. Estos ap\u00f3stoles ten\u00edan nombres en com\u00fan\ncon otros de los \u201cdoce\u201d. Por eso los evangelistas y los propios ap\u00f3stoles se\nrefer\u00edan a ellos como \u201cZelote\u201d (o \u201cCelotes\u201d) y \u201cTadeo\u201d, respectivamente para\ndiferenciarlos de Sim\u00f3n Pedro y Judas Iscariote, el que traicion\u00f3 a Jes\u00fas.<\/p>\n\n\n\n<p>Como primera lectura para esta celebraci\u00f3n, la\nliturgia nos ofrece el fragmento de la carta a los Efesios (2,19,22), en la que\nsan Pablo nos recuerda que somos \u201cciudadanos de los santos y miembros de la\nfamilia de Dios\u201d, que estamos \u201cedificados sobre el cimiento de los ap\u00f3stoles y\nprofetas, y el mismo Cristo Jes\u00fas es la piedra angular. Por eso decimos que\nnuestra Iglesia es \u201capost\u00f3lica\u201d.<\/p>\n\n\n\n<p>El relato evang\u00e9lico que nos brinda la\nliturgia de hoy (Lc 6,12-19) nos narra la elecci\u00f3n de \u201clos doce\u201d, que ley\u00e9ramos\nrecientemente en el vigesimotercer martes del tiempo ordinario. Este pasaje,\nque comienza dici\u00e9ndonos que \u201cpor aquellos d\u00edas se fue \u00e9l (Jes\u00fas) al monte a\norar, y se pas\u00f3 la noche en la oraci\u00f3n de Dios\u201d, nos apunta a una\ncaracter\u00edstica de Jes\u00fas: \u00c9l vivi\u00f3 toda su vida p\u00fablica en un ambiente de\noraci\u00f3n; desde su bautismo (Lc 3,21), hasta su \u00faltimo aliento de vida (Lc\n23,46). Son innumerables las ocasiones en que Jes\u00fas \u201cse retiraba a un lugar\napartado a orar\u201d. De hecho, el evangelio seg\u00fan san Lucas nos presenta a Jes\u00fas\norando en al menos once ocasiones. Podemos decir que toda su misi\u00f3n, su\nactividad salvadora, se alimentaba constantemente de ese di\u00e1logo silencioso con\nsu Padre celestial.<\/p>\n\n\n\n<p>La elecci\u00f3n de los ap\u00f3stoles no fue la\nexcepci\u00f3n. Por eso encontramos a Jes\u00fas en profunda oraci\u00f3n previo a la elecci\u00f3n\nde los doce. No debemos olvidar que Jes\u00fas es Dios, pero aun as\u00ed deseaba\n\u201ccompartir\u201d su decisi\u00f3n con el Padre y el Esp\u00edritu en ese misterio insondable\ndel Dios Uno y Trino. Vemos por otro lado que su oraci\u00f3n no se limit\u00f3 a una\n\u201cvisita de cortes\u00eda\u201d. No, pas\u00f3 toda la noche en oraci\u00f3n.<\/p>\n\n\n\n<p>Jes\u00fas nos invita constantemente a seguirle. Y\nel verdadero disc\u00edpulo sigue los pasos del maestro, imita al maestro. Si\nanalizamos la vida de los grandes santos y santas de nuestra Iglesia\ndescubrimos un denominador com\u00fan: Todos fueron hombres y mujeres de oraci\u00f3n,\npersonas que \u201crespiraban\u201d oraci\u00f3n; personas comunes como t\u00fa y como yo, que\nforjaron su santidad a base de la oraci\u00f3n. Disc\u00edpulos que supieron seguir los\npasos del Maestro. Personas como Santo Domingo de Guzm\u00e1n y tantos otros que\nsupieron pasar las noches en vela dialogando con el Padre, tal y como lo hac\u00eda\nJes\u00fas.<\/p>\n\n\n\n<p>Hoy debemos preguntarnos, \u00bfcu\u00e1ndo fue la\n\u00faltima vez que yo pas\u00e9 una noche, o una ma\u00f1ana, o una tarde entera teniendo una\nconversaci\u00f3n de amigos con Dios? Lo mejor que tiene ese amigo es que SIEMPRE\nest\u00e1 disponible; no tenemos que \u201ctextearle\u201d ni llamarlo para saber si est\u00e1 en\ncasa, o si puede recibirnos. Tan solo tenemos que pensarle.<\/p>\n\n\n\n<p>Es cierto, no todos podemos dedicar una noche,\no un d\u00eda completo a la oraci\u00f3n, pero si sumamos las horas que pasamos\n\u201cdescansando\u201d, \u201cchateando\u201d, o viendo la tele, tendremos una medida de cu\u00e1nto\ntiempo podemos dedicar a la oraci\u00f3n. Estoy seguro que Sim\u00f3n y Judas lo\nhicieron.<\/p>\n<div style=\"padding-bottom:20px; padding-top:10px;\" class=\"hupso-share-buttons\"><!-- Hupso Share Buttons - https:\/\/www.hupso.com\/share\/ --><a class=\"hupso_toolbar\" href=\"https:\/\/www.hupso.com\/share\/\"><img src=\"http:\/\/static.hupso.com\/share\/buttons\/lang\/es\/share-medium.png\" style=\"border:0px; padding-top: 5px; float:left;\" alt=\"Share Button\"\/><\/a><script type=\"text\/javascript\">var hupso_services_t=new Array(\"Twitter\",\"Facebook\",\"Google Plus\",\"Pinterest\",\"Linkedin\",\"Email\",\"Print\");var hupso_background_t=\"#EAF4FF\";var hupso_border_t=\"#66CCFF\";var hupso_toolbar_size_t=\"medium\";var hupso_image_folder_url = \"\";var hupso_twitter_via=\"hectorops\";var hupso_url_t=\"\";var hupso_title_t=\"REFLEXI%C3%93N%20PARA%20LA%20FIESTA%20DE%20LOS%20SANTOS%20SIM%C3%93N%20Y%20JUDAS%2C%20AP%C3%93STOLES%2028-10-19\";<\/script><script type=\"text\/javascript\" src=\"http:\/\/static.hupso.com\/share\/js\/share_toolbar.js\"><\/script><!-- Hupso Share Buttons --><\/div>","protected":false},"excerpt":{"rendered":"<p>Hoy la Iglesia Universal celebra la Fiesta de los Santos Sim\u00f3n y Judas, ap\u00f3stoles. Estos ap\u00f3stoles ten\u00edan nombres en com\u00fan con otros de los \u201cdoce\u201d. Por eso los evangelistas y los propios ap\u00f3stoles se refer\u00edan a ellos como \u201cZelote\u201d (o &hellip; <a href=\"http:\/\/delamanodemaria.com\/?p=12439\">Continue reading <span class=\"meta-nav\">&rarr;<\/span><\/a><\/p>\n<div style=\"padding-bottom:20px; padding-top:10px;\" class=\"hupso-share-buttons\"><!-- Hupso Share Buttons - https:\/\/www.hupso.com\/share\/ --><a class=\"hupso_toolbar\" href=\"https:\/\/www.hupso.com\/share\/\"><img src=\"http:\/\/static.hupso.com\/share\/buttons\/lang\/es\/share-medium.png\" style=\"border:0px; padding-top: 5px; float:left;\" alt=\"Share Button\"\/><\/a><script type=\"text\/javascript\">var hupso_services_t=new Array(\"Twitter\",\"Facebook\",\"Google Plus\",\"Pinterest\",\"Linkedin\",\"Email\",\"Print\");var hupso_background_t=\"#EAF4FF\";var hupso_border_t=\"#66CCFF\";var hupso_toolbar_size_t=\"medium\";var hupso_image_folder_url = \"\";var hupso_twitter_via=\"hectorops\";var hupso_url_t=\"\";var hupso_title_t=\"REFLEXI%C3%93N%20PARA%20LA%20FIESTA%20DE%20LOS%20SANTOS%20SIM%C3%93N%20Y%20JUDAS%2C%20AP%C3%93STOLES%2028-10-19\";<\/script><script type=\"text\/javascript\" src=\"http:\/\/static.hupso.com\/share\/js\/share_toolbar.js\"><\/script><!-- Hupso Share Buttons --><\/div>","protected":false},"author":1,"featured_media":12441,"comment_status":"open","ping_status":"open","sticky":false,"template":"","format":"standard","meta":{"jetpack_post_was_ever_published":false,"_jetpack_newsletter_access":"","_jetpack_newsletter_tier_id":0,"jetpack_publicize_message":"","jetpack_is_tweetstorm":false,"jetpack_publicize_feature_enabled":true,"jetpack_social_post_already_shared":true,"jetpack_social_options":{"image_generator_settings":{"template":"highway","enabled":false}}},"categories":[1],"tags":[3268,89,3253,3344,3267,2881,3345,1482,2514,3120,1007,1097,1095,415,130,2,3346,250,3343,1096,722],"jetpack_publicize_connections":[],"jetpack_featured_media_url":"http:\/\/delamanodemaria.com\/wp-content\/uploads\/2019\/10\/Santos-Sim\u00f3n-y-Judas.gif","jetpack_shortlink":"https:\/\/wp.me\/p3bBgS-3eD","jetpack_sharing_enabled":true,"jetpack_likes_enabled":true,"_links":{"self":[{"href":"http:\/\/delamanodemaria.com\/index.php?rest_route=\/wp\/v2\/posts\/12439"}],"collection":[{"href":"http:\/\/delamanodemaria.com\/index.php?rest_route=\/wp\/v2\/posts"}],"about":[{"href":"http:\/\/delamanodemaria.com\/index.php?rest_route=\/wp\/v2\/types\/post"}],"author":[{"embeddable":true,"href":"http:\/\/delamanodemaria.com\/index.php?rest_route=\/wp\/v2\/users\/1"}],"replies":[{"embeddable":true,"href":"http:\/\/delamanodemaria.com\/index.php?rest_route=%2Fwp%2Fv2%2Fcomments&post=12439"}],"version-history":[{"count":5,"href":"http:\/\/delamanodemaria.com\/index.php?rest_route=\/wp\/v2\/posts\/12439\/revisions"}],"predecessor-version":[{"id":12445,"href":"http:\/\/delamanodemaria.com\/index.php?rest_route=\/wp\/v2\/posts\/12439\/revisions\/12445"}],"wp:featuredmedia":[{"embeddable":true,"href":"http:\/\/delamanodemaria.com\/index.php?rest_route=\/wp\/v2\/media\/12441"}],"wp:attachment":[{"href":"http:\/\/delamanodemaria.com\/index.php?rest_route=%2Fwp%2Fv2%2Fmedia&parent=12439"}],"wp:term":[{"taxonomy":"category","embeddable":true,"href":"http:\/\/delamanodemaria.com\/index.php?rest_route=%2Fwp%2Fv2%2Fcategories&post=12439"},{"taxonomy":"post_tag","embeddable":true,"href":"http:\/\/delamanodemaria.com\/index.php?rest_route=%2Fwp%2Fv2%2Ftags&post=12439"}],"curies":[{"name":"wp","href":"https:\/\/api.w.org\/{rel}","templated":true}]}}