{"id":12475,"date":"2019-11-08T16:37:55","date_gmt":"2019-11-08T20:37:55","guid":{"rendered":"http:\/\/delamanodemaria.com\/?p=12475"},"modified":"2019-11-08T16:38:02","modified_gmt":"2019-11-08T20:38:02","slug":"reflexion-para-la-fiesta-de-la-dedicacion-de-la-basilica-de-san-juan-de-letran-09-11-19","status":"publish","type":"post","link":"http:\/\/delamanodemaria.com\/?p=12475","title":{"rendered":"REFLEXI\u00d3N PARA LA FIESTA DE LA DEDICACI\u00d3N DE LA BAS\u00cdLICA DE SAN JUAN DE LETR\u00c1N 09-11-19"},"content":{"rendered":"\n<figure class=\"wp-block-image\"><img decoding=\"async\" loading=\"lazy\" width=\"700\" height=\"433\" src=\"http:\/\/delamanodemaria.com\/wp-content\/uploads\/2019\/11\/mercaderes-templo.jpg\" alt=\"\" class=\"wp-image-12477\" srcset=\"http:\/\/delamanodemaria.com\/wp-content\/uploads\/2019\/11\/mercaderes-templo.jpg 700w, http:\/\/delamanodemaria.com\/wp-content\/uploads\/2019\/11\/mercaderes-templo-300x186.jpg 300w, http:\/\/delamanodemaria.com\/wp-content\/uploads\/2019\/11\/mercaderes-templo-485x300.jpg 485w\" sizes=\"(max-width: 700px) 100vw, 700px\" \/><figcaption>&#8220;Quitad esto de aqu\u00ed; no convirt\u00e1is en un mercado la casa de mi Padre&#8221;. <\/figcaption><\/figure>\n\n\n\n<p>Hoy celebramos la Fiesta de la <em>Dedicaci\u00f3n de la Bas\u00edlica de San Juan de\nLetr\u00e1n<\/em>, que constituye la sede de la C\u00e1tedra del Papa en su car\u00e1cter de\nObispo de Roma, es decir, que es la catedral de Roma. La tradici\u00f3n de celebrar\nesta Fiesta se remonta al siglo XII, y tiene como prop\u00f3sito honrar esa bas\u00edlica\nque es llamada \u201cmadre y cabeza de todas las iglesias de la Urbe y del Orbe\u201d,\npor ser, como hemos dicho, la \u201cc\u00e1tedra de Pedro\u201d.<\/p>\n\n\n\n<p>Las lecturas que la liturgia nos propone hoy, abarcan\ntoda la dimensi\u00f3n de lo que constituye el \u201ctemplo\u201d para nosotros los\ncristianos. En el segundo texto que se nos propone como lectura (1 Cor\n3,9c-11.16-17) Pablo nos recuerda que nosotros somos el verdadero templo de\nDios: \u201c\u00bfNo sab\u00e9is que sois templo de Dios y que el Esp\u00edritu de Dios habita en\nvosotros? Si alguno destruye el templo de Dios, Dios lo destruir\u00e1 a \u00e9l; porque\nel templo de Dios es santo: ese templo sois vosotros\u201d. \u201cVendremos a \u00e9l, y\nharemos morada en \u00e9l\u201d (Jn 14,23); \u201c\u00bfNo sab\u00e9is que sois templo de Dios?\u201d. No hay\nduda de que Dios est\u00e1 en todas partes, por lo que su presencia no est\u00e1\ncircunscrita a los templos edificados por manos humanas. Es algo que aprendemos\ndesde la catequesis infantil. <\/p>\n\n\n\n<p>No obstante, ya desde el Antiguo Testamento\nDios ense\u00f1a a su pueblo la importancia de separar una estructura sagrada para congregarnos\ncon el prop\u00f3sito de rendirle el culto de adoraci\u00f3n que solo \u00c9l merece (la\npalabra \u201csagrado\u201d quiere decir \u201cseparado\u201d). El mismo Jes\u00fas fue presentado en el\nTemplo (Lc 2,22-40), acud\u00eda al Templo para observar las fiestas religiosas (Lc\n2,41-42; Jn 2,13), y lo encontramos en innumerables ocasiones ense\u00f1ando en el\nTemplo o en la sinagoga.<\/p>\n\n\n\n<p>En el Evangelio que contemplamos hoy (Jn\n2,13-22) se hace patente la importancia que Jes\u00fas le reconoce al Templo, y el\nrespeto que le merece, cuando cita el Salmo 69,10: \u201cEl celo de tu casa me\ndevora\u201d. Este es el pasaje en que Jes\u00fas expulsa por la fuerza a los mercaderes\ndel templo, increp\u00e1ndolos por haber convertido \u201cen un mercado la casa de [su]\nPadre\u201d. Pero al mismo tiempo reconoce que su cuerpo (del cual todos formamos\nparte \u2013 <em>Cfr<\/em>. 1 Cor 10,17; 12,12-27; Ef 1,13; 2,16; 3,6; 4, 4.12-16; Col\n1,18.24; 2,19; 3,15) es tambi\u00e9n un templo: \u201cDestruid este templo, y en tres\nd\u00edas lo levantar\u00e9\u201d.<\/p>\n\n\n\n<p>\u201cEl celo de tu casa me devora\u201d. Cada vez que\nentro en un templo y me encuentro a todo el mundo \u201csocializando\u201d y hablando\nnimiedades, y hasta murmurando contra otros hermanos, en presencia de Jes\u00fas\nsacramentado, cuya presencia es reconocida por apenas dos o tres personas, entiendo\nlo que sinti\u00f3 Jes\u00fas cuando volc\u00f3 las mesas de los cambistas y expuls\u00f3 a los\nmercaderes. Entonces voy y me postro ante \u00c9l y pido por ellos, y ruego al Se\u00f1or\nque al verme, descubran Su presencia en el sagrario y cesen de convertir su\nCasa en un mercado, que es precisamente lo que el nivel de ruido que se percibe\nnos evoca.<\/p>\n\n\n\n<p>Hoy, pidamos al Se\u00f1or que nos permita\nreconocer nuestros cuerpos como templos suyos, respet\u00e1ndolos como tal, reconocer\nlos templos de nuestra Iglesia como lugares sagrados en los que \u00c9l habita\ntambi\u00e9n, y comportarnos con el respeto que merecen.<\/p>\n<div style=\"padding-bottom:20px; padding-top:10px;\" class=\"hupso-share-buttons\"><!-- Hupso Share Buttons - https:\/\/www.hupso.com\/share\/ --><a class=\"hupso_toolbar\" href=\"https:\/\/www.hupso.com\/share\/\"><img src=\"http:\/\/static.hupso.com\/share\/buttons\/lang\/es\/share-medium.png\" style=\"border:0px; padding-top: 5px; float:left;\" alt=\"Share Button\"\/><\/a><script type=\"text\/javascript\">var hupso_services_t=new Array(\"Twitter\",\"Facebook\",\"Google Plus\",\"Pinterest\",\"Linkedin\",\"Email\",\"Print\");var hupso_background_t=\"#EAF4FF\";var hupso_border_t=\"#66CCFF\";var hupso_toolbar_size_t=\"medium\";var hupso_image_folder_url = \"\";var hupso_twitter_via=\"hectorops\";var hupso_url_t=\"\";var hupso_title_t=\"REFLEXI%C3%93N%20PARA%20LA%20FIESTA%20DE%20LA%20DEDICACI%C3%93N%20DE%20LA%20BAS%C3%8DLICA%20DE%20SAN%20JUAN%20DE%20LETR%C3%81N%2009-11-19\";<\/script><script type=\"text\/javascript\" src=\"http:\/\/static.hupso.com\/share\/js\/share_toolbar.js\"><\/script><!-- Hupso Share Buttons --><\/div>","protected":false},"excerpt":{"rendered":"<p>Hoy celebramos la Fiesta de la Dedicaci\u00f3n de la Bas\u00edlica de San Juan de Letr\u00e1n, que constituye la sede de la C\u00e1tedra del Papa en su car\u00e1cter de Obispo de Roma, es decir, que es la catedral de Roma. La &hellip; <a href=\"http:\/\/delamanodemaria.com\/?p=12475\">Continue reading <span class=\"meta-nav\">&rarr;<\/span><\/a><\/p>\n<div style=\"padding-bottom:20px; padding-top:10px;\" class=\"hupso-share-buttons\"><!-- Hupso Share Buttons - https:\/\/www.hupso.com\/share\/ --><a class=\"hupso_toolbar\" href=\"https:\/\/www.hupso.com\/share\/\"><img src=\"http:\/\/static.hupso.com\/share\/buttons\/lang\/es\/share-medium.png\" style=\"border:0px; padding-top: 5px; float:left;\" alt=\"Share Button\"\/><\/a><script type=\"text\/javascript\">var hupso_services_t=new Array(\"Twitter\",\"Facebook\",\"Google Plus\",\"Pinterest\",\"Linkedin\",\"Email\",\"Print\");var hupso_background_t=\"#EAF4FF\";var hupso_border_t=\"#66CCFF\";var hupso_toolbar_size_t=\"medium\";var hupso_image_folder_url = \"\";var hupso_twitter_via=\"hectorops\";var hupso_url_t=\"\";var hupso_title_t=\"REFLEXI%C3%93N%20PARA%20LA%20FIESTA%20DE%20LA%20DEDICACI%C3%93N%20DE%20LA%20BAS%C3%8DLICA%20DE%20SAN%20JUAN%20DE%20LETR%C3%81N%2009-11-19\";<\/script><script type=\"text\/javascript\" src=\"http:\/\/static.hupso.com\/share\/js\/share_toolbar.js\"><\/script><!-- Hupso Share Buttons --><\/div>","protected":false},"author":1,"featured_media":12477,"comment_status":"open","ping_status":"open","sticky":false,"template":"","format":"standard","meta":{"jetpack_post_was_ever_published":false,"_jetpack_newsletter_access":"","_jetpack_newsletter_tier_id":0,"jetpack_publicize_message":"","jetpack_is_tweetstorm":false,"jetpack_publicize_feature_enabled":true,"jetpack_social_post_already_shared":true,"jetpack_social_options":{"image_generator_settings":{"template":"highway","enabled":false}}},"categories":[1],"tags":[607,335,2231,1650,3371,1007,353,3373,2593,2,705,1627,336,2230,1626,3372],"jetpack_publicize_connections":[],"jetpack_featured_media_url":"http:\/\/delamanodemaria.com\/wp-content\/uploads\/2019\/11\/mercaderes-templo.jpg","jetpack_shortlink":"https:\/\/wp.me\/p3bBgS-3fd","jetpack_sharing_enabled":true,"jetpack_likes_enabled":true,"_links":{"self":[{"href":"http:\/\/delamanodemaria.com\/index.php?rest_route=\/wp\/v2\/posts\/12475"}],"collection":[{"href":"http:\/\/delamanodemaria.com\/index.php?rest_route=\/wp\/v2\/posts"}],"about":[{"href":"http:\/\/delamanodemaria.com\/index.php?rest_route=\/wp\/v2\/types\/post"}],"author":[{"embeddable":true,"href":"http:\/\/delamanodemaria.com\/index.php?rest_route=\/wp\/v2\/users\/1"}],"replies":[{"embeddable":true,"href":"http:\/\/delamanodemaria.com\/index.php?rest_route=%2Fwp%2Fv2%2Fcomments&post=12475"}],"version-history":[{"count":2,"href":"http:\/\/delamanodemaria.com\/index.php?rest_route=\/wp\/v2\/posts\/12475\/revisions"}],"predecessor-version":[{"id":12478,"href":"http:\/\/delamanodemaria.com\/index.php?rest_route=\/wp\/v2\/posts\/12475\/revisions\/12478"}],"wp:featuredmedia":[{"embeddable":true,"href":"http:\/\/delamanodemaria.com\/index.php?rest_route=\/wp\/v2\/media\/12477"}],"wp:attachment":[{"href":"http:\/\/delamanodemaria.com\/index.php?rest_route=%2Fwp%2Fv2%2Fmedia&parent=12475"}],"wp:term":[{"taxonomy":"category","embeddable":true,"href":"http:\/\/delamanodemaria.com\/index.php?rest_route=%2Fwp%2Fv2%2Fcategories&post=12475"},{"taxonomy":"post_tag","embeddable":true,"href":"http:\/\/delamanodemaria.com\/index.php?rest_route=%2Fwp%2Fv2%2Ftags&post=12475"}],"curies":[{"name":"wp","href":"https:\/\/api.w.org\/{rel}","templated":true}]}}