{"id":12511,"date":"2019-11-16T21:12:29","date_gmt":"2019-11-17T01:12:29","guid":{"rendered":"http:\/\/delamanodemaria.com\/?p=12511"},"modified":"2019-11-16T21:12:37","modified_gmt":"2019-11-17T01:12:37","slug":"reflexion-para-el-trigesimo-tercer-domingo-del-tiempo-ordinario-c-17-11-19","status":"publish","type":"post","link":"http:\/\/delamanodemaria.com\/?p=12511","title":{"rendered":"REFLEXI\u00d3N PARA EL TRIG\u00c9SIMO TERCER DOMINGO DEL TIEMPO ORDINARIO (C) 17-11-19"},"content":{"rendered":"\n<figure class=\"wp-block-image\"><img decoding=\"async\" loading=\"lazy\" width=\"600\" height=\"430\" src=\"http:\/\/delamanodemaria.com\/wp-content\/uploads\/2019\/11\/muro-de-las-lamentaciones.jpg\" alt=\"\" class=\"wp-image-12514\" srcset=\"http:\/\/delamanodemaria.com\/wp-content\/uploads\/2019\/11\/muro-de-las-lamentaciones.jpg 600w, http:\/\/delamanodemaria.com\/wp-content\/uploads\/2019\/11\/muro-de-las-lamentaciones-300x215.jpg 300w, http:\/\/delamanodemaria.com\/wp-content\/uploads\/2019\/11\/muro-de-las-lamentaciones-419x300.jpg 419w\" sizes=\"(max-width: 600px) 100vw, 600px\" \/><figcaption>\u201cEsto que contempl\u00e1is, llegar\u00e1 un d\u00eda en que no quedar\u00e1 piedra sobre piedra: todo ser\u00e1 destruido\u201d.<\/figcaption><\/figure>\n\n\n\n<p class=\"has-drop-cap\">Nos acercamos al final del a\u00f1o lit\u00fargico, y el\npasaje del evangelio que se nos ofrece para hoy (Lc 21, 5-19) nos sit\u00faa en el\ncomienzo del \u00faltimo discurso de Jes\u00fas, el llamado \u201cdiscurso escatol\u00f3gico\u201d, que\nJes\u00fas pronuncia estando ya en Jerusal\u00e9n, luego de su \u201c\u00faltima subida\u201d desde\nGalilea, para culminar su misi\u00f3n redentora con su misterio pascual (pasi\u00f3n,\nmuerte, resurrecci\u00f3n y glorificaci\u00f3n).<\/p>\n\n\n\n<p>En este discurso Jes\u00fas anuncia la destrucci\u00f3n\ndel Templo y de la ciudad santa de Jerusal\u00e9n. El pasaje de hoy se refiere a la\ndestrucci\u00f3n del Templo (\u201cEsto que contempl\u00e1is, llegar\u00e1 un d\u00eda en que no quedar\u00e1\npiedra sobre piedra: todo ser\u00e1 destruido\u201d), al final de los tiempos.<\/p>\n\n\n\n<p>Los que le escuchan muestran preocupaci\u00f3n,\nquieren saber cu\u00e1ndo ser\u00e1 el final de los tiempos. Nuestra naturaleza humana\nnos lleva a querer saber cu\u00e1ndo y c\u00f3mo, y qu\u00e9 se\u00f1ales debemos esperar; esa\nobsesi\u00f3n con el tiempo lineal, cuando nuestra verdadera preocupaci\u00f3n debe ser\npor las cosas eternas. A lo largo de la historia encontramos personas que se\nnutren y aprovechan del miedo y la incertidumbre que produce ese \u201cfinal de los\ntiempos\u201d. Fue as\u00ed en tiempos de Jes\u00fas y contin\u00faa si\u00e9ndolo hoy.<\/p>\n\n\n\n<p>La respuesta de Jes\u00fas, m\u00e1s que una\ncontestaci\u00f3n, es una advertencia contra los falsos profetas (\u201cCuidado con que\nnadie os enga\u00f1e. Porque muchos vendr\u00e1n usurpando mi nombre, diciendo: \u2018Yo soy\u2019,\no bien: \u2018El momento est\u00e1 cerca\u2019; no vay\u00e1is tras ellos. Cuando oig\u00e1is noticias\nde guerras y de revoluciones, no teng\u00e1is p\u00e1nico. Porque eso tiene que ocurrir\nprimero, pero el final no vendr\u00e1 en seguida\u201d).<\/p>\n\n\n\n<p>Son muchas las sectas que han florecido\nvendiendo un mensaje del fin inminente, para luego tener que cambiar la \u201cfecha\u201d\nuna y otra vez. Me causa una mezcla de l\u00e1stima y tristeza ver a tantas personas\nque se llaman cat\u00f3licos, que genuinamente se preocuparon por la supuesta\nllegada del fin de los tiempos como, por ejemplo, el 21 de diciembre de 2012.\nJes\u00fas nos advierte contra aquellos que nos digan que \u201cel momento est\u00e1 cerca\u201d.\n\u00c9l nos lo dice claramente: \u201cEn cuanto a ese d\u00eda y esa hora, nadie los conoce,\nni los \u00e1ngeles del cielo, ni el Hijo, sino s\u00f3lo el Padre\u201d (Mt 24,36).<\/p>\n\n\n\n<p>&nbsp;Finalmente,\nJes\u00fas anuncia las persecuciones que hemos de sufrir sus seguidores (\u201cos\nperseguir\u00e1n, entreg\u00e1ndoos a las sinagogas y a la c\u00e1rcel, y os har\u00e1n comparecer\nante reyes y gobernadores, por causa m\u00eda. As\u00ed tendr\u00e9is ocasi\u00f3n de dar\ntestimonio. Haced prop\u00f3sito de no preparar vuestra defensa, porque yo os dar\u00e9\npalabras y sabidur\u00eda a las que no podr\u00e1 hacer frente ni contradecir ning\u00fan\nadversario vuestro. Y hasta vuestros padres, y parientes, y hermanos, y amigos\nos traicionar\u00e1n, y matar\u00e1n a algunos de vosotros, y todos os odiar\u00e1n por causa\nm\u00eda\u201d). Como toda prueba que Jes\u00fas nos anuncia, esta viene acompa\u00f1ada de una\npromesa de salvaci\u00f3n: \u201ccon vuestra perseverancia salvar\u00e9is vuestras almas\u201d (<em>Cfr<\/em>. Sir 2,1-9).<\/p>\n\n\n\n<p>El mensaje es claro. Para nosotros los\ncristianos el d\u00eda y la hora no deben tener importancia alguna. Lo importante es\nestar preparados, para que cuando llegue el novio, nos encuentre con las\nl\u00e1mparas encendidas y con aceite para alimentarlas. As\u00ed entraremos con \u00c9l a la\nsala nupcial (<em>Cfr<\/em>. Mt 25,1-13).<\/p>\n<div style=\"padding-bottom:20px; padding-top:10px;\" class=\"hupso-share-buttons\"><!-- Hupso Share Buttons - https:\/\/www.hupso.com\/share\/ --><a class=\"hupso_toolbar\" href=\"https:\/\/www.hupso.com\/share\/\"><img src=\"http:\/\/static.hupso.com\/share\/buttons\/lang\/es\/share-medium.png\" style=\"border:0px; padding-top: 5px; float:left;\" alt=\"Share Button\"\/><\/a><script type=\"text\/javascript\">var hupso_services_t=new Array(\"Twitter\",\"Facebook\",\"Google Plus\",\"Pinterest\",\"Linkedin\",\"Email\",\"Print\");var hupso_background_t=\"#EAF4FF\";var hupso_border_t=\"#66CCFF\";var hupso_toolbar_size_t=\"medium\";var hupso_image_folder_url = \"\";var hupso_twitter_via=\"hectorops\";var hupso_url_t=\"\";var hupso_title_t=\"REFLEXI%C3%93N%20PARA%20EL%20TRIG%C3%89SIMO%20TERCER%20DOMINGO%20DEL%20TIEMPO%20ORDINARIO%20%28C%29%2017-11-19\";<\/script><script type=\"text\/javascript\" src=\"http:\/\/static.hupso.com\/share\/js\/share_toolbar.js\"><\/script><!-- Hupso Share Buttons --><\/div>","protected":false},"excerpt":{"rendered":"<p>Nos acercamos al final del a\u00f1o lit\u00fargico, y el pasaje del evangelio que se nos ofrece para hoy (Lc 21, 5-19) nos sit\u00faa en el comienzo del \u00faltimo discurso de Jes\u00fas, el llamado \u201cdiscurso escatol\u00f3gico\u201d, que Jes\u00fas pronuncia estando ya &hellip; <a href=\"http:\/\/delamanodemaria.com\/?p=12511\">Continue reading <span class=\"meta-nav\">&rarr;<\/span><\/a><\/p>\n<div style=\"padding-bottom:20px; padding-top:10px;\" class=\"hupso-share-buttons\"><!-- Hupso Share Buttons - https:\/\/www.hupso.com\/share\/ --><a class=\"hupso_toolbar\" href=\"https:\/\/www.hupso.com\/share\/\"><img src=\"http:\/\/static.hupso.com\/share\/buttons\/lang\/es\/share-medium.png\" style=\"border:0px; padding-top: 5px; float:left;\" alt=\"Share Button\"\/><\/a><script type=\"text\/javascript\">var hupso_services_t=new Array(\"Twitter\",\"Facebook\",\"Google Plus\",\"Pinterest\",\"Linkedin\",\"Email\",\"Print\");var hupso_background_t=\"#EAF4FF\";var hupso_border_t=\"#66CCFF\";var hupso_toolbar_size_t=\"medium\";var hupso_image_folder_url = \"\";var hupso_twitter_via=\"hectorops\";var hupso_url_t=\"\";var hupso_title_t=\"REFLEXI%C3%93N%20PARA%20EL%20TRIG%C3%89SIMO%20TERCER%20DOMINGO%20DEL%20TIEMPO%20ORDINARIO%20%28C%29%2017-11-19\";<\/script><script type=\"text\/javascript\" src=\"http:\/\/static.hupso.com\/share\/js\/share_toolbar.js\"><\/script><!-- Hupso Share Buttons --><\/div>","protected":false},"author":1,"featured_media":12514,"comment_status":"open","ping_status":"open","sticky":false,"template":"","format":"standard","meta":{"jetpack_post_was_ever_published":false,"_jetpack_newsletter_access":"","_jetpack_newsletter_tier_id":0,"jetpack_publicize_message":"","jetpack_is_tweetstorm":false,"jetpack_publicize_feature_enabled":true,"jetpack_social_post_already_shared":true,"jetpack_social_options":{"image_generator_settings":{"template":"highway","enabled":false}}},"categories":[1],"tags":[3,3396,3395,1634,365,343,342,2440,206,3398,55,2031,2973,2,3399,2756,3279,127,2633,722,536],"jetpack_publicize_connections":[],"jetpack_featured_media_url":"http:\/\/delamanodemaria.com\/wp-content\/uploads\/2019\/11\/muro-de-las-lamentaciones.jpg","jetpack_shortlink":"https:\/\/wp.me\/p3bBgS-3fN","jetpack_sharing_enabled":true,"jetpack_likes_enabled":true,"_links":{"self":[{"href":"http:\/\/delamanodemaria.com\/index.php?rest_route=\/wp\/v2\/posts\/12511"}],"collection":[{"href":"http:\/\/delamanodemaria.com\/index.php?rest_route=\/wp\/v2\/posts"}],"about":[{"href":"http:\/\/delamanodemaria.com\/index.php?rest_route=\/wp\/v2\/types\/post"}],"author":[{"embeddable":true,"href":"http:\/\/delamanodemaria.com\/index.php?rest_route=\/wp\/v2\/users\/1"}],"replies":[{"embeddable":true,"href":"http:\/\/delamanodemaria.com\/index.php?rest_route=%2Fwp%2Fv2%2Fcomments&post=12511"}],"version-history":[{"count":3,"href":"http:\/\/delamanodemaria.com\/index.php?rest_route=\/wp\/v2\/posts\/12511\/revisions"}],"predecessor-version":[{"id":12515,"href":"http:\/\/delamanodemaria.com\/index.php?rest_route=\/wp\/v2\/posts\/12511\/revisions\/12515"}],"wp:featuredmedia":[{"embeddable":true,"href":"http:\/\/delamanodemaria.com\/index.php?rest_route=\/wp\/v2\/media\/12514"}],"wp:attachment":[{"href":"http:\/\/delamanodemaria.com\/index.php?rest_route=%2Fwp%2Fv2%2Fmedia&parent=12511"}],"wp:term":[{"taxonomy":"category","embeddable":true,"href":"http:\/\/delamanodemaria.com\/index.php?rest_route=%2Fwp%2Fv2%2Fcategories&post=12511"},{"taxonomy":"post_tag","embeddable":true,"href":"http:\/\/delamanodemaria.com\/index.php?rest_route=%2Fwp%2Fv2%2Ftags&post=12511"}],"curies":[{"name":"wp","href":"https:\/\/api.w.org\/{rel}","templated":true}]}}