{"id":12532,"date":"2019-11-19T09:32:35","date_gmt":"2019-11-19T13:32:35","guid":{"rendered":"http:\/\/delamanodemaria.com\/?p=12532"},"modified":"2019-11-19T09:32:45","modified_gmt":"2019-11-19T13:32:45","slug":"papa-francisco-nombra-un-obispo-auxiliar-para-san-juan","status":"publish","type":"post","link":"http:\/\/delamanodemaria.com\/?p=12532","title":{"rendered":"Papa Francisco nombra un obispo auxiliar para San Juan"},"content":{"rendered":"\n<figure class=\"wp-block-image\"><img decoding=\"async\" loading=\"lazy\" width=\"615\" height=\"304\" src=\"http:\/\/delamanodemaria.com\/wp-content\/uploads\/2019\/11\/Mons-Alberto-Figueroa.jpg\" alt=\"\" class=\"wp-image-12533\" srcset=\"http:\/\/delamanodemaria.com\/wp-content\/uploads\/2019\/11\/Mons-Alberto-Figueroa.jpg 615w, http:\/\/delamanodemaria.com\/wp-content\/uploads\/2019\/11\/Mons-Alberto-Figueroa-300x148.jpg 300w, http:\/\/delamanodemaria.com\/wp-content\/uploads\/2019\/11\/Mons-Alberto-Figueroa-500x247.jpg 500w\" sizes=\"(max-width: 615px) 100vw, 615px\" \/><figcaption><em>Se trata del sacerdote Alberto Figueroa Morales, de la parroquia Santa Luisa de Marillac.<\/em> <\/figcaption><\/figure>\n\n\n\n<p>El papa Francisco nombr\u00f3 al sacerdote Alberto Figueroa Morales como obispo auxiliar de San Juan, inform\u00f3 el arzobispo de San Juan, Roberto Gonz\u00e1lez Nieves.<\/p>\n\n\n\n<p>Seg\u00fan destac\u00f3, ser\u00eda el obispo m\u00e1s joven de Puerto Rico, con 58 a\u00f1os.<\/p>\n\n\n\n<p>\u201cHoy, con profunda alegr\u00eda, comunico a todo el pueblo Santo de Dios, que el papa Francisco, nombr\u00f3 en el d\u00eda de hoy, al reverendo padre Alberto Figueroa Morales como obispo auxiliar de San Juan de Puerto Rico. El padre Alberto, quien se convierte en el primer puertorrique\u00f1o en ser nombrado obispo para una di\u00f3cesis en Puerto Rico por este tan querido papa. El obispo electo pasa a ser el prelado m\u00e1s joven de la actualidad en nuestra jurisdicci\u00f3n\u201d, afirm\u00f3 Gonz\u00e1lez Nieves en comunicado de prensa.<\/p>\n\n\n\n<p>Figueroa Morales sustituir\u00e1 al monse\u00f1or Herm\u00edn Negr\u00f3n Santana, quien muri\u00f3 en el 2012.<\/p>\n\n\n\n<p>Destac\u00f3 que este nombramiento se hace hoy, cuando se celebra el d\u00eda de la patrona de la Isla, Nuestra Se\u00f1ora de la Divina Providencia. Por tal raz\u00f3n, coment\u00f3 que el bello gesto \u201ces un motivo singular de alegr\u00eda, que nos ha obsequiado el papa Francisco con la noticia del nombramiento de un nuevo obispo, sucesor de los ap\u00f3stoles. Hoy damos gracias al papa Francisco por este don, por esta solicitud paternal y por manifestarnos a trav\u00e9s de este hecho su cercan\u00eda de pastor para con nuestro pueblo.\u201d<\/p>\n\n\n\n<p>El nuevo obispo naci\u00f3 el 9 de agosto de 1961 en Guaynabo, Puerto Rico. Estudi\u00f3 la primaria y secundaria en varias escuelas cat\u00f3licas y p\u00fablicas de Guaynabo gradu\u00e1ndose en 1979. Luego, en 1981 entr\u00f3 como postulante con los Frailes Capuchinos y estudi\u00f3 en la Pontificia Universidad Cat\u00f3lica de Puerto Rico \u2013 Ponce, donde obtuvo un bachillerato en filosof\u00eda en 1984. Adem\u00e1s, estudi\u00f3 teolog\u00eda en el Centro de Estudios de los Dominicos del Caribe en Bayam\u00f3n y en la Universidad de Navarra. &nbsp;<\/p>\n\n\n\n<p>En 1986 recibi\u00f3 la dispensa de los votos temporales y entr\u00f3 al seminario diocesano Jes\u00fas Maestro de la Di\u00f3cesis de Arecibo. Recibi\u00f3 la ordenaci\u00f3n diaconal en 1989 y el 2 de junio de 1990 la ordenaci\u00f3n sacerdotal de manos de monse\u00f1or Ulises Casiano, administrador apost\u00f3lico de la di\u00f3cesis. Su primera asignaci\u00f3n fue como Vicario de la Catedral de Arecibo.&nbsp;<\/p>\n\n\n\n<p>En el 2010, dese\u00f3 hacer una experiencia diocesana en su ministerio sacerdotal en la Arquidi\u00f3cesis de San Juan siendo nombrado administrador de la parroquia Santa Luisa de Marillac, la que actualmente atiende. Durante ese tiempo hizo un m\u00e1ster en Derecho Can\u00f3nico por la Pontificia Universidad de Salamanca en Espa\u00f1a. En la arquidi\u00f3cesis ha servido adem\u00e1s como Vicario de Zona y desde 2016 hasta el presente como Vicario General y moderador de la curia.&nbsp;<\/p>\n\n\n\n<p>Gonz\u00e1lez Nieves indic\u00f3 que la fecha de la ordenaci\u00f3n episcopal del obispo electo se anunciar\u00e1 pr\u00f3ximamente.\u00a0<\/p>\n\n\n\n<p>Tomado de:  <br><a href=\"https:\/\/www.primerahora.com\/noticias\/puerto-rico\/nota\/papafrancisconombraunobispoauxiliarparasanjuan-1376797\/?fbclid=IwAR2OQe7XK1wRclvXR7olAxNF1OS_fu7kH2yhipe9oCUSiI1SW3ho8ydwLco\" target=\"_blank\" rel=\"noreferrer noopener\" aria-label=\"https:\/\/www.primerahora.com\/noticias\/puerto-rico\/nota\/papafrancisconombraunobispoauxiliarparasanjuan-1376797\/?fbclid=IwAR2OQe7XK1wRclvXR7olAxNF1OS_fu7kH2yhipe9oCUSiI1SW3ho8ydwLco  (opens in a new tab)\">https:\/\/www.primerahora.com\/noticias\/puerto-rico\/nota\/papafrancisconombraunobispoauxiliarparasanjuan-1376797\/?fbclid=IwAR2OQe7XK1wRclvXR7olAxNF1OS_fu7kH2yhipe9oCUSiI1SW3ho8ydwLco <\/a><\/p>\n<div style=\"padding-bottom:20px; padding-top:10px;\" class=\"hupso-share-buttons\"><!-- Hupso Share Buttons - https:\/\/www.hupso.com\/share\/ --><a class=\"hupso_toolbar\" href=\"https:\/\/www.hupso.com\/share\/\"><img src=\"http:\/\/static.hupso.com\/share\/buttons\/lang\/es\/share-medium.png\" style=\"border:0px; padding-top: 5px; float:left;\" alt=\"Share Button\"\/><\/a><script type=\"text\/javascript\">var hupso_services_t=new Array(\"Twitter\",\"Facebook\",\"Google Plus\",\"Pinterest\",\"Linkedin\",\"Email\",\"Print\");var hupso_background_t=\"#EAF4FF\";var hupso_border_t=\"#66CCFF\";var hupso_toolbar_size_t=\"medium\";var hupso_image_folder_url = \"\";var hupso_twitter_via=\"hectorops\";var hupso_url_t=\"\";var hupso_title_t=\"Papa%20Francisco%20nombra%20un%20obispo%20auxiliar%20para%20San%20Juan\";<\/script><script type=\"text\/javascript\" src=\"http:\/\/static.hupso.com\/share\/js\/share_toolbar.js\"><\/script><!-- Hupso Share Buttons --><\/div>","protected":false},"excerpt":{"rendered":"<p>El papa Francisco nombr\u00f3 al sacerdote Alberto Figueroa Morales como obispo auxiliar de San Juan, inform\u00f3 el arzobispo de San Juan, Roberto Gonz\u00e1lez Nieves. Seg\u00fan destac\u00f3, ser\u00eda el obispo m\u00e1s joven de Puerto Rico, con 58 a\u00f1os. \u201cHoy, con profunda &hellip; <a href=\"http:\/\/delamanodemaria.com\/?p=12532\">Continue reading <span class=\"meta-nav\">&rarr;<\/span><\/a><\/p>\n<div style=\"padding-bottom:20px; padding-top:10px;\" class=\"hupso-share-buttons\"><!-- Hupso Share Buttons - https:\/\/www.hupso.com\/share\/ --><a class=\"hupso_toolbar\" href=\"https:\/\/www.hupso.com\/share\/\"><img src=\"http:\/\/static.hupso.com\/share\/buttons\/lang\/es\/share-medium.png\" style=\"border:0px; padding-top: 5px; float:left;\" alt=\"Share Button\"\/><\/a><script type=\"text\/javascript\">var hupso_services_t=new Array(\"Twitter\",\"Facebook\",\"Google Plus\",\"Pinterest\",\"Linkedin\",\"Email\",\"Print\");var hupso_background_t=\"#EAF4FF\";var hupso_border_t=\"#66CCFF\";var hupso_toolbar_size_t=\"medium\";var hupso_image_folder_url = \"\";var hupso_twitter_via=\"hectorops\";var hupso_url_t=\"\";var hupso_title_t=\"Papa%20Francisco%20nombra%20un%20obispo%20auxiliar%20para%20San%20Juan\";<\/script><script type=\"text\/javascript\" src=\"http:\/\/static.hupso.com\/share\/js\/share_toolbar.js\"><\/script><!-- Hupso Share Buttons --><\/div>","protected":false},"author":1,"featured_media":0,"comment_status":"open","ping_status":"open","sticky":false,"template":"","format":"standard","meta":{"jetpack_post_was_ever_published":false,"_jetpack_newsletter_access":"","_jetpack_newsletter_tier_id":0,"jetpack_publicize_message":"","jetpack_is_tweetstorm":false,"jetpack_publicize_feature_enabled":true,"jetpack_social_post_already_shared":true,"jetpack_social_options":{"image_generator_settings":{"template":"highway","enabled":false}}},"categories":[1],"tags":[2027,3410,3411,760,2378],"jetpack_publicize_connections":[],"jetpack_featured_media_url":"","jetpack_shortlink":"https:\/\/wp.me\/p3bBgS-3g8","jetpack_sharing_enabled":true,"jetpack_likes_enabled":true,"_links":{"self":[{"href":"http:\/\/delamanodemaria.com\/index.php?rest_route=\/wp\/v2\/posts\/12532"}],"collection":[{"href":"http:\/\/delamanodemaria.com\/index.php?rest_route=\/wp\/v2\/posts"}],"about":[{"href":"http:\/\/delamanodemaria.com\/index.php?rest_route=\/wp\/v2\/types\/post"}],"author":[{"embeddable":true,"href":"http:\/\/delamanodemaria.com\/index.php?rest_route=\/wp\/v2\/users\/1"}],"replies":[{"embeddable":true,"href":"http:\/\/delamanodemaria.com\/index.php?rest_route=%2Fwp%2Fv2%2Fcomments&post=12532"}],"version-history":[{"count":1,"href":"http:\/\/delamanodemaria.com\/index.php?rest_route=\/wp\/v2\/posts\/12532\/revisions"}],"predecessor-version":[{"id":12534,"href":"http:\/\/delamanodemaria.com\/index.php?rest_route=\/wp\/v2\/posts\/12532\/revisions\/12534"}],"wp:attachment":[{"href":"http:\/\/delamanodemaria.com\/index.php?rest_route=%2Fwp%2Fv2%2Fmedia&parent=12532"}],"wp:term":[{"taxonomy":"category","embeddable":true,"href":"http:\/\/delamanodemaria.com\/index.php?rest_route=%2Fwp%2Fv2%2Fcategories&post=12532"},{"taxonomy":"post_tag","embeddable":true,"href":"http:\/\/delamanodemaria.com\/index.php?rest_route=%2Fwp%2Fv2%2Ftags&post=12532"}],"curies":[{"name":"wp","href":"https:\/\/api.w.org\/{rel}","templated":true}]}}