{"id":12546,"date":"2019-11-21T18:05:19","date_gmt":"2019-11-21T22:05:19","guid":{"rendered":"http:\/\/delamanodemaria.com\/?p=12546"},"modified":"2019-11-21T18:05:19","modified_gmt":"2019-11-21T22:05:19","slug":"reflexion-para-el-viernes-de-la-trigesimo-tercera-semana-del-t-o-1-22-11-19","status":"publish","type":"post","link":"http:\/\/delamanodemaria.com\/?p=12546","title":{"rendered":"REFLEXI\u00d3N PARA EL VIERNES DE LA TRIG\u00c9SIMO TERCERA SEMANA DEL T.O. (1) 22-11-19"},"content":{"rendered":"\n<figure class=\"wp-block-image\"><img decoding=\"async\" loading=\"lazy\" width=\"700\" height=\"433\" src=\"http:\/\/delamanodemaria.com\/wp-content\/uploads\/2016\/11\/mercaderes-templo.jpg\" alt=\"\" class=\"wp-image-7998\" srcset=\"http:\/\/delamanodemaria.com\/wp-content\/uploads\/2016\/11\/mercaderes-templo.jpg 700w, http:\/\/delamanodemaria.com\/wp-content\/uploads\/2016\/11\/mercaderes-templo-300x186.jpg 300w, http:\/\/delamanodemaria.com\/wp-content\/uploads\/2016\/11\/mercaderes-templo-485x300.jpg 485w\" sizes=\"(max-width: 700px) 100vw, 700px\" \/><figcaption>&#8220;Mi casa es casa de oraci\u00f3n; pero vosotros la hab\u00e9is convertido en una cueva de bandidos&#8221;.<\/figcaption><\/figure>\n\n\n\n<p>Las lecturas que nos propone la liturgia para\nhoy (1 Mac 4,36-37.52-59; Lc 19 45-48), aunque a primera vista parecer\u00edan no\nestar relacionadas, tratan el mismo tema, la santidad del Templo y el respeto\ndebido al mismo.<\/p>\n\n\n\n<p>La primera, tomada del primer libro los\nMacabeos, nos presenta a Judas Macabeo y sus hermanos dedicando nuevamente el\nTemplo, que hab\u00eda sido profanado por los enemigos. La rebeli\u00f3n promovida por\nlos Macabeos hab\u00eda culminado en una victoria contundente contra las tropas del\ninfame rey Ant\u00edoco, lo que hab\u00eda ganado para el pueblo jud\u00edo una autonom\u00eda\nmayor y, sobre todo, libertad para practicar su religi\u00f3n. Y para celebrar la\nvictoria restauran el Templo y ofrecen sacrificios de acci\u00f3n de gracias: \u201cAhora\nque tenemos derrotado al enemigo, subamos a purificar y consagrar el templo\u201d.<\/p>\n\n\n\n<p>As\u00ed, en el tercer aniversario de su\nprofanaci\u00f3n, despu\u00e9s de haber restaurado el Templo y construido un nuevo altar,\nJudas Macabeo y sus hermanos, junto al pueblo jud\u00edo, \u201clo volvieron a consagrar,\ncantando himnos y tocando c\u00edtaras, la\u00fades y platillos. Todo el pueblo se postr\u00f3\nen tierra, adorando y alabando a Dios, que les hab\u00eda dado \u00e9xito. Durante ocho\nd\u00edas, celebraron la consagraci\u00f3n, ofreciendo con j\u00fabilo holocaustos y\nsacrificios de comuni\u00f3n y de alabanza\u201d. Con estas ceremonias, descritas en el\npasaje del que la lectura de hoy forma parte, el pueblo reiter\u00f3 la importancia\ndel Templo y el culto debido a Dios, y \u201ccancel\u00f3 la afrenta de los paganos\u201d.<\/p>\n\n\n\n<p>Durante toda su historia, la vida del pueblo\njud\u00edo gir\u00f3 alrededor del Templo, que constitu\u00eda su centro pol\u00edtico-religioso.\nJes\u00fas era jud\u00edo, conoc\u00eda las Sagradas Escrituras, y el respeto debido al Templo\ncomo \u201ccasa de Dios\u201d.<\/p>\n\n\n\n<p>Eso nos lleva al Evangelio. La lectura\nevang\u00e9lica de hoy, tomada del Evangelio seg\u00fan san Lucas, nos dice que \u201ctodos\nlos d\u00edas Jes\u00fas ense\u00f1aba en el Templo\u201d, y \u201cel pueblo entero estaba pendiente de\nsus labios\u201d. Jes\u00fas nos trajo una nueva forma de culto en el que su Palabra y nuestra\noraci\u00f3n cobran un papel important\u00edsimo, y nos conducen al centro de la liturgia:\n\u00c9l mismo que se hace presente en la Eucarist\u00eda. En tiempos de Jes\u00fas Yahv\u00e9 \u201chabitaba\u201d\nen el Templo de Jerusal\u00e9n. Hoy Jes\u00fas se hace presente en la Eucarist\u00eda.<\/p>\n\n\n\n<p>La denuncia que escuchamos de labios de Jes\u00fas\nen el Evangelio al echar los mercaderes del Templo, \u201c\u2018Mi casa es casa de\noraci\u00f3n\u2019; pero vosotros la hab\u00e9is convertido en una \u2018cueva de bandidos\u2019\u201d, nos\nhace preguntarnos: Nuestros templos, \u00bfson \u201ccasa de oraci\u00f3n\u201d? \u00bfEstamos acaso &#8220;profanando&#8221;\nel templo? Basta con entrar en algunos templos y ver que m\u00e1s parecen una plaza\np\u00fablica que una casa de oraci\u00f3n. El alboroto es tal que no permite concentrase\na aquellos que estamos tratando de orar. Se nos olvida que estamos en presencia\nde Jes\u00fas sacramentado, que habita en nuestros sagrarios con todo su cuerpo,\nsangre, alma y divinidad, y merece todo nuestro respeto y adoraci\u00f3n.<\/p>\n\n\n\n<p>Como preparaci\u00f3n para el Adviento y el nuevo\na\u00f1o lit\u00fargico que se avecina, hagamos un poco de introspecci\u00f3n comunitaria.\n\u00bfQu\u00e9 dir\u00eda Jes\u00fas si entra a nuestro templo?<\/p>\n<div style=\"padding-bottom:20px; padding-top:10px;\" class=\"hupso-share-buttons\"><!-- Hupso Share Buttons - https:\/\/www.hupso.com\/share\/ --><a class=\"hupso_toolbar\" href=\"https:\/\/www.hupso.com\/share\/\"><img src=\"http:\/\/static.hupso.com\/share\/buttons\/lang\/es\/share-medium.png\" style=\"border:0px; padding-top: 5px; float:left;\" alt=\"Share Button\"\/><\/a><script type=\"text\/javascript\">var hupso_services_t=new Array(\"Twitter\",\"Facebook\",\"Google Plus\",\"Pinterest\",\"Linkedin\",\"Email\",\"Print\");var hupso_background_t=\"#EAF4FF\";var hupso_border_t=\"#66CCFF\";var hupso_toolbar_size_t=\"medium\";var hupso_image_folder_url = \"\";var hupso_twitter_via=\"hectorops\";var hupso_url_t=\"\";var hupso_title_t=\"REFLEXI%C3%93N%20PARA%20EL%20VIERNES%20DE%20LA%20TRIG%C3%89SIMO%20TERCERA%20SEMANA%20DEL%20T.O.%20%281%29%2022-11-19\";<\/script><script type=\"text\/javascript\" src=\"http:\/\/static.hupso.com\/share\/js\/share_toolbar.js\"><\/script><!-- Hupso Share Buttons --><\/div>","protected":false},"excerpt":{"rendered":"<p>Las lecturas que nos propone la liturgia para hoy (1 Mac 4,36-37.52-59; Lc 19 45-48), aunque a primera vista parecer\u00edan no estar relacionadas, tratan el mismo tema, la santidad del Templo y el respeto debido al mismo. La primera, tomada &hellip; <a href=\"http:\/\/delamanodemaria.com\/?p=12546\">Continue reading <span class=\"meta-nav\">&rarr;<\/span><\/a><\/p>\n<div style=\"padding-bottom:20px; padding-top:10px;\" class=\"hupso-share-buttons\"><!-- Hupso Share Buttons - https:\/\/www.hupso.com\/share\/ --><a class=\"hupso_toolbar\" href=\"https:\/\/www.hupso.com\/share\/\"><img src=\"http:\/\/static.hupso.com\/share\/buttons\/lang\/es\/share-medium.png\" style=\"border:0px; padding-top: 5px; float:left;\" alt=\"Share Button\"\/><\/a><script type=\"text\/javascript\">var hupso_services_t=new Array(\"Twitter\",\"Facebook\",\"Google Plus\",\"Pinterest\",\"Linkedin\",\"Email\",\"Print\");var hupso_background_t=\"#EAF4FF\";var hupso_border_t=\"#66CCFF\";var hupso_toolbar_size_t=\"medium\";var hupso_image_folder_url = \"\";var hupso_twitter_via=\"hectorops\";var hupso_url_t=\"\";var hupso_title_t=\"REFLEXI%C3%93N%20PARA%20EL%20VIERNES%20DE%20LA%20TRIG%C3%89SIMO%20TERCERA%20SEMANA%20DEL%20T.O.%20%281%29%2022-11-19\";<\/script><script type=\"text\/javascript\" src=\"http:\/\/static.hupso.com\/share\/js\/share_toolbar.js\"><\/script><!-- Hupso Share Buttons --><\/div>","protected":false},"author":1,"featured_media":12477,"comment_status":"open","ping_status":"open","sticky":false,"template":"","format":"standard","meta":{"jetpack_post_was_ever_published":false,"_jetpack_newsletter_access":"","_jetpack_newsletter_tier_id":0,"jetpack_publicize_message":"","jetpack_is_tweetstorm":false,"jetpack_publicize_feature_enabled":true,"jetpack_social_post_already_shared":true,"jetpack_social_options":{"image_generator_settings":{"template":"highway","enabled":false}}},"categories":[1],"tags":[330,765,3374,3415,719,3416,1650,3414,3120,2217,1110,346,803,2,722,506],"jetpack_publicize_connections":[],"jetpack_featured_media_url":"http:\/\/delamanodemaria.com\/wp-content\/uploads\/2019\/11\/mercaderes-templo.jpg","jetpack_shortlink":"https:\/\/wp.me\/p3bBgS-3gm","jetpack_sharing_enabled":true,"jetpack_likes_enabled":true,"_links":{"self":[{"href":"http:\/\/delamanodemaria.com\/index.php?rest_route=\/wp\/v2\/posts\/12546"}],"collection":[{"href":"http:\/\/delamanodemaria.com\/index.php?rest_route=\/wp\/v2\/posts"}],"about":[{"href":"http:\/\/delamanodemaria.com\/index.php?rest_route=\/wp\/v2\/types\/post"}],"author":[{"embeddable":true,"href":"http:\/\/delamanodemaria.com\/index.php?rest_route=\/wp\/v2\/users\/1"}],"replies":[{"embeddable":true,"href":"http:\/\/delamanodemaria.com\/index.php?rest_route=%2Fwp%2Fv2%2Fcomments&post=12546"}],"version-history":[{"count":3,"href":"http:\/\/delamanodemaria.com\/index.php?rest_route=\/wp\/v2\/posts\/12546\/revisions"}],"predecessor-version":[{"id":12549,"href":"http:\/\/delamanodemaria.com\/index.php?rest_route=\/wp\/v2\/posts\/12546\/revisions\/12549"}],"wp:featuredmedia":[{"embeddable":true,"href":"http:\/\/delamanodemaria.com\/index.php?rest_route=\/wp\/v2\/media\/12477"}],"wp:attachment":[{"href":"http:\/\/delamanodemaria.com\/index.php?rest_route=%2Fwp%2Fv2%2Fmedia&parent=12546"}],"wp:term":[{"taxonomy":"category","embeddable":true,"href":"http:\/\/delamanodemaria.com\/index.php?rest_route=%2Fwp%2Fv2%2Fcategories&post=12546"},{"taxonomy":"post_tag","embeddable":true,"href":"http:\/\/delamanodemaria.com\/index.php?rest_route=%2Fwp%2Fv2%2Ftags&post=12546"}],"curies":[{"name":"wp","href":"https:\/\/api.w.org\/{rel}","templated":true}]}}