{"id":12571,"date":"2019-11-23T23:46:13","date_gmt":"2019-11-24T03:46:13","guid":{"rendered":"http:\/\/delamanodemaria.com\/?p=12571"},"modified":"2019-11-23T23:52:22","modified_gmt":"2019-11-24T03:52:22","slug":"reflexion-para-la-solemnidad-de-jesucristo-rey-del-universo-c-24-11-9","status":"publish","type":"post","link":"http:\/\/delamanodemaria.com\/?p=12571","title":{"rendered":"REFLEXI\u00d3N PARA LA SOLEMNIDAD DE JESUCRISTO, REY DEL UNIVERSO (C) 24-11-19"},"content":{"rendered":"\n<figure class=\"wp-block-image\"><img decoding=\"async\" loading=\"lazy\" width=\"600\" height=\"400\" src=\"http:\/\/delamanodemaria.com\/wp-content\/uploads\/2019\/11\/titulum-1.jpg\" alt=\"\" class=\"wp-image-12574\" srcset=\"http:\/\/delamanodemaria.com\/wp-content\/uploads\/2019\/11\/titulum-1.jpg 600w, http:\/\/delamanodemaria.com\/wp-content\/uploads\/2019\/11\/titulum-1-300x200.jpg 300w, http:\/\/delamanodemaria.com\/wp-content\/uploads\/2019\/11\/titulum-1-450x300.jpg 450w\" sizes=\"(max-width: 600px) 100vw, 600px\" \/><figcaption>&#8220;Hab\u00eda tambi\u00e9n por encima de \u00e9l un letrero: \u00abEste es el rey de los jud\u00edos\u00bb&#8221;. <\/figcaption><\/figure>\n\n\n\n<p>Hoy es el trig\u00e9simo cuarto del Tiempo\nOrdinario, Solemnidad de Jesucristo, Rey del Universo; solemnidad que marca el\nfin de Tiempo Ordinario y nos dispone a comenzar ese tiempo lit\u00fargico tan\nespecial del Adviento.<\/p>\n\n\n\n<p>La solemnidad de Cristo Rey fue instaurada por\nel Papa P\u00edo XI el 11 de diciembre de 1925. Quer\u00eda el Papa motivar a los\ncat\u00f3licos a reconocer p\u00fablicamente que la cabeza de la Iglesia es Cristo Rey.\nPosteriormente, se movi\u00f3 al \u00faltimo domingo del tiempo ordinario para resaltar\nla importancia de Cristo como centro de toda la historia universal, coloc\u00e1ndola\nentre un ciclo lit\u00fargico y otro.<\/p>\n\n\n\n<p>Todas las lecturas que nos propone la liturgia\npara hoy (2 Sam 5,1-3; Sal 121,1-2.4-5; Col 1,12-20; y Lc 23,35-43) nos apuntan\nal se\u00f1or\u00edo y reinado de Jes\u00fas, con un sabor escatol\u00f3gico, es decir, a esa\nsegunda venida de Jes\u00fas que marcar\u00e1 el fin de los tiempos y la culminaci\u00f3n de\nsu Reino por toda la eternidad.<\/p>\n\n\n\n<p>La primera lectura, tomada del segundo libro\nde Samuel, nos presenta la unci\u00f3n de David como rey de Israel: \u201cTodos los\nancianos de Israel fueron a Hebr\u00f3n a ver al rey, y el rey David hizo con ellos\nun pacto en Hebr\u00f3n, en presencia del Se\u00f1or, y ellos ungieron a David como rey\nde Israel\u201d. Siglos m\u00e1s tarde, en el momento de Anunciaci\u00f3n, el \u00e1ngel dir\u00e1 a la\nVirgen Mar\u00eda: \u201cConcebir\u00e1s y dar\u00e1s a luz un hijo, y le pondr\u00e1s por nombre Jes\u00fas;\n\u00c9l ser\u00e1 grande y ser\u00e1 llamado Hijo del Alt\u00edsimo. El Se\u00f1or Dios le dar\u00e1 el trono\nde David, su padre, reinar\u00e1 sobre la casa de Jacob para siempre y su reino no\ntendr\u00e1 fin\u201d. Jes\u00fas es el \u00faltimo rey de la estirpe de David, y su reino, que ya\nha comenzado, no tendr\u00e1 fin.<\/p>\n\n\n\n<p>En la segunda lectura, tomada de la carta a\nlos Colosenses, san Pablo nos reitera el se\u00f1or\u00edo de Jesucristo: \u201c\u00c9l es anterior\na todo, y todo se mantiene en \u00e9l. \u00c9l es tambi\u00e9n la cabeza del cuerpo: de la\nIglesia. \u00c9l es el principio, el primog\u00e9nito de entre los muertos, y as\u00ed es el\nprimero en todo. Porque en \u00e9l quiso Dios que residiera toda la plenitud. Y por\n\u00e9l quiso reconciliar consigo todos los seres: los del cielo y los de la tierra,\nhaciendo la paz por la sangre de su cruz\u201d.<\/p>\n\n\n\n<p>De ambas lecturas surge claramente que el\nReinado de Jes\u00fas no se rige por las normas de los reinos terrenales. Un reino\nque \u201cno tiene fin\u201d, es eterno, y en vez de convertirnos en s\u00fabditos, nos libera,\nseg\u00fan queda patente en el pasaje evang\u00e9lico que contemplamos hoy, cuando el \u201cbuen\nladr\u00f3n\u201d reconoce el se\u00f1or\u00edo de Jes\u00fas al decirle: \u201cacu\u00e9rdate de m\u00ed cuando llegues\na tu reino\u201d. Jes\u00fas lo reitera cuando le contesta: \u201cTe lo aseguro: hoy estar\u00e1s\nconmigo en el para\u00edso\u201d.<\/p>\n\n\n\n<p>El Reino de Jesucristo no es de este mundo, pero\nse inicia y se va germinando en este mundo, y alcanzar\u00e1 su plenitud definitiva\nal final de los tiempos, cuando el demonio, el pecado, el dolor y la muerte\nhayan sido erradicados para siempre. Entonces contemplaremos su rostro y\nllevaremos su nombre en la frente, y reinaremos junto al \u00c9l por los siglos de\nlos siglos (Cfr. Ap 22,4-5). \u00a1Qu\u00e9 promesa!<\/p>\n\n\n\n<p>Recuerda visitar la Casa de nuestro Rey; \u00c9l\nmismo vendr\u00e1 a tu encuentro.<\/p>\n<div style=\"padding-bottom:20px; padding-top:10px;\" class=\"hupso-share-buttons\"><!-- Hupso Share Buttons - https:\/\/www.hupso.com\/share\/ --><a class=\"hupso_toolbar\" href=\"https:\/\/www.hupso.com\/share\/\"><img src=\"http:\/\/static.hupso.com\/share\/buttons\/lang\/es\/share-medium.png\" style=\"border:0px; padding-top: 5px; float:left;\" alt=\"Share Button\"\/><\/a><script type=\"text\/javascript\">var hupso_services_t=new Array(\"Twitter\",\"Facebook\",\"Google Plus\",\"Pinterest\",\"Linkedin\",\"Email\",\"Print\");var hupso_background_t=\"#EAF4FF\";var hupso_border_t=\"#66CCFF\";var hupso_toolbar_size_t=\"medium\";var hupso_image_folder_url = \"\";var hupso_twitter_via=\"hectorops\";var hupso_url_t=\"\";var hupso_title_t=\"REFLEXI%C3%93N%20PARA%20LA%20SOLEMNIDAD%20DE%20JESUCRISTO%2C%20REY%20DEL%20UNIVERSO%20%28C%29%2024-11-19\";<\/script><script type=\"text\/javascript\" src=\"http:\/\/static.hupso.com\/share\/js\/share_toolbar.js\"><\/script><!-- Hupso Share Buttons --><\/div>","protected":false},"excerpt":{"rendered":"<p>Hoy es el trig\u00e9simo cuarto del Tiempo Ordinario, Solemnidad de Jesucristo, Rey del Universo; solemnidad que marca el fin de Tiempo Ordinario y nos dispone a comenzar ese tiempo lit\u00fargico tan especial del Adviento. La solemnidad de Cristo Rey fue &hellip; <a href=\"http:\/\/delamanodemaria.com\/?p=12571\">Continue reading <span class=\"meta-nav\">&rarr;<\/span><\/a><\/p>\n<div style=\"padding-bottom:20px; padding-top:10px;\" class=\"hupso-share-buttons\"><!-- Hupso Share Buttons - https:\/\/www.hupso.com\/share\/ --><a class=\"hupso_toolbar\" href=\"https:\/\/www.hupso.com\/share\/\"><img src=\"http:\/\/static.hupso.com\/share\/buttons\/lang\/es\/share-medium.png\" style=\"border:0px; padding-top: 5px; float:left;\" alt=\"Share Button\"\/><\/a><script type=\"text\/javascript\">var hupso_services_t=new Array(\"Twitter\",\"Facebook\",\"Google Plus\",\"Pinterest\",\"Linkedin\",\"Email\",\"Print\");var hupso_background_t=\"#EAF4FF\";var hupso_border_t=\"#66CCFF\";var hupso_toolbar_size_t=\"medium\";var hupso_image_folder_url = \"\";var hupso_twitter_via=\"hectorops\";var hupso_url_t=\"\";var hupso_title_t=\"REFLEXI%C3%93N%20PARA%20LA%20SOLEMNIDAD%20DE%20JESUCRISTO%2C%20REY%20DEL%20UNIVERSO%20%28C%29%2024-11-19\";<\/script><script type=\"text\/javascript\" src=\"http:\/\/static.hupso.com\/share\/js\/share_toolbar.js\"><\/script><!-- Hupso Share Buttons --><\/div>","protected":false},"author":1,"featured_media":12574,"comment_status":"open","ping_status":"open","sticky":false,"template":"","format":"standard","meta":{"jetpack_post_was_ever_published":false,"_jetpack_newsletter_access":"","_jetpack_newsletter_tier_id":0,"jetpack_publicize_message":"","jetpack_is_tweetstorm":false,"jetpack_publicize_feature_enabled":true,"jetpack_social_post_already_shared":true,"jetpack_social_options":{"image_generator_settings":{"template":"highway","enabled":false}}},"categories":[1],"tags":[330,84,1254,3,3419,384,1252,3420,739,355,1695,3418,2,367,1453,2622,321,722],"jetpack_publicize_connections":[],"jetpack_featured_media_url":"http:\/\/delamanodemaria.com\/wp-content\/uploads\/2019\/11\/titulum-1.jpg","jetpack_shortlink":"https:\/\/wp.me\/p3bBgS-3gL","jetpack_sharing_enabled":true,"jetpack_likes_enabled":true,"_links":{"self":[{"href":"http:\/\/delamanodemaria.com\/index.php?rest_route=\/wp\/v2\/posts\/12571"}],"collection":[{"href":"http:\/\/delamanodemaria.com\/index.php?rest_route=\/wp\/v2\/posts"}],"about":[{"href":"http:\/\/delamanodemaria.com\/index.php?rest_route=\/wp\/v2\/types\/post"}],"author":[{"embeddable":true,"href":"http:\/\/delamanodemaria.com\/index.php?rest_route=\/wp\/v2\/users\/1"}],"replies":[{"embeddable":true,"href":"http:\/\/delamanodemaria.com\/index.php?rest_route=%2Fwp%2Fv2%2Fcomments&post=12571"}],"version-history":[{"count":3,"href":"http:\/\/delamanodemaria.com\/index.php?rest_route=\/wp\/v2\/posts\/12571\/revisions"}],"predecessor-version":[{"id":12576,"href":"http:\/\/delamanodemaria.com\/index.php?rest_route=\/wp\/v2\/posts\/12571\/revisions\/12576"}],"wp:featuredmedia":[{"embeddable":true,"href":"http:\/\/delamanodemaria.com\/index.php?rest_route=\/wp\/v2\/media\/12574"}],"wp:attachment":[{"href":"http:\/\/delamanodemaria.com\/index.php?rest_route=%2Fwp%2Fv2%2Fmedia&parent=12571"}],"wp:term":[{"taxonomy":"category","embeddable":true,"href":"http:\/\/delamanodemaria.com\/index.php?rest_route=%2Fwp%2Fv2%2Fcategories&post=12571"},{"taxonomy":"post_tag","embeddable":true,"href":"http:\/\/delamanodemaria.com\/index.php?rest_route=%2Fwp%2Fv2%2Ftags&post=12571"}],"curies":[{"name":"wp","href":"https:\/\/api.w.org\/{rel}","templated":true}]}}