{"id":12583,"date":"2019-11-25T17:38:01","date_gmt":"2019-11-25T21:38:01","guid":{"rendered":"http:\/\/delamanodemaria.com\/?p=12583"},"modified":"2019-11-25T17:39:37","modified_gmt":"2019-11-25T21:39:37","slug":"reflexion-para-el-martes-de-la-trigesimo-cuarta-semana-del-t-o-1-26-11-19","status":"publish","type":"post","link":"http:\/\/delamanodemaria.com\/?p=12583","title":{"rendered":"REFLEXI\u00d3N PARA EL MARTES DE LA TRIG\u00c9SIMO CUARTA SEMANA DEL T.O. (1) 26-11-19"},"content":{"rendered":"\n<figure class=\"wp-block-image is-resized\"><img decoding=\"async\" loading=\"lazy\" src=\"http:\/\/delamanodemaria.com\/wp-content\/uploads\/2019\/11\/el-sue\u00f1o-de-nabucodonosor-1.jpg\" alt=\"\" class=\"wp-image-12586\" width=\"450\" height=\"248\" srcset=\"http:\/\/delamanodemaria.com\/wp-content\/uploads\/2019\/11\/el-sue\u00f1o-de-nabucodonosor-1.jpg 833w, http:\/\/delamanodemaria.com\/wp-content\/uploads\/2019\/11\/el-sue\u00f1o-de-nabucodonosor-1-300x166.jpg 300w, http:\/\/delamanodemaria.com\/wp-content\/uploads\/2019\/11\/el-sue\u00f1o-de-nabucodonosor-1-768x424.jpg 768w, http:\/\/delamanodemaria.com\/wp-content\/uploads\/2019\/11\/el-sue\u00f1o-de-nabucodonosor-1-500x276.jpg 500w\" sizes=\"(max-width: 450px) 100vw, 450px\" \/><figcaption>El Sue\u00f1o del rey Nabucodonosor&#8230;<\/figcaption><\/figure>\n\n\n\n<p>En la lectura evang\u00e9lica que nos ofrece la liturgia de hoy (Lc 21,5-11), <a href=\"http:\/\/delamanodemaria.com\/?p=12511\" target=\"_blank\" rel=\"noreferrer noopener\" aria-label=\"un fragmento del Evangelio que le\u00edmos el pasado domingo XXXIII de este ciclo C (opens in a new tab)\">un fragmento del Evangelio que le\u00edmos el pasado domingo XXXIII de este ciclo C<\/a>, Jes\u00fas utiliza un lenguaje simb\u00f3lico muy familiar para los jud\u00edos de su \u00e9poca, el llamado g\u00e9nero apocal\u00edptico, una especie de \u201cc\u00f3digo\u201d que todos comprend\u00edan. Esta lectura nos sit\u00faa en el comienzo del \u00faltimo discurso de Jes\u00fas, en el cual se mezclan dos eventos: el fin de Jerusal\u00e9n y el fin del mundo, siendo el primero un s\u00edmbolo del segundo. De hecho, todas las lecturas que estamos contemplando durante esta \u00faltima semana del tiempo ordinario tienen sabor escatol\u00f3gico; tratan de la destrucci\u00f3n de Jerusal\u00e9n, el final de los tiempos, y la instauraci\u00f3n del Reinado de Dios al final de la historia.<\/p>\n\n\n\n<p>La primera lectura para hoy, al igual que las\nde los d\u00edas recientes, est\u00e1 tomada del libro de Daniel (2,31-45). En el pasaje\nque contempl\u00e1ramos ayer (Dn 1,1-6.8-20) ve\u00edamos c\u00f3mo Daniel, Anan\u00edas, Misael y\nAzar\u00edas, manteni\u00e9ndose firmes en su fe, hab\u00edan descollado sobre todos los dem\u00e1s\nj\u00f3venes, porque \u201cDios les [hab\u00eda concedido] a los cuatro un conocimiento\nprofundo de todos los libros del saber\u201d, lo que hizo que el rey los tomara a su\nservicio, por su sabidur\u00eda. Nos dec\u00eda la lectura, adem\u00e1s, que \u201cDaniel sab\u00eda\nadem\u00e1s interpretar visiones y sue\u00f1os\u201d.<\/p>\n\n\n\n<p>El pasaje que leemos hoy nos presenta el sue\u00f1o\ndel rey Nabucodonosor, en el que este hab\u00eda visto una enorme estatua, y Daniel,\nhaciendo uso de su don de interpretaci\u00f3n de sue\u00f1os, le explica al rey el\nsignificado del mismo.<\/p>\n\n\n\n<p>En su sue\u00f1o, Nabucodonosor tuvo una visi\u00f3n de\n\u201cuna estatua majestuosa, una estatua gigantesca y de un brillo extraordinario;\nsu aspecto era impresionante. Ten\u00eda la cabeza de oro fino, el pecho y los\nbrazos de plata, el vientre y los muslos de bronce, las piernas de hierro y los\npies de hierro mezclado con barro\u201d. En la visi\u00f3n \u201cuna piedra se desprendi\u00f3 sin\nintervenci\u00f3n humana, choc\u00f3 con los pies de hierro y barro de la estatua y la\nhizo pedazos. Del golpe, se hicieron pedazos el hierro y el barro, el bronce,\nla plata y el oro, triturados como tamo de una era en verano, que el viento\narrebata y desaparece sin dejar rastro. Y la piedra que deshizo la estatua\ncreci\u00f3 hasta convertirse en una monta\u00f1a enorme que ocupaba toda la tierra.<\/p>\n\n\n\n<p>Es una visi\u00f3n pre\u00f1ada de tantos simbolismos\nque resulta imposible, en tan breve espacio, intentar descifrarlos todos, m\u00e1s\nall\u00e1 de la interpretaci\u00f3n inmediata que Daniel le brinda a Nabucodonosor. Nos\nlimitaremos a se\u00f1alar que algunos ex\u00e9getas ven en la \u201cpiedra se desprendi\u00f3 sin\nintervenci\u00f3n humana\u201d, la figura de Cristo, que naci\u00f3 \u201csin intervenci\u00f3n humana\u201d\ndel vientre virginal de Mar\u00eda (Cristo es \u201cla roca que nos salva\u201d). Asimismo, \u201cmonta\u00f1a\nenorme que ocupaba toda la tierra\u201d en que se convirti\u00f3 la piedra, simboliza la\ninstauraci\u00f3n del Reinado definitivo de Dios al final de los tiempos (para los\njud\u00edos el poder de Dios se manifiesta en la monta\u00f1a), cuyo reino que \u201cnunca\nser\u00e1 destruido ni su dominio pasar\u00e1 a otro\u201d.<\/p>\n\n\n\n<p>No hay duda que al final de los tiempos el\nHijo vendr\u00e1 con gloria para concretizar el Reino para toda la eternidad. La\npregunta obligada es: \u00bfSeremos contados en el n\u00famero de los elegidos? (<em>Cfr<\/em>. Ap, 7,9-11) De nosotros depende\u2026<\/p>\n<div style=\"padding-bottom:20px; padding-top:10px;\" class=\"hupso-share-buttons\"><!-- Hupso Share Buttons - https:\/\/www.hupso.com\/share\/ --><a class=\"hupso_toolbar\" href=\"https:\/\/www.hupso.com\/share\/\"><img src=\"http:\/\/static.hupso.com\/share\/buttons\/lang\/es\/share-medium.png\" style=\"border:0px; padding-top: 5px; float:left;\" alt=\"Share Button\"\/><\/a><script type=\"text\/javascript\">var hupso_services_t=new Array(\"Twitter\",\"Facebook\",\"Google Plus\",\"Pinterest\",\"Linkedin\",\"Email\",\"Print\");var hupso_background_t=\"#EAF4FF\";var hupso_border_t=\"#66CCFF\";var hupso_toolbar_size_t=\"medium\";var hupso_image_folder_url = \"\";var hupso_twitter_via=\"hectorops\";var hupso_url_t=\"\";var hupso_title_t=\"REFLEXI%C3%93N%20PARA%20EL%20MARTES%20DE%20LA%20TRIG%C3%89SIMO%20CUARTA%20SEMANA%20DEL%20T.O.%20%281%29%2026-11-19\";<\/script><script type=\"text\/javascript\" src=\"http:\/\/static.hupso.com\/share\/js\/share_toolbar.js\"><\/script><!-- Hupso Share Buttons --><\/div>","protected":false},"excerpt":{"rendered":"<p>En la lectura evang\u00e9lica que nos ofrece la liturgia de hoy (Lc 21,5-11), un fragmento del Evangelio que le\u00edmos el pasado domingo XXXIII de este ciclo C, Jes\u00fas utiliza un lenguaje simb\u00f3lico muy familiar para los jud\u00edos de su \u00e9poca, &hellip; <a href=\"http:\/\/delamanodemaria.com\/?p=12583\">Continue reading <span class=\"meta-nav\">&rarr;<\/span><\/a><\/p>\n<div style=\"padding-bottom:20px; padding-top:10px;\" class=\"hupso-share-buttons\"><!-- Hupso Share Buttons - https:\/\/www.hupso.com\/share\/ --><a class=\"hupso_toolbar\" href=\"https:\/\/www.hupso.com\/share\/\"><img src=\"http:\/\/static.hupso.com\/share\/buttons\/lang\/es\/share-medium.png\" style=\"border:0px; padding-top: 5px; float:left;\" alt=\"Share Button\"\/><\/a><script type=\"text\/javascript\">var hupso_services_t=new Array(\"Twitter\",\"Facebook\",\"Google Plus\",\"Pinterest\",\"Linkedin\",\"Email\",\"Print\");var hupso_background_t=\"#EAF4FF\";var hupso_border_t=\"#66CCFF\";var hupso_toolbar_size_t=\"medium\";var hupso_image_folder_url = \"\";var hupso_twitter_via=\"hectorops\";var hupso_url_t=\"\";var hupso_title_t=\"REFLEXI%C3%93N%20PARA%20EL%20MARTES%20DE%20LA%20TRIG%C3%89SIMO%20CUARTA%20SEMANA%20DEL%20T.O.%20%281%29%2026-11-19\";<\/script><script type=\"text\/javascript\" src=\"http:\/\/static.hupso.com\/share\/js\/share_toolbar.js\"><\/script><!-- Hupso Share Buttons --><\/div>","protected":false},"author":1,"featured_media":12585,"comment_status":"open","ping_status":"open","sticky":false,"template":"","format":"standard","meta":{"jetpack_post_was_ever_published":false,"_jetpack_newsletter_access":"","_jetpack_newsletter_tier_id":0,"jetpack_publicize_message":"","jetpack_is_tweetstorm":false,"jetpack_publicize_feature_enabled":true,"jetpack_social_post_already_shared":true,"jetpack_social_options":{"image_generator_settings":{"template":"highway","enabled":false}}},"categories":[1],"tags":[2305,765,3428,360,3429,2630,342,359,1589,3427,1189,361,2,2686,722,3426],"jetpack_publicize_connections":[],"jetpack_featured_media_url":"http:\/\/delamanodemaria.com\/wp-content\/uploads\/2019\/11\/el-sue\u00f1o-de-nabucodonosor.jpg","jetpack_shortlink":"https:\/\/wp.me\/p3bBgS-3gX","jetpack_sharing_enabled":true,"jetpack_likes_enabled":true,"_links":{"self":[{"href":"http:\/\/delamanodemaria.com\/index.php?rest_route=\/wp\/v2\/posts\/12583"}],"collection":[{"href":"http:\/\/delamanodemaria.com\/index.php?rest_route=\/wp\/v2\/posts"}],"about":[{"href":"http:\/\/delamanodemaria.com\/index.php?rest_route=\/wp\/v2\/types\/post"}],"author":[{"embeddable":true,"href":"http:\/\/delamanodemaria.com\/index.php?rest_route=\/wp\/v2\/users\/1"}],"replies":[{"embeddable":true,"href":"http:\/\/delamanodemaria.com\/index.php?rest_route=%2Fwp%2Fv2%2Fcomments&post=12583"}],"version-history":[{"count":4,"href":"http:\/\/delamanodemaria.com\/index.php?rest_route=\/wp\/v2\/posts\/12583\/revisions"}],"predecessor-version":[{"id":12589,"href":"http:\/\/delamanodemaria.com\/index.php?rest_route=\/wp\/v2\/posts\/12583\/revisions\/12589"}],"wp:featuredmedia":[{"embeddable":true,"href":"http:\/\/delamanodemaria.com\/index.php?rest_route=\/wp\/v2\/media\/12585"}],"wp:attachment":[{"href":"http:\/\/delamanodemaria.com\/index.php?rest_route=%2Fwp%2Fv2%2Fmedia&parent=12583"}],"wp:term":[{"taxonomy":"category","embeddable":true,"href":"http:\/\/delamanodemaria.com\/index.php?rest_route=%2Fwp%2Fv2%2Fcategories&post=12583"},{"taxonomy":"post_tag","embeddable":true,"href":"http:\/\/delamanodemaria.com\/index.php?rest_route=%2Fwp%2Fv2%2Ftags&post=12583"}],"curies":[{"name":"wp","href":"https:\/\/api.w.org\/{rel}","templated":true}]}}