{"id":12621,"date":"2019-11-30T21:55:46","date_gmt":"2019-12-01T01:55:46","guid":{"rendered":"http:\/\/delamanodemaria.com\/?p=12621"},"modified":"2019-11-30T21:55:46","modified_gmt":"2019-12-01T01:55:46","slug":"reflexion-para-el-primer-domingo-de-adviento-a-01-12-19","status":"publish","type":"post","link":"http:\/\/delamanodemaria.com\/?p=12621","title":{"rendered":"REFLEXI\u00d3N PARA EL PRIMER DOMINGO DE ADVIENTO (A) 01-12-19"},"content":{"rendered":"\n<figure class=\"wp-block-image\"><img decoding=\"async\" loading=\"lazy\" width=\"588\" height=\"400\" src=\"http:\/\/delamanodemaria.com\/wp-content\/uploads\/2019\/11\/domingo-1-adviento.jpg\" alt=\"\" class=\"wp-image-12623\" srcset=\"http:\/\/delamanodemaria.com\/wp-content\/uploads\/2019\/11\/domingo-1-adviento.jpg 588w, http:\/\/delamanodemaria.com\/wp-content\/uploads\/2019\/11\/domingo-1-adviento-300x204.jpg 300w, http:\/\/delamanodemaria.com\/wp-content\/uploads\/2019\/11\/domingo-1-adviento-441x300.jpg 441w\" sizes=\"(max-width: 588px) 100vw, 588px\" \/><\/figure>\n\n\n\n<p>A Isa\u00edas se le llama el \u201cprofeta del\nAdviento\u201d, porque su profec\u00eda domina la liturgia durante este tiempo que nos\nprepara para la Navidad. En Isa\u00edas encontramos la promesa y la esperanza de que\nse cumplan todos los sue\u00f1os mesi\u00e1nicos del pueblo de Israel; esos sue\u00f1os que\nhallar\u00e1n cumplimiento en la persona de Jes\u00fas en quien, seg\u00fan nos resalta Mateo\nen su relato evang\u00e9lico, se cumplen todas las profec\u00edas mesi\u00e1nicas del Antiguo\nTestamento. Pero no debemos pasar por alto que este tiempo tambi\u00e9n nos remite,\ncomo a los primeros cristianos, a la segunda venida de Jes\u00fas al final de los\ntiempos.<\/p>\n\n\n\n<p>Las normas universales sobre el a\u00f1o lit\u00fargico\nnos presentan as\u00ed este tiempo: \u201cEl tiempo de Adviento tiene una doble \u00edndole:\nes el tiempo de preparaci\u00f3n para las solemnidades de Navidad, en las que se\nconmemora la primera venida del Hijo de Dios a los hombres, y es a la vez el\ntiempo en el que por este recuerdo se dirigen las mentes hacia la expectaci\u00f3n\nde la segunda venida de Cristo al fin de los tiempos. Por estas dos razones el\nAdviento se nos manifiesta como tiempo de una expectaci\u00f3n piadosa y alegre\u201d\n(N.U., 39).<\/p>\n\n\n\n<p>Las lecturas que nos ofrece la liturgia para\neste primer domingo de Adviento tienen sabor escatol\u00f3gico, es decir, nos\nremiten a esa \u201cespera\u201d de la parus\u00eda, la segunda venida de Jes\u00fas. La primera\nlectura, tomada del libro de Isa\u00edas (2,1-5), nos habla del \u201cfinal de los d\u00edas\u201d\nen que todos los pueblos converger\u00e1n en la ciudad santa de Jerusal\u00e9n (<em>Cfr<\/em>. Ap 21,9-27), y ya la guerra y la\nviolencia ser\u00e1n cosa del pasado. \u201cDe las espadas forjar\u00e1n arados, de las\nlanzas, podaderas\u201d.<\/p>\n\n\n\n<p>La segunda lectura, tomada de la carta del\nAp\u00f3stol san Pablo a los Romanos (13,11-14), nos exhorta a estar vigilantes a\nesa segunda venida de Jes\u00fas: \u201cLa noche est\u00e1 avanzada, el d\u00eda se echa encima:\ndejemos las actividades de las tinieblas y pertrech\u00e9monos con las armas de la\nluz\u201d. Lo cierto es que con el nacimiento de Jes\u00fas se inaugur\u00f3 el Reino que el\npueblo esperaba, ese Reino que ya ha comenzado pero que no est\u00e1 concretizado.\nEl \u201cfinal de los tiempos\u201d es aqu\u00ed y ahora, hasta tanto llegue el Hijo del\nhombre cubierto de gloria para dejar instaurado su Reinado por toda la\neternidad. De ah\u00ed el llamado a estar vigilantes, pues no sabemos el d\u00eda ni la\nhora. En ocasiones anteriores hemos recalcado que para cada uno de nosotros ese\n\u201cd\u00eda\u201d puede ser en cualquier momento, incluso hoy mismo. Entonces pasaremos a\nese estado en que el tiempo lineal desaparece, y solo existe el hoy de la\neternidad. De ah\u00ed que san Pablo nos exhorta a estar \u201cvestidos\u201d de nuestro Se\u00f1or\nJesucristo, para que esa \u201chora\u201d no nos sorprenda en pecado.<\/p>\n\n\n\n<p>As\u00ed nos advierte la lectura evang\u00e9lica (Mt 24,37-44):\n\u201cPor lo tanto, estad en vela, porque no sab\u00e9is qu\u00e9 d\u00eda vendr\u00e1 vuestro Se\u00f1or\u2026 estad\ntambi\u00e9n vosotros preparados, porque a la hora que menos pens\u00e9is viene el Hijo\ndel hombre\u201d.<\/p>\n\n\n\n<p>Aunque nuestra vida deber\u00eda ser un constante\nAdviento, este tiempo nos invita a convertirnos en otros \u201ccristos\u201d de manera\nque, llegada la hora, podamos reinar junto a \u00c9l por toda la eternidad (<em>Cfr<\/em>. Ap 22,5).<\/p>\n<div style=\"padding-bottom:20px; padding-top:10px;\" class=\"hupso-share-buttons\"><!-- Hupso Share Buttons - https:\/\/www.hupso.com\/share\/ --><a class=\"hupso_toolbar\" href=\"https:\/\/www.hupso.com\/share\/\"><img src=\"http:\/\/static.hupso.com\/share\/buttons\/lang\/es\/share-medium.png\" style=\"border:0px; padding-top: 5px; float:left;\" alt=\"Share Button\"\/><\/a><script type=\"text\/javascript\">var hupso_services_t=new Array(\"Twitter\",\"Facebook\",\"Google Plus\",\"Pinterest\",\"Linkedin\",\"Email\",\"Print\");var hupso_background_t=\"#EAF4FF\";var hupso_border_t=\"#66CCFF\";var hupso_toolbar_size_t=\"medium\";var hupso_image_folder_url = \"\";var hupso_twitter_via=\"hectorops\";var hupso_url_t=\"\";var hupso_title_t=\"REFLEXI%C3%93N%20PARA%20EL%20PRIMER%20DOMINGO%20DE%20ADVIENTO%20%28A%29%2001-12-19\";<\/script><script type=\"text\/javascript\" src=\"http:\/\/static.hupso.com\/share\/js\/share_toolbar.js\"><\/script><!-- Hupso Share Buttons --><\/div>","protected":false},"excerpt":{"rendered":"<p>A Isa\u00edas se le llama el \u201cprofeta del Adviento\u201d, porque su profec\u00eda domina la liturgia durante este tiempo que nos prepara para la Navidad. En Isa\u00edas encontramos la promesa y la esperanza de que se cumplan todos los sue\u00f1os mesi\u00e1nicos &hellip; <a href=\"http:\/\/delamanodemaria.com\/?p=12621\">Continue reading <span class=\"meta-nav\">&rarr;<\/span><\/a><\/p>\n<div style=\"padding-bottom:20px; padding-top:10px;\" class=\"hupso-share-buttons\"><!-- Hupso Share Buttons - https:\/\/www.hupso.com\/share\/ --><a class=\"hupso_toolbar\" href=\"https:\/\/www.hupso.com\/share\/\"><img src=\"http:\/\/static.hupso.com\/share\/buttons\/lang\/es\/share-medium.png\" style=\"border:0px; padding-top: 5px; float:left;\" alt=\"Share Button\"\/><\/a><script type=\"text\/javascript\">var hupso_services_t=new Array(\"Twitter\",\"Facebook\",\"Google Plus\",\"Pinterest\",\"Linkedin\",\"Email\",\"Print\");var hupso_background_t=\"#EAF4FF\";var hupso_border_t=\"#66CCFF\";var hupso_toolbar_size_t=\"medium\";var hupso_image_folder_url = \"\";var hupso_twitter_via=\"hectorops\";var hupso_url_t=\"\";var hupso_title_t=\"REFLEXI%C3%93N%20PARA%20EL%20PRIMER%20DOMINGO%20DE%20ADVIENTO%20%28A%29%2001-12-19\";<\/script><script type=\"text\/javascript\" src=\"http:\/\/static.hupso.com\/share\/js\/share_toolbar.js\"><\/script><!-- Hupso Share Buttons --><\/div>","protected":false},"author":1,"featured_media":12623,"comment_status":"open","ping_status":"open","sticky":false,"template":"","format":"standard","meta":{"jetpack_post_was_ever_published":false,"_jetpack_newsletter_access":"","_jetpack_newsletter_tier_id":0,"jetpack_publicize_message":"","jetpack_is_tweetstorm":false,"jetpack_publicize_feature_enabled":true,"jetpack_social_post_already_shared":true,"jetpack_social_options":{"image_generator_settings":{"template":"highway","enabled":false}}},"categories":[1],"tags":[330,281,1730,344,2632,1709,342,419,371,206,372,271,803,1676,725,2282,2,97,309,3443,2633,2569],"jetpack_publicize_connections":[],"jetpack_featured_media_url":"http:\/\/delamanodemaria.com\/wp-content\/uploads\/2019\/11\/domingo-1-adviento.jpg","jetpack_shortlink":"https:\/\/wp.me\/p3bBgS-3hz","jetpack_sharing_enabled":true,"jetpack_likes_enabled":true,"_links":{"self":[{"href":"http:\/\/delamanodemaria.com\/index.php?rest_route=\/wp\/v2\/posts\/12621"}],"collection":[{"href":"http:\/\/delamanodemaria.com\/index.php?rest_route=\/wp\/v2\/posts"}],"about":[{"href":"http:\/\/delamanodemaria.com\/index.php?rest_route=\/wp\/v2\/types\/post"}],"author":[{"embeddable":true,"href":"http:\/\/delamanodemaria.com\/index.php?rest_route=\/wp\/v2\/users\/1"}],"replies":[{"embeddable":true,"href":"http:\/\/delamanodemaria.com\/index.php?rest_route=%2Fwp%2Fv2%2Fcomments&post=12621"}],"version-history":[{"count":2,"href":"http:\/\/delamanodemaria.com\/index.php?rest_route=\/wp\/v2\/posts\/12621\/revisions"}],"predecessor-version":[{"id":12624,"href":"http:\/\/delamanodemaria.com\/index.php?rest_route=\/wp\/v2\/posts\/12621\/revisions\/12624"}],"wp:featuredmedia":[{"embeddable":true,"href":"http:\/\/delamanodemaria.com\/index.php?rest_route=\/wp\/v2\/media\/12623"}],"wp:attachment":[{"href":"http:\/\/delamanodemaria.com\/index.php?rest_route=%2Fwp%2Fv2%2Fmedia&parent=12621"}],"wp:term":[{"taxonomy":"category","embeddable":true,"href":"http:\/\/delamanodemaria.com\/index.php?rest_route=%2Fwp%2Fv2%2Fcategories&post=12621"},{"taxonomy":"post_tag","embeddable":true,"href":"http:\/\/delamanodemaria.com\/index.php?rest_route=%2Fwp%2Fv2%2Ftags&post=12621"}],"curies":[{"name":"wp","href":"https:\/\/api.w.org\/{rel}","templated":true}]}}