{"id":12625,"date":"2019-12-01T19:00:56","date_gmt":"2019-12-01T23:00:56","guid":{"rendered":"http:\/\/delamanodemaria.com\/?p=12625"},"modified":"2019-12-01T19:00:56","modified_gmt":"2019-12-01T23:00:56","slug":"se-canta-el-gloria-y-el-aleluya-en-el-tiempo-de-adviento","status":"publish","type":"post","link":"http:\/\/delamanodemaria.com\/?p=12625","title":{"rendered":"\u00bfSe canta el Gloria y el Aleluya en el Tiempo de Adviento?"},"content":{"rendered":"\n<figure class=\"wp-block-image\"><img decoding=\"async\" loading=\"lazy\" width=\"600\" height=\"250\" src=\"http:\/\/delamanodemaria.com\/wp-content\/uploads\/2019\/12\/c\u00e1ntico-de-alabanza.jpg\" alt=\"\" class=\"wp-image-12627\" srcset=\"http:\/\/delamanodemaria.com\/wp-content\/uploads\/2019\/12\/c\u00e1ntico-de-alabanza.jpg 600w, http:\/\/delamanodemaria.com\/wp-content\/uploads\/2019\/12\/c\u00e1ntico-de-alabanza-300x125.jpg 300w, http:\/\/delamanodemaria.com\/wp-content\/uploads\/2019\/12\/c\u00e1ntico-de-alabanza-500x208.jpg 500w\" sizes=\"(max-width: 600px) 100vw, 600px\" \/><\/figure>\n\n\n\n<p>El Tiempo de Adviento es un tiempo de preparaci\u00f3n, sus\ndistintos s\u00edmbolos nos encaminan hacia la Navidad, las velas nos recuerdan que\ndebemos estar vigilantes ante la llegada de Jes\u00fas. Sin embargo, desde el punto\nde vista lit\u00fargico, surge la siguiente duda: \u00bfse canta el Aleluya y el Gloria\ndurante estas cuatro semanas que dura el Adviento? Lo explicaremos a\ncontinuaci\u00f3n.<\/p>\n\n\n\n<p>El Aleluya es una aclamaci\u00f3n que precede a la proclamaci\u00f3n del Evangelio, y no se omite durante el Tiempo de Adviento. Esta aclamaci\u00f3n refleja alegr\u00eda ante la Buena Noticia (Evangelio) que est\u00e1 por proclamarse (<em>s\u00f3lo en el Tiempo de Cuaresma, el Aleluya no se canta<\/em>; se sustituye por otro canto que no contenga dicha palabra).<\/p>\n\n\n\n<p><em><strong>El canto del Glor\u00eda s\u00ed se omite durante el Tiempo de Adviento<\/strong><\/em>, <em>excepto<\/em> en dos casos: para la Solemnidad de la Inmaculada Concepci\u00f3n (08 de diciembre) y para la Fiesta de Nuestra Se\u00f1ora de Guadalupe (12 de diciembre, solemnidad en M\u00e9xico). Se vuelve a entonar hasta en la Misa de nochebuena, el 24 de diciembre.<\/p>\n\n\n\n<p>Recordemos que en la misa y en los dem\u00e1s sacramentos, cada\ncanto tiene su sentido y su lugar. Es de suma importancia formarnos en el tema\nde m\u00fasica lit\u00fargica, s\u00f3lo as\u00ed le daremos a cada celebraci\u00f3n y a cada Tiempo\nlit\u00fargico el sentido que merece.<\/p>\n\n\n\n<p>\u2013 Padre Sam<\/p>\n\n\n\n<p>Tomado de <a href=\"https:\/\/www.padresam.com\/se-canta-gloria-aleluya-tiempo-adviento\/\" target=\"_blank\" rel=\"noreferrer noopener\" aria-label=\"https:\/\/www.padresam.com\/se-canta-gloria-aleluya-tiempo-adviento\/ (opens in a new tab)\">https:\/\/www.padresam.com\/se-canta-gloria-aleluya-tiempo-adviento\/<\/a><\/p>\n<div style=\"padding-bottom:20px; padding-top:10px;\" class=\"hupso-share-buttons\"><!-- Hupso Share Buttons - https:\/\/www.hupso.com\/share\/ --><a class=\"hupso_toolbar\" href=\"https:\/\/www.hupso.com\/share\/\"><img src=\"http:\/\/static.hupso.com\/share\/buttons\/lang\/es\/share-medium.png\" style=\"border:0px; padding-top: 5px; float:left;\" alt=\"Share Button\"\/><\/a><script type=\"text\/javascript\">var hupso_services_t=new Array(\"Twitter\",\"Facebook\",\"Google Plus\",\"Pinterest\",\"Linkedin\",\"Email\",\"Print\");var hupso_background_t=\"#EAF4FF\";var hupso_border_t=\"#66CCFF\";var hupso_toolbar_size_t=\"medium\";var hupso_image_folder_url = \"\";var hupso_twitter_via=\"hectorops\";var hupso_url_t=\"\";var hupso_title_t=\"%C2%BFSe%20canta%20el%20Gloria%20y%20el%20Aleluya%20en%20el%20Tiempo%20de%20Adviento%3F\";<\/script><script type=\"text\/javascript\" src=\"http:\/\/static.hupso.com\/share\/js\/share_toolbar.js\"><\/script><!-- Hupso Share Buttons --><\/div>","protected":false},"excerpt":{"rendered":"<p>El Tiempo de Adviento es un tiempo de preparaci\u00f3n, sus distintos s\u00edmbolos nos encaminan hacia la Navidad, las velas nos recuerdan que debemos estar vigilantes ante la llegada de Jes\u00fas. Sin embargo, desde el punto de vista lit\u00fargico, surge la &hellip; <a href=\"http:\/\/delamanodemaria.com\/?p=12625\">Continue reading <span class=\"meta-nav\">&rarr;<\/span><\/a><\/p>\n<div style=\"padding-bottom:20px; padding-top:10px;\" class=\"hupso-share-buttons\"><!-- Hupso Share Buttons - https:\/\/www.hupso.com\/share\/ --><a class=\"hupso_toolbar\" href=\"https:\/\/www.hupso.com\/share\/\"><img src=\"http:\/\/static.hupso.com\/share\/buttons\/lang\/es\/share-medium.png\" style=\"border:0px; padding-top: 5px; float:left;\" alt=\"Share Button\"\/><\/a><script type=\"text\/javascript\">var hupso_services_t=new Array(\"Twitter\",\"Facebook\",\"Google Plus\",\"Pinterest\",\"Linkedin\",\"Email\",\"Print\");var hupso_background_t=\"#EAF4FF\";var hupso_border_t=\"#66CCFF\";var hupso_toolbar_size_t=\"medium\";var hupso_image_folder_url = \"\";var hupso_twitter_via=\"hectorops\";var hupso_url_t=\"\";var hupso_title_t=\"%C2%BFSe%20canta%20el%20Gloria%20y%20el%20Aleluya%20en%20el%20Tiempo%20de%20Adviento%3F\";<\/script><script type=\"text\/javascript\" src=\"http:\/\/static.hupso.com\/share\/js\/share_toolbar.js\"><\/script><!-- Hupso Share Buttons --><\/div>","protected":false},"author":1,"featured_media":12627,"comment_status":"open","ping_status":"open","sticky":false,"template":"","format":"standard","meta":{"jetpack_post_was_ever_published":false,"_jetpack_newsletter_access":"","_jetpack_newsletter_tier_id":0,"jetpack_publicize_message":"","jetpack_is_tweetstorm":false,"jetpack_publicize_feature_enabled":true,"jetpack_social_post_already_shared":true,"jetpack_social_options":{"image_generator_settings":{"template":"highway","enabled":false}}},"categories":[1],"tags":[330,61,92,515,56,3444],"jetpack_publicize_connections":[],"jetpack_featured_media_url":"http:\/\/delamanodemaria.com\/wp-content\/uploads\/2019\/12\/c\u00e1ntico-de-alabanza.jpg","jetpack_shortlink":"https:\/\/wp.me\/p3bBgS-3hD","jetpack_sharing_enabled":true,"jetpack_likes_enabled":true,"_links":{"self":[{"href":"http:\/\/delamanodemaria.com\/index.php?rest_route=\/wp\/v2\/posts\/12625"}],"collection":[{"href":"http:\/\/delamanodemaria.com\/index.php?rest_route=\/wp\/v2\/posts"}],"about":[{"href":"http:\/\/delamanodemaria.com\/index.php?rest_route=\/wp\/v2\/types\/post"}],"author":[{"embeddable":true,"href":"http:\/\/delamanodemaria.com\/index.php?rest_route=\/wp\/v2\/users\/1"}],"replies":[{"embeddable":true,"href":"http:\/\/delamanodemaria.com\/index.php?rest_route=%2Fwp%2Fv2%2Fcomments&post=12625"}],"version-history":[{"count":3,"href":"http:\/\/delamanodemaria.com\/index.php?rest_route=\/wp\/v2\/posts\/12625\/revisions"}],"predecessor-version":[{"id":12629,"href":"http:\/\/delamanodemaria.com\/index.php?rest_route=\/wp\/v2\/posts\/12625\/revisions\/12629"}],"wp:featuredmedia":[{"embeddable":true,"href":"http:\/\/delamanodemaria.com\/index.php?rest_route=\/wp\/v2\/media\/12627"}],"wp:attachment":[{"href":"http:\/\/delamanodemaria.com\/index.php?rest_route=%2Fwp%2Fv2%2Fmedia&parent=12625"}],"wp:term":[{"taxonomy":"category","embeddable":true,"href":"http:\/\/delamanodemaria.com\/index.php?rest_route=%2Fwp%2Fv2%2Fcategories&post=12625"},{"taxonomy":"post_tag","embeddable":true,"href":"http:\/\/delamanodemaria.com\/index.php?rest_route=%2Fwp%2Fv2%2Ftags&post=12625"}],"curies":[{"name":"wp","href":"https:\/\/api.w.org\/{rel}","templated":true}]}}