{"id":12718,"date":"2019-12-15T17:50:30","date_gmt":"2019-12-15T21:50:30","guid":{"rendered":"http:\/\/delamanodemaria.com\/?p=12718"},"modified":"2019-12-15T17:50:30","modified_gmt":"2019-12-15T21:50:30","slug":"reflexion-para-la-memoria-obligatoria-de-la-expectacion-del-parto-de-la-bienaventurada-virgen-maria-16-12-19","status":"publish","type":"post","link":"http:\/\/delamanodemaria.com\/?p=12718","title":{"rendered":"REFLEXI\u00d3N PARA LA MEMORIA OBLIGATORIA DE LA EXPECTACI\u00d3N DEL PARTO DE LA BIENAVENTURADA VIRGEN MAR\u00cdA 16-12-19"},"content":{"rendered":"\n<figure class=\"wp-block-image\"><img decoding=\"async\" loading=\"lazy\" width=\"594\" height=\"446\" src=\"http:\/\/delamanodemaria.com\/wp-content\/uploads\/2016\/12\/Nuestra-Se\u00f1ora-de-la-esperanza-med.jpg\" alt=\"\" class=\"wp-image-8167\" srcset=\"http:\/\/delamanodemaria.com\/wp-content\/uploads\/2016\/12\/Nuestra-Se\u00f1ora-de-la-esperanza-med.jpg 594w, http:\/\/delamanodemaria.com\/wp-content\/uploads\/2016\/12\/Nuestra-Se\u00f1ora-de-la-esperanza-med-300x225.jpg 300w, http:\/\/delamanodemaria.com\/wp-content\/uploads\/2016\/12\/Nuestra-Se\u00f1ora-de-la-esperanza-med-400x300.jpg 400w\" sizes=\"(max-width: 594px) 100vw, 594px\" \/><\/figure>\n\n\n\n<p>La Provincia Eclesi\u00e1stica de Puerto Rico\ncelebra hoy la memoria obligatoria de la Expectaci\u00f3n del parto de la\nBienaventurada Virgen Mar\u00eda. Queremos aprovechar la oportunidad para hablar un\npoco sobre esta hermosa devoci\u00f3n y sus or\u00edgenes.<\/p>\n\n\n\n<p>Esta fiesta fue instituida por los padres del\nX Concilio de Toledo en el siglo XVII (a\u00f1o 656), quienes la fijaron para ocho\nd\u00edas antes de la Navidad, o sea, el 18 de diciembre (en Puerto Rico se celebra\nel 16 de diciembre). La raz\u00f3n que se dio para fijar esta festividad lit\u00fargica\nfue que, como la Fiesta de la Anunciaci\u00f3n cae dentro del tiempo penitencial de\nCuaresma, lo que impide celebrarla con toda la solemnidad y el regocijo que\nmerece, se impon\u00eda esta segunda fiesta para dar realce al misterio de la\nEncarnaci\u00f3n del Verbo. \u00bfY qu\u00e9 mejor tiempo para esa celebraci\u00f3n que el\nAdviento, que est\u00e1 lleno del regocijo de la espera gozosa del nacimiento del\nSalvador? El tiempo de Adviento es definitivamente, aut\u00e9ntico mes de Mar\u00eda,\npues gracias a Ella, y a su S\u00ed, que dio paso a la plenitud de los tiempos,\npodemos recibir a Cristo.<\/p>\n\n\n\n<p>Esta festividad se conoce tambi\u00e9n como la de\nNuestra Se\u00f1ora de la O, y Nuestra Se\u00f1ora de la Esperanza. As\u00ed, hoy es el santo\nde aquellas mujeres que se llaman Mar\u00eda de la O, y Esperanza.<\/p>\n\n\n\n<p>El primer nombre se deriva del hecho de que la\nfiesta comenzaba con las primeras v\u00edsperas, el d\u00eda anterior, en las que se\ncanta la primera de las ant\u00edfonas mayores llamadas \u201cO\u201d, por comenzar todas\nellas con esta exclamaci\u00f3n. Con el tiempo, la religiosidad popular relacion\u00f3 la\n\u201cO\u201d con el avanzado estado de embarazo de la Virgen para esta fecha, cuyo\nvientre se mostraba redondo como esa vocal.<\/p>\n\n\n\n<p>La advocaci\u00f3n de Nuestra Se\u00f1ora de la\nEsperanza es obvia, esta celebraci\u00f3n es una de esperanza, porque la Virgen\nlleva en su vientre el Mes\u00edas que hab\u00eda sido esperado por los Patriarcas, los\nprofetas y todo el Pueblo de Israel desde el momento de la ca\u00edda (Gn 3,15).<\/p>\n\n\n\n<p>Esta festividad debe estimularnos a ejercitar\nla virtud teologal de la esperanza, poniendo toda nuestra confianza en Jes\u00fas y\nMar\u00eda, para que no flaquee nuestra aspiraci\u00f3n al Reino de los cielos y a la\nvida eterna como felicidad nuestra.<\/p>\n\n\n\n<p>Hoy es un buen d\u00eda tambi\u00e9n para ofrecer\nnuestras oraciones y actos de piedad por todas las mujeres embarazadas, para\nque la Virgen las asista y proteja, as\u00ed como por aquellas que experimentan\ndificultad para concebir, y para que no haya m\u00e1s abortos que cobren la vida de\nsantos inocentes.<\/p>\n<div style=\"padding-bottom:20px; padding-top:10px;\" class=\"hupso-share-buttons\"><!-- Hupso Share Buttons - https:\/\/www.hupso.com\/share\/ --><a class=\"hupso_toolbar\" href=\"https:\/\/www.hupso.com\/share\/\"><img src=\"http:\/\/static.hupso.com\/share\/buttons\/lang\/es\/share-medium.png\" style=\"border:0px; padding-top: 5px; float:left;\" alt=\"Share Button\"\/><\/a><script type=\"text\/javascript\">var hupso_services_t=new Array(\"Twitter\",\"Facebook\",\"Google Plus\",\"Pinterest\",\"Linkedin\",\"Email\",\"Print\");var hupso_background_t=\"#EAF4FF\";var hupso_border_t=\"#66CCFF\";var hupso_toolbar_size_t=\"medium\";var hupso_image_folder_url = \"\";var hupso_twitter_via=\"hectorops\";var hupso_url_t=\"\";var hupso_title_t=\"REFLEXI%C3%93N%20PARA%20LA%20MEMORIA%20OBLIGATORIA%20DE%20LA%20EXPECTACI%C3%93N%20DEL%20PARTO%20DE%20LA%20BIENAVENTURADA%20VIRGEN%20MAR%C3%8DA%2016-12-19\";<\/script><script type=\"text\/javascript\" src=\"http:\/\/static.hupso.com\/share\/js\/share_toolbar.js\"><\/script><!-- Hupso Share Buttons --><\/div>","protected":false},"excerpt":{"rendered":"<p>La Provincia Eclesi\u00e1stica de Puerto Rico celebra hoy la memoria obligatoria de la Expectaci\u00f3n del parto de la Bienaventurada Virgen Mar\u00eda. Queremos aprovechar la oportunidad para hablar un poco sobre esta hermosa devoci\u00f3n y sus or\u00edgenes. Esta fiesta fue instituida &hellip; <a href=\"http:\/\/delamanodemaria.com\/?p=12718\">Continue reading <span class=\"meta-nav\">&rarr;<\/span><\/a><\/p>\n<div style=\"padding-bottom:20px; padding-top:10px;\" class=\"hupso-share-buttons\"><!-- Hupso Share Buttons - https:\/\/www.hupso.com\/share\/ --><a class=\"hupso_toolbar\" href=\"https:\/\/www.hupso.com\/share\/\"><img src=\"http:\/\/static.hupso.com\/share\/buttons\/lang\/es\/share-medium.png\" style=\"border:0px; padding-top: 5px; float:left;\" alt=\"Share Button\"\/><\/a><script type=\"text\/javascript\">var hupso_services_t=new Array(\"Twitter\",\"Facebook\",\"Google Plus\",\"Pinterest\",\"Linkedin\",\"Email\",\"Print\");var hupso_background_t=\"#EAF4FF\";var hupso_border_t=\"#66CCFF\";var hupso_toolbar_size_t=\"medium\";var hupso_image_folder_url = \"\";var hupso_twitter_via=\"hectorops\";var hupso_url_t=\"\";var hupso_title_t=\"REFLEXI%C3%93N%20PARA%20LA%20MEMORIA%20OBLIGATORIA%20DE%20LA%20EXPECTACI%C3%93N%20DEL%20PARTO%20DE%20LA%20BIENAVENTURADA%20VIRGEN%20MAR%C3%8DA%2016-12-19\";<\/script><script type=\"text\/javascript\" src=\"http:\/\/static.hupso.com\/share\/js\/share_toolbar.js\"><\/script><!-- Hupso Share Buttons --><\/div>","protected":false},"author":1,"featured_media":8167,"comment_status":"open","ping_status":"open","sticky":false,"template":"","format":"standard","meta":{"jetpack_post_was_ever_published":false,"_jetpack_newsletter_access":"","_jetpack_newsletter_tier_id":0,"jetpack_publicize_message":"","jetpack_is_tweetstorm":false,"jetpack_publicize_feature_enabled":true,"jetpack_social_post_already_shared":true,"jetpack_social_options":{"image_generator_settings":{"template":"highway","enabled":false}}},"categories":[1],"tags":[3504,3505,344,1728,1727,3102,1726,3506,2,3446],"jetpack_publicize_connections":[],"jetpack_featured_media_url":"http:\/\/delamanodemaria.com\/wp-content\/uploads\/2016\/12\/Nuestra-Se\u00f1ora-de-la-esperanza-med.jpg","jetpack_shortlink":"https:\/\/wp.me\/p3bBgS-3j8","jetpack_sharing_enabled":true,"jetpack_likes_enabled":true,"_links":{"self":[{"href":"http:\/\/delamanodemaria.com\/index.php?rest_route=\/wp\/v2\/posts\/12718"}],"collection":[{"href":"http:\/\/delamanodemaria.com\/index.php?rest_route=\/wp\/v2\/posts"}],"about":[{"href":"http:\/\/delamanodemaria.com\/index.php?rest_route=\/wp\/v2\/types\/post"}],"author":[{"embeddable":true,"href":"http:\/\/delamanodemaria.com\/index.php?rest_route=\/wp\/v2\/users\/1"}],"replies":[{"embeddable":true,"href":"http:\/\/delamanodemaria.com\/index.php?rest_route=%2Fwp%2Fv2%2Fcomments&post=12718"}],"version-history":[{"count":2,"href":"http:\/\/delamanodemaria.com\/index.php?rest_route=\/wp\/v2\/posts\/12718\/revisions"}],"predecessor-version":[{"id":12720,"href":"http:\/\/delamanodemaria.com\/index.php?rest_route=\/wp\/v2\/posts\/12718\/revisions\/12720"}],"wp:featuredmedia":[{"embeddable":true,"href":"http:\/\/delamanodemaria.com\/index.php?rest_route=\/wp\/v2\/media\/8167"}],"wp:attachment":[{"href":"http:\/\/delamanodemaria.com\/index.php?rest_route=%2Fwp%2Fv2%2Fmedia&parent=12718"}],"wp:term":[{"taxonomy":"category","embeddable":true,"href":"http:\/\/delamanodemaria.com\/index.php?rest_route=%2Fwp%2Fv2%2Fcategories&post=12718"},{"taxonomy":"post_tag","embeddable":true,"href":"http:\/\/delamanodemaria.com\/index.php?rest_route=%2Fwp%2Fv2%2Ftags&post=12718"}],"curies":[{"name":"wp","href":"https:\/\/api.w.org\/{rel}","templated":true}]}}