{"id":12791,"date":"2019-12-29T19:02:57","date_gmt":"2019-12-29T23:02:57","guid":{"rendered":"http:\/\/delamanodemaria.com\/?p=12791"},"modified":"2019-12-29T19:02:57","modified_gmt":"2019-12-29T23:02:57","slug":"reflexion-para-el-lunes-30-12-19-sexto-dia-de-la-infraoctava-de-navidad","status":"publish","type":"post","link":"http:\/\/delamanodemaria.com\/?p=12791","title":{"rendered":"REFLEXI\u00d3N PARA EL LUNES 30-12-19, SEXTO D\u00cdA DE LA INFRAOCTAVA DE NAVIDAD"},"content":{"rendered":"\n<figure class=\"wp-block-image\"><img decoding=\"async\" loading=\"lazy\" width=\"739\" height=\"426\" src=\"http:\/\/delamanodemaria.com\/wp-content\/uploads\/2019\/12\/Ana-2.jpg\" alt=\"\" class=\"wp-image-12793\" srcset=\"http:\/\/delamanodemaria.com\/wp-content\/uploads\/2019\/12\/Ana-2.jpg 739w, http:\/\/delamanodemaria.com\/wp-content\/uploads\/2019\/12\/Ana-2-300x173.jpg 300w, http:\/\/delamanodemaria.com\/wp-content\/uploads\/2019\/12\/Ana-2-500x288.jpg 500w\" sizes=\"(max-width: 739px) 100vw, 739px\" \/><figcaption>\u201c&#8230;hablaba del ni\u00f1o a todos los que aguardaban la liberaci\u00f3n de Jerusal\u00e9n\u201d. <\/figcaption><\/figure>\n\n\n\n<p>Continuamos celebrando la \u201cinfraoctava\u201d de Navidad con su sexto d\u00eda y, como primera lectura, continuamos con la 1ra Carta del ap\u00f3stol san Juan (2,12-17), quien hoy nos plantea la contraposici\u00f3n Dios-mundo: \u201cNo am\u00e9is al mundo ni lo que hay en el mundo. Si alguno ama al mundo, no est\u00e1 en \u00e9l el amor del Padre. Porque lo que hay en el mundo \u2013las pasiones de la carne, y la codicia de los ojos, y la arrogancia del dinero\u2013, eso no procede del Padre, sino que procede del mundo. Y el mundo pasa, con sus pasiones. Pero el que hace la voluntad de Dios permanece para siempre\u201d.<\/p>\n\n\n\n<p>\u00bfY cu\u00e1l es la voluntad del Padre? Que todos\nnos salvemos. \u00bfY c\u00f3mo podemos salvarnos? Amando al Cristo que vive en cada uno\nde nuestros hermanos (<em>Cfr<\/em>. Mt\n25,31-46). De nuevo la Ley del Amor; ese amor que Dios nos ense\u00f1\u00f3 envi\u00e1ndonos a\nsu \u00fanico Hijo, ese ni\u00f1o que naci\u00f3 en Bel\u00e9n hace apenas cinco d\u00edas, para ofrecerlo\nen sacrificio de manera que tuvi\u00e9ramos Vida por medio de \u00c9l (<em>Cfr<\/em>. Jn 4-7-9; 15,12-14). As\u00ed, el que ha\nconocido y asimilado el misterio del Amor de Dios en esta Navidad, no tiene\notro remedio que imitar su gran mandamiento, que es el Amor.<\/p>\n\n\n\n<p>El Evangelio que contemplamos hoy (Lc 2,22.36-40)\nnos presenta la conclusi\u00f3n del pasaje de la Purificaci\u00f3n de Mar\u00eda y la Presentaci\u00f3n\ndel Ni\u00f1o en el Templo. El fragmento que contemplamos hoy nos presenta el\npersonaje de la profetisa Ana, quien al concluir el c\u00e1ntico de Sime\u00f3n se acerc\u00f3\nal Ni\u00f1o dando gracias a Dios mientras \u201chablaba del ni\u00f1o a todos los que\naguardaban la liberaci\u00f3n de Jerusal\u00e9n\u201d. Ana tuvo un encuentro personal con\nJes\u00fas y lo reconoci\u00f3. Y al igual que todos los que hemos tenido esa\nexperiencia, no tenemos m\u00e1s remedio que dar gracias a Dios y alabar y proclamar\nsu Nombre a todo el que se cruce en nuestro camino.<\/p>\n\n\n\n<p>Estamos en el umbral de un nuevo a\u00f1o, y en\nesta \u00e9poca se acostumbra hacer \u201cresoluciones\u201d de a\u00f1o nuevo. La lectura\nevang\u00e9lica nos dice que Ana la profetisa \u201cno se apartaba del templo d\u00eda y\nnoche, sirviendo a Dios con ayunos y oraciones\u201d. Eso le permiti\u00f3 reconocer a su\nDios y Salvador cuando vio al Ni\u00f1o en el Templo. Ese Ni\u00f1o sigue viniendo a\nnosotros d\u00eda tras d\u00eda y no lo reconocemos (Mt 31-46). \u00bfSer\u00e1 que no estamos\ndedicando tiempo a la oraci\u00f3n y ayuno?<\/p>\n\n\n\n<p>La profetisa Ana era una mujer viuda que pod\u00eda\ndarse el lujo de no apartarse del Templo d\u00eda y noche. Dios conoce las\ncircunstancias particulares de cada uno de nosotros. \u00bfCu\u00e1nto tiempo dedicamos\nal asueto, a la tele, y a tantas otras cosas que nos \u201cimpiden\u201d dedicarle tiempo\na Dios?<\/p>\n\n\n\n<p class=\"has-drop-cap\">Yo era uno de esos \u201ccat\u00f3licos de domingo\u201d que\n\u201cno ten\u00eda tiempo\u201d para la oraci\u00f3n, el ayuno y otras pr\u00e1cticas piadosas. Hasta que\nun d\u00eda Dios me habl\u00f3 a trav\u00e9s del testimonio de un hermano de mi Parroquia que\nme relat\u00f3 con hechos concretos c\u00f3mo su vida cambi\u00f3 cuando comenz\u00f3 a ir a misa\ndiaria y a dedicar tiempo a la oraci\u00f3n, aunque tuviera que \u201cfabricarlo\u201d. Eso\nfue hace m\u00e1s de veinticinco a\u00f1os. Desde entonces mi esposa y yo asistimos a\nmisa diaria y dedicamos m\u00e1s tiempo a la oraci\u00f3n y adoraci\u00f3n del Sant\u00edsimo. T\u00fa\ntambi\u00e9n puedes hacerlo. Cr\u00e9eme, vas a ver el cambio en tu vida\u2026<\/p>\n\n\n\n<p>\u00bfQu\u00e9 mejor resoluci\u00f3n de a\u00f1o nuevo?<\/p>\n<div style=\"padding-bottom:20px; padding-top:10px;\" class=\"hupso-share-buttons\"><!-- Hupso Share Buttons - https:\/\/www.hupso.com\/share\/ --><a class=\"hupso_toolbar\" href=\"https:\/\/www.hupso.com\/share\/\"><img src=\"http:\/\/static.hupso.com\/share\/buttons\/lang\/es\/share-medium.png\" style=\"border:0px; padding-top: 5px; float:left;\" alt=\"Share Button\"\/><\/a><script type=\"text\/javascript\">var hupso_services_t=new Array(\"Twitter\",\"Facebook\",\"Google Plus\",\"Pinterest\",\"Linkedin\",\"Email\",\"Print\");var hupso_background_t=\"#EAF4FF\";var hupso_border_t=\"#66CCFF\";var hupso_toolbar_size_t=\"medium\";var hupso_image_folder_url = \"\";var hupso_twitter_via=\"hectorops\";var hupso_url_t=\"\";var hupso_title_t=\"REFLEXI%C3%93N%20PARA%20EL%20LUNES%2030-12-19%2C%20SEXTO%20D%C3%8DA%20DE%20LA%20INFRAOCTAVA%20DE%20NAVIDAD\";<\/script><script type=\"text\/javascript\" src=\"http:\/\/static.hupso.com\/share\/js\/share_toolbar.js\"><\/script><!-- Hupso Share Buttons --><\/div>","protected":false},"excerpt":{"rendered":"<p>Continuamos celebrando la \u201cinfraoctava\u201d de Navidad con su sexto d\u00eda y, como primera lectura, continuamos con la 1ra Carta del ap\u00f3stol san Juan (2,12-17), quien hoy nos plantea la contraposici\u00f3n Dios-mundo: \u201cNo am\u00e9is al mundo ni lo que hay en &hellip; <a href=\"http:\/\/delamanodemaria.com\/?p=12791\">Continue reading <span class=\"meta-nav\">&rarr;<\/span><\/a><\/p>\n<div style=\"padding-bottom:20px; padding-top:10px;\" class=\"hupso-share-buttons\"><!-- Hupso Share Buttons - https:\/\/www.hupso.com\/share\/ --><a class=\"hupso_toolbar\" href=\"https:\/\/www.hupso.com\/share\/\"><img src=\"http:\/\/static.hupso.com\/share\/buttons\/lang\/es\/share-medium.png\" style=\"border:0px; padding-top: 5px; float:left;\" alt=\"Share Button\"\/><\/a><script type=\"text\/javascript\">var hupso_services_t=new Array(\"Twitter\",\"Facebook\",\"Google Plus\",\"Pinterest\",\"Linkedin\",\"Email\",\"Print\");var hupso_background_t=\"#EAF4FF\";var hupso_border_t=\"#66CCFF\";var hupso_toolbar_size_t=\"medium\";var hupso_image_folder_url = \"\";var hupso_twitter_via=\"hectorops\";var hupso_url_t=\"\";var hupso_title_t=\"REFLEXI%C3%93N%20PARA%20EL%20LUNES%2030-12-19%2C%20SEXTO%20D%C3%8DA%20DE%20LA%20INFRAOCTAVA%20DE%20NAVIDAD\";<\/script><script type=\"text\/javascript\" src=\"http:\/\/static.hupso.com\/share\/js\/share_toolbar.js\"><\/script><!-- Hupso Share Buttons --><\/div>","protected":false},"author":1,"featured_media":0,"comment_status":"open","ping_status":"open","sticky":false,"template":"","format":"standard","meta":{"jetpack_post_was_ever_published":false,"_jetpack_newsletter_access":"","_jetpack_newsletter_tier_id":0,"jetpack_publicize_message":"","jetpack_is_tweetstorm":false,"jetpack_publicize_feature_enabled":true,"jetpack_social_post_already_shared":true,"jetpack_social_options":{"image_generator_settings":{"template":"highway","enabled":false}}},"categories":[1],"tags":[],"jetpack_publicize_connections":[],"jetpack_featured_media_url":"","jetpack_shortlink":"https:\/\/wp.me\/p3bBgS-3kj","jetpack_sharing_enabled":true,"jetpack_likes_enabled":true,"_links":{"self":[{"href":"http:\/\/delamanodemaria.com\/index.php?rest_route=\/wp\/v2\/posts\/12791"}],"collection":[{"href":"http:\/\/delamanodemaria.com\/index.php?rest_route=\/wp\/v2\/posts"}],"about":[{"href":"http:\/\/delamanodemaria.com\/index.php?rest_route=\/wp\/v2\/types\/post"}],"author":[{"embeddable":true,"href":"http:\/\/delamanodemaria.com\/index.php?rest_route=\/wp\/v2\/users\/1"}],"replies":[{"embeddable":true,"href":"http:\/\/delamanodemaria.com\/index.php?rest_route=%2Fwp%2Fv2%2Fcomments&post=12791"}],"version-history":[{"count":5,"href":"http:\/\/delamanodemaria.com\/index.php?rest_route=\/wp\/v2\/posts\/12791\/revisions"}],"predecessor-version":[{"id":12797,"href":"http:\/\/delamanodemaria.com\/index.php?rest_route=\/wp\/v2\/posts\/12791\/revisions\/12797"}],"wp:attachment":[{"href":"http:\/\/delamanodemaria.com\/index.php?rest_route=%2Fwp%2Fv2%2Fmedia&parent=12791"}],"wp:term":[{"taxonomy":"category","embeddable":true,"href":"http:\/\/delamanodemaria.com\/index.php?rest_route=%2Fwp%2Fv2%2Fcategories&post=12791"},{"taxonomy":"post_tag","embeddable":true,"href":"http:\/\/delamanodemaria.com\/index.php?rest_route=%2Fwp%2Fv2%2Ftags&post=12791"}],"curies":[{"name":"wp","href":"https:\/\/api.w.org\/{rel}","templated":true}]}}