{"id":12899,"date":"2020-01-18T18:30:45","date_gmt":"2020-01-18T22:30:45","guid":{"rendered":"http:\/\/delamanodemaria.com\/?p=12899"},"modified":"2020-01-18T18:30:45","modified_gmt":"2020-01-18T22:30:45","slug":"reflexion-para-el-segundo-domingo-del-t-o-a-19-01-20","status":"publish","type":"post","link":"http:\/\/delamanodemaria.com\/?p=12899","title":{"rendered":"REFLEXI\u00d3N PARA EL SEGUNDO DOMINGO DEL T.O. (A) 19-01-20"},"content":{"rendered":"\n<figure class=\"wp-block-image\"><img decoding=\"async\" loading=\"lazy\" width=\"800\" height=\"400\" src=\"http:\/\/delamanodemaria.com\/wp-content\/uploads\/2020\/01\/Juan-1-29-34.jpg\" alt=\"\" class=\"wp-image-12901\" srcset=\"http:\/\/delamanodemaria.com\/wp-content\/uploads\/2020\/01\/Juan-1-29-34.jpg 800w, http:\/\/delamanodemaria.com\/wp-content\/uploads\/2020\/01\/Juan-1-29-34-300x150.jpg 300w, http:\/\/delamanodemaria.com\/wp-content\/uploads\/2020\/01\/Juan-1-29-34-768x384.jpg 768w, http:\/\/delamanodemaria.com\/wp-content\/uploads\/2020\/01\/Juan-1-29-34-500x250.jpg 500w\" sizes=\"(max-width: 800px) 100vw, 800px\" \/><figcaption>\u201cHe contemplado al Esp\u00edritu que bajaba del cielo como una paloma, y se pos\u00f3 sobre \u00e9l\u201d. <\/figcaption><\/figure>\n\n\n\n<p>Como primera lectura para este Segundo domingo\ndel Tiempo Ordinario la liturgia nos presenta un fragmento del segundo \u201cc\u00e1ntico\ndel Siervo de Yahv\u00e9\u201d (Is 49,3.5-6). Este c\u00e1ntico, que forma parte del \u201cSegundo\nIsa\u00edas\u201d, o libro de la consolaci\u00f3n, que comprende los cap\u00edtulos 40 al 55 del\nlibro de Isa\u00edas, pretende consolar al pueblo de Israel durante el destierro en\nBabilonia, d\u00e1ndole esperanza de una restauraci\u00f3n que vendr\u00e1 de manos del Siervo\nque describe: \u201c\u2018T\u00fa eres mi siervo, de quien estoy orgulloso\u2019. Y ahora habla el\nSe\u00f1or, que desde el vientre me form\u00f3 siervo suyo, para que le trajese a Jacob,\npara que le reuniese a Israel \u2013tanto me honr\u00f3 el Se\u00f1or, y mi Dios fue mi fuerza\u2013:\n\u2018Es poco que seas mi siervo y restablezcas las tribus de Jacob y conviertas a\nlos supervivientes de Israel; te hago luz de las naciones, para que mi\nsalvaci\u00f3n alcance hasta el conf\u00edn de la tierra\u2019\u201d.<\/p>\n\n\n\n<p>El vers\u00edculo inmediatamente anterior (v.2) nos\npropone dos comparaciones que nos describen a ese Siervo: \u201cHizo mi boca como\nespada afilada, en la sombra de su mano me escondi\u00f3; h\u00edzome como saeta aguda,\nen su carcaj me guard\u00f3\u201d. Se refiere a la Palabra que saldr\u00e1 de su boca, que\nser\u00e1 viva y eficaz, \u201cm\u00e1s cortante que espada alguna de dos filos. Penetra hasta\nlas fronteras entre el alma y el esp\u00edritu, hasta las junturas y m\u00e9dulas; y\nescruta los sentimientos y pensamientos del coraz\u00f3n\u201d (Hb 4, 12-13).<\/p>\n\n\n\n<p>Y la lectura que contemplamos hoy nos describe\nla misi\u00f3n que Dios le encomienda al Siervo: reunir a Israel y, m\u00e1s a\u00fan, hacerle\n\u201cluz de las naciones\u201d para que Su salvaci\u00f3n \u201calcance hasta el conf\u00edn de la\ntierra\u201d. Ese siervo es Jes\u00fas, a quien el anciano Sime\u00f3n reconoce cuando sus\npadres le llevan a presentar al Templo como la \u201cluz para iluminar a los\ngentiles y gloria de tu pueblo Israel\u201d (Lc 2,32).<\/p>\n\n\n\n<p>Jes\u00fas es el Siervo de Yahv\u00e9 que hab\u00eda sido\nprefigurado por el profeta Isa\u00edas. La luz para alumbrar a todas las naciones,\nel que con su muerte habr\u00eda de reunir a los dispersos y traer la salvaci\u00f3n a\ntodos, \u201ca los consagrados por Cristo Jes\u00fas, a los santos que \u00e9l llam\u00f3 y a todos\nlos dem\u00e1s que en cualquier lugar invocan el nombre de Jesucristo, Se\u00f1or de\nellos y nuestro\u201d, como nos dice san Pablo en la segunda lectura de hoy (1 Cor\n1-3).<\/p>\n\n\n\n<p>Es aquel de quien Juan da testimonio en la\nlectura evang\u00e9lica de hoy (Jn 1,29-34) diciendo: \u201cHe contemplado al Esp\u00edritu\nque bajaba del cielo como una paloma, y se pos\u00f3 sobre \u00e9l\u201d (<em>Cfr<\/em>. Is 11,2). Jes\u00fas nunca sali\u00f3 de Palestina, pero nos dej\u00f3 su\nPalabra, el anuncio de la Buena Noticia del Reino, encomend\u00e1ndonos una misi\u00f3n:\n\u201cId por todo el mundo y proclamad la Buena Nueva a toda la creaci\u00f3n\u201d (Mc 16,15).<\/p>\n\n\n\n<p>Al igual que al Siervo, Dios nos ha llamado a cada\nuno de nosotros desde el vientre materno, encomend\u00e1ndonos una misi\u00f3n: Ser\ntestigos de Jesucristo. Y para cumplir esa misi\u00f3n nos dej\u00f3 su Santo Esp\u00edritu, a\nquien no debemos vacilar en invocar. Hoy, pidamos al Se\u00f1or que su Esp\u00edritu\ndescienda sobre nosotros para que demos testimonio de su Hijo, sobre todo con\nnuestro modo de vida, que es el mejor y m\u00e1s cre\u00edble testimonio que podemos\nbrindar.<\/p>\n<div style=\"padding-bottom:20px; padding-top:10px;\" class=\"hupso-share-buttons\"><!-- Hupso Share Buttons - https:\/\/www.hupso.com\/share\/ --><a class=\"hupso_toolbar\" href=\"https:\/\/www.hupso.com\/share\/\"><img src=\"http:\/\/static.hupso.com\/share\/buttons\/lang\/es\/share-medium.png\" style=\"border:0px; padding-top: 5px; float:left;\" alt=\"Share Button\"\/><\/a><script type=\"text\/javascript\">var hupso_services_t=new Array(\"Twitter\",\"Facebook\",\"Google Plus\",\"Pinterest\",\"Linkedin\",\"Email\",\"Print\");var hupso_background_t=\"#EAF4FF\";var hupso_border_t=\"#66CCFF\";var hupso_toolbar_size_t=\"medium\";var hupso_image_folder_url = \"\";var hupso_twitter_via=\"hectorops\";var hupso_url_t=\"\";var hupso_title_t=\"REFLEXI%C3%93N%20PARA%20EL%20SEGUNDO%20DOMINGO%20DEL%20T.O.%20%28A%29%2019-01-20\";<\/script><script type=\"text\/javascript\" src=\"http:\/\/static.hupso.com\/share\/js\/share_toolbar.js\"><\/script><!-- Hupso Share Buttons --><\/div>","protected":false},"excerpt":{"rendered":"<p>Como primera lectura para este Segundo domingo del Tiempo Ordinario la liturgia nos presenta un fragmento del segundo \u201cc\u00e1ntico del Siervo de Yahv\u00e9\u201d (Is 49,3.5-6). Este c\u00e1ntico, que forma parte del \u201cSegundo Isa\u00edas\u201d, o libro de la consolaci\u00f3n, que comprende &hellip; <a href=\"http:\/\/delamanodemaria.com\/?p=12899\">Continue reading <span class=\"meta-nav\">&rarr;<\/span><\/a><\/p>\n<div style=\"padding-bottom:20px; padding-top:10px;\" class=\"hupso-share-buttons\"><!-- Hupso Share Buttons - https:\/\/www.hupso.com\/share\/ --><a class=\"hupso_toolbar\" href=\"https:\/\/www.hupso.com\/share\/\"><img src=\"http:\/\/static.hupso.com\/share\/buttons\/lang\/es\/share-medium.png\" style=\"border:0px; padding-top: 5px; float:left;\" alt=\"Share Button\"\/><\/a><script type=\"text\/javascript\">var hupso_services_t=new Array(\"Twitter\",\"Facebook\",\"Google Plus\",\"Pinterest\",\"Linkedin\",\"Email\",\"Print\");var hupso_background_t=\"#EAF4FF\";var hupso_border_t=\"#66CCFF\";var hupso_toolbar_size_t=\"medium\";var hupso_image_folder_url = \"\";var hupso_twitter_via=\"hectorops\";var hupso_url_t=\"\";var hupso_title_t=\"REFLEXI%C3%93N%20PARA%20EL%20SEGUNDO%20DOMINGO%20DEL%20T.O.%20%28A%29%2019-01-20\";<\/script><script type=\"text\/javascript\" src=\"http:\/\/static.hupso.com\/share\/js\/share_toolbar.js\"><\/script><!-- Hupso Share Buttons --><\/div>","protected":false},"author":1,"featured_media":12901,"comment_status":"open","ping_status":"open","sticky":false,"template":"","format":"standard","meta":{"jetpack_post_was_ever_published":false,"_jetpack_newsletter_access":"","_jetpack_newsletter_tier_id":0,"jetpack_publicize_message":"","jetpack_is_tweetstorm":false,"jetpack_publicize_feature_enabled":true,"jetpack_social_post_already_shared":true,"jetpack_social_options":{"image_generator_settings":{"template":"highway","enabled":false}}},"categories":[1],"tags":[1172,105,370,3603,734,344,1287,212,1781,3602,1766,3347,2,946,733,3558,722,3601],"jetpack_publicize_connections":[],"jetpack_featured_media_url":"http:\/\/delamanodemaria.com\/wp-content\/uploads\/2020\/01\/Juan-1-29-34.jpg","jetpack_shortlink":"https:\/\/wp.me\/p3bBgS-3m3","jetpack_sharing_enabled":true,"jetpack_likes_enabled":true,"_links":{"self":[{"href":"http:\/\/delamanodemaria.com\/index.php?rest_route=\/wp\/v2\/posts\/12899"}],"collection":[{"href":"http:\/\/delamanodemaria.com\/index.php?rest_route=\/wp\/v2\/posts"}],"about":[{"href":"http:\/\/delamanodemaria.com\/index.php?rest_route=\/wp\/v2\/types\/post"}],"author":[{"embeddable":true,"href":"http:\/\/delamanodemaria.com\/index.php?rest_route=\/wp\/v2\/users\/1"}],"replies":[{"embeddable":true,"href":"http:\/\/delamanodemaria.com\/index.php?rest_route=%2Fwp%2Fv2%2Fcomments&post=12899"}],"version-history":[{"count":3,"href":"http:\/\/delamanodemaria.com\/index.php?rest_route=\/wp\/v2\/posts\/12899\/revisions"}],"predecessor-version":[{"id":12903,"href":"http:\/\/delamanodemaria.com\/index.php?rest_route=\/wp\/v2\/posts\/12899\/revisions\/12903"}],"wp:featuredmedia":[{"embeddable":true,"href":"http:\/\/delamanodemaria.com\/index.php?rest_route=\/wp\/v2\/media\/12901"}],"wp:attachment":[{"href":"http:\/\/delamanodemaria.com\/index.php?rest_route=%2Fwp%2Fv2%2Fmedia&parent=12899"}],"wp:term":[{"taxonomy":"category","embeddable":true,"href":"http:\/\/delamanodemaria.com\/index.php?rest_route=%2Fwp%2Fv2%2Fcategories&post=12899"},{"taxonomy":"post_tag","embeddable":true,"href":"http:\/\/delamanodemaria.com\/index.php?rest_route=%2Fwp%2Fv2%2Ftags&post=12899"}],"curies":[{"name":"wp","href":"https:\/\/api.w.org\/{rel}","templated":true}]}}