{"id":12943,"date":"2020-01-26T15:44:22","date_gmt":"2020-01-26T19:44:22","guid":{"rendered":"http:\/\/delamanodemaria.com\/?p=12943"},"modified":"2020-01-26T15:44:22","modified_gmt":"2020-01-26T19:44:22","slug":"reflexion-para-el-lunes-de-la-tercera-semana-del-t-o-2-27-01-20","status":"publish","type":"post","link":"http:\/\/delamanodemaria.com\/?p=12943","title":{"rendered":"REFLEXI\u00d3N PARA EL LUNES DE LA TERCERA SEMANA DEL T.O. (2) 27-01-20"},"content":{"rendered":"\n<figure class=\"wp-block-image\"><img decoding=\"async\" loading=\"lazy\" width=\"870\" height=\"340\" src=\"http:\/\/delamanodemaria.com\/wp-content\/uploads\/2020\/01\/El-que-blasfeme-contra-el-Espiritu-Santo.jpg\" alt=\"\" class=\"wp-image-12945\" srcset=\"http:\/\/delamanodemaria.com\/wp-content\/uploads\/2020\/01\/El-que-blasfeme-contra-el-Espiritu-Santo.jpg 870w, http:\/\/delamanodemaria.com\/wp-content\/uploads\/2020\/01\/El-que-blasfeme-contra-el-Espiritu-Santo-300x117.jpg 300w, http:\/\/delamanodemaria.com\/wp-content\/uploads\/2020\/01\/El-que-blasfeme-contra-el-Espiritu-Santo-768x300.jpg 768w, http:\/\/delamanodemaria.com\/wp-content\/uploads\/2020\/01\/El-que-blasfeme-contra-el-Espiritu-Santo-500x195.jpg 500w\" sizes=\"(max-width: 870px) 100vw, 870px\" \/><\/figure>\n\n\n\n<p>La primera lectura\nde hoy (2 Sam 5,1-7.10) contin\u00faa narr\u00e1ndonos la historia de David, y nos\npresenta el pacto que hicieron con \u00e9l los ancianos de Israel, ungi\u00e9ndolo como\nsu rey: \u201cTodos los ancianos de Israel fueron a Hebr\u00f3n a ver al rey, y el rey David\nhizo con ellos un pacto en Hebr\u00f3n, en presencia del Se\u00f1or, y ellos ungieron a\nDavid como rey de Israel\u201d.<\/p>\n\n\n\n<p>El pasaje nos narra,\nadem\u00e1s, c\u00f3mo David logr\u00f3 unificar todas las tribus de Israel, convirti\u00e9ndose en\nel primero en gobernar efectivamente sobre ambos reinos, el del Norte (Israel)\ny el del Sur (Jud\u00e1), que hasta entonces hab\u00edan estado divididos: \u201cen Jerusal\u00e9n\nrein\u00f3 treinta y tres a\u00f1os sobre Israel y Jud\u00e1\u201d. David fue quien conquist\u00f3 la\nciudad de Jerusal\u00e9n y el monte Si\u00f3n, en donde a\u00fan permanecen sus restos. \u201cMi\nfidelidad y misericordia lo acompa\u00f1ar\u00e1n, por mi nombre crecer\u00e1 su poder:\nextender\u00e9 su izquierda hasta el mar, y su derecha hasta el Gran R\u00edo\u201d (Sal 88).<\/p>\n\n\n\n<p>\u201cUn reino en guerra\ncivil no puede subsistir; una familia dividida no puede subsistir\u201d. Esas\npalabras las pronuncia Jes\u00fas en la per\u00edcopa que nos narra el Evangelio de hoy\n(Mc 3,22-30), cuando los escribas le acusan de expulsar demonios \u201ccon el poder\ndel jefe de los demonios\u201d.<\/p>\n\n\n\n<p>Jes\u00fas contrapone la\nfigura del reino dividido de Satan\u00e1s (\u201cSi Satan\u00e1s se rebela contra s\u00ed mismo,\npara hacerse la guerra, no puede subsistir, est\u00e1 perdido\u201d) con la figura del\nReino que \u00c9l ha venido a instaurar en donde la constante es el perd\u00f3n, la\ndulzura (\u201cCreedme, todo se les podr\u00e1 perdonar a los hombres: los pecados y cualquier\nblasfemia que digan\u201d). Es entonces que Jes\u00fas pronuncia esa frase que resulta\ncontroversial para muchos: \u201cpero el que blasfeme contra el Esp\u00edritu Santo no\ntendr\u00e1 perd\u00f3n jam\u00e1s, cargar\u00e1 con su pecado para siempre\u201d. Esta frase, tan\nfuerte, se recoge en los tres evangelios sin\u00f3pticos (Mt 12,32; Mc 3,29; Lc\n12,10)<\/p>\n\n\n\n<p>\u00bfNo acaba de decir\nque \u201ctodo se les podr\u00e1 perdonar a los hombres: los pecados y cualquier\nblasfemia que digan\u201d? \u00bfA qu\u00e9 se refiere con \u201cblasfemia contra el Esp\u00edritu\nSanto\u201d? El Catecismo de la Iglesia Cat\u00f3lica (1864) nos dice que: \u201cquien se\nniega deliberadamente a acoger la misericordia de Dios mediante el\narrepentimiento rechaza el perd\u00f3n de sus pecados y la salvaci\u00f3n ofrecida por el\nEsp\u00edritu Santo. Semejante endurecimiento puede conducir a la condenaci\u00f3n final\ny a la perdici\u00f3n eterna\u201d. Es obvio, Dios no puede perdonar a quien no acepta su\nperd\u00f3n. El Esp\u00edritu Santo es quien nos permite reconocer nuestros pecados,\nhacer acto de contrici\u00f3n y pedir el perd\u00f3n de estos, y es por Su poder que esos\npecados son perdonados (<em>Cfr<\/em>. Jn\n20,22-23).<\/p>\n\n\n\n<p>Los fariseos del\npasaje que contemplamos hoy blasfemaban contra el Esp\u00edritu Santo al atribuir al\npoder de Satan\u00e1s los milagros y portentos que Jes\u00fas suscitaba en virtud de su\npropia divinidad y por la operaci\u00f3n del Esp\u00edritu Santo, cuyo poder se negaban a\nreconocer. Esa actitud obstinada e impenitente les imped\u00eda recibir el perd\u00f3n de\nsus pecados, con lo que compraban su condenaci\u00f3n.<\/p>\n\n\n\n<p>Se\u00f1or, ay\u00fadanos a\nser d\u00f3ciles a la voz de tu Santo Esp\u00edritu para que podamos reconocer nuestros\npecados, conscientes de que, mediante Su poder, acudiendo al sacramento de la\nreconciliaci\u00f3n, podemos recibir el perd\u00f3n de los mismos.<\/p>\n<div style=\"padding-bottom:20px; padding-top:10px;\" class=\"hupso-share-buttons\"><!-- Hupso Share Buttons - https:\/\/www.hupso.com\/share\/ --><a class=\"hupso_toolbar\" href=\"https:\/\/www.hupso.com\/share\/\"><img src=\"http:\/\/static.hupso.com\/share\/buttons\/lang\/es\/share-medium.png\" style=\"border:0px; padding-top: 5px; float:left;\" alt=\"Share Button\"\/><\/a><script type=\"text\/javascript\">var hupso_services_t=new Array(\"Twitter\",\"Facebook\",\"Google Plus\",\"Pinterest\",\"Linkedin\",\"Email\",\"Print\");var hupso_background_t=\"#EAF4FF\";var hupso_border_t=\"#66CCFF\";var hupso_toolbar_size_t=\"medium\";var hupso_image_folder_url = \"\";var hupso_twitter_via=\"hectorops\";var hupso_url_t=\"\";var hupso_title_t=\"REFLEXI%C3%93N%20PARA%20EL%20LUNES%20DE%20LA%20TERCERA%20SEMANA%20DEL%20T.O.%20%282%29%2027-01-20\";<\/script><script type=\"text\/javascript\" src=\"http:\/\/static.hupso.com\/share\/js\/share_toolbar.js\"><\/script><!-- Hupso Share Buttons --><\/div>","protected":false},"excerpt":{"rendered":"<p>La primera lectura de hoy (2 Sam 5,1-7.10) contin\u00faa narr\u00e1ndonos la historia de David, y nos presenta el pacto que hicieron con \u00e9l los ancianos de Israel, ungi\u00e9ndolo como su rey: \u201cTodos los ancianos de Israel fueron a Hebr\u00f3n a &hellip; <a href=\"http:\/\/delamanodemaria.com\/?p=12943\">Continue reading <span class=\"meta-nav\">&rarr;<\/span><\/a><\/p>\n<div style=\"padding-bottom:20px; padding-top:10px;\" class=\"hupso-share-buttons\"><!-- Hupso Share Buttons - https:\/\/www.hupso.com\/share\/ --><a class=\"hupso_toolbar\" href=\"https:\/\/www.hupso.com\/share\/\"><img src=\"http:\/\/static.hupso.com\/share\/buttons\/lang\/es\/share-medium.png\" style=\"border:0px; padding-top: 5px; float:left;\" alt=\"Share Button\"\/><\/a><script type=\"text\/javascript\">var hupso_services_t=new Array(\"Twitter\",\"Facebook\",\"Google Plus\",\"Pinterest\",\"Linkedin\",\"Email\",\"Print\");var hupso_background_t=\"#EAF4FF\";var hupso_border_t=\"#66CCFF\";var hupso_toolbar_size_t=\"medium\";var hupso_image_folder_url = \"\";var hupso_twitter_via=\"hectorops\";var hupso_url_t=\"\";var hupso_title_t=\"REFLEXI%C3%93N%20PARA%20EL%20LUNES%20DE%20LA%20TERCERA%20SEMANA%20DEL%20T.O.%20%282%29%2027-01-20\";<\/script><script type=\"text\/javascript\" src=\"http:\/\/static.hupso.com\/share\/js\/share_toolbar.js\"><\/script><!-- Hupso Share Buttons --><\/div>","protected":false},"author":1,"featured_media":12945,"comment_status":"open","ping_status":"open","sticky":false,"template":"","format":"standard","meta":{"jetpack_post_was_ever_published":false,"_jetpack_newsletter_access":"","_jetpack_newsletter_tier_id":0,"jetpack_publicize_message":"","jetpack_is_tweetstorm":false,"jetpack_publicize_feature_enabled":true,"jetpack_social_post_already_shared":true,"jetpack_social_options":{"image_generator_settings":{"template":"highway","enabled":false}}},"categories":[1],"tags":[658,586,433,435,29,3200,502,3420,212,206,225,3636,2226,2,2389,975,976,3637,2003,424,722,3497],"jetpack_publicize_connections":[],"jetpack_featured_media_url":"http:\/\/delamanodemaria.com\/wp-content\/uploads\/2020\/01\/El-que-blasfeme-contra-el-Espiritu-Santo.jpg","jetpack_shortlink":"https:\/\/wp.me\/p3bBgS-3mL","jetpack_sharing_enabled":true,"jetpack_likes_enabled":true,"_links":{"self":[{"href":"http:\/\/delamanodemaria.com\/index.php?rest_route=\/wp\/v2\/posts\/12943"}],"collection":[{"href":"http:\/\/delamanodemaria.com\/index.php?rest_route=\/wp\/v2\/posts"}],"about":[{"href":"http:\/\/delamanodemaria.com\/index.php?rest_route=\/wp\/v2\/types\/post"}],"author":[{"embeddable":true,"href":"http:\/\/delamanodemaria.com\/index.php?rest_route=\/wp\/v2\/users\/1"}],"replies":[{"embeddable":true,"href":"http:\/\/delamanodemaria.com\/index.php?rest_route=%2Fwp%2Fv2%2Fcomments&post=12943"}],"version-history":[{"count":2,"href":"http:\/\/delamanodemaria.com\/index.php?rest_route=\/wp\/v2\/posts\/12943\/revisions"}],"predecessor-version":[{"id":12946,"href":"http:\/\/delamanodemaria.com\/index.php?rest_route=\/wp\/v2\/posts\/12943\/revisions\/12946"}],"wp:featuredmedia":[{"embeddable":true,"href":"http:\/\/delamanodemaria.com\/index.php?rest_route=\/wp\/v2\/media\/12945"}],"wp:attachment":[{"href":"http:\/\/delamanodemaria.com\/index.php?rest_route=%2Fwp%2Fv2%2Fmedia&parent=12943"}],"wp:term":[{"taxonomy":"category","embeddable":true,"href":"http:\/\/delamanodemaria.com\/index.php?rest_route=%2Fwp%2Fv2%2Fcategories&post=12943"},{"taxonomy":"post_tag","embeddable":true,"href":"http:\/\/delamanodemaria.com\/index.php?rest_route=%2Fwp%2Fv2%2Ftags&post=12943"}],"curies":[{"name":"wp","href":"https:\/\/api.w.org\/{rel}","templated":true}]}}