{"id":1300,"date":"2013-06-22T21:47:55","date_gmt":"2013-06-23T01:47:55","guid":{"rendered":"http:\/\/delamanodemaria.com\/?p=1300"},"modified":"2013-06-22T21:48:15","modified_gmt":"2013-06-23T01:48:15","slug":"reflexion-para-el-12mo-domingo-del-t-o-22-06-13","status":"publish","type":"post","link":"http:\/\/delamanodemaria.com\/?p=1300","title":{"rendered":"REFLEXI\u00d3N PARA EL 12MO DOMINGO DEL T.O. 22-06-13"},"content":{"rendered":"<div id=\"attachment_1301\" style=\"width: 810px\" class=\"wp-caption alignnone\"><a href=\"http:\/\/delamanodemaria.com\/wp-content\/uploads\/2013\/06\/el-que-quiera-venirse-tras-de-mi.jpg\"><img aria-describedby=\"caption-attachment-1301\" decoding=\"async\" loading=\"lazy\" class=\" wp-image-1301\" alt=\"el que quiera venirse tras de mi\" src=\"http:\/\/delamanodemaria.com\/wp-content\/uploads\/2013\/06\/el-que-quiera-venirse-tras-de-mi.jpg\" width=\"800\" height=\"587\" srcset=\"http:\/\/delamanodemaria.com\/wp-content\/uploads\/2013\/06\/el-que-quiera-venirse-tras-de-mi.jpg 800w, http:\/\/delamanodemaria.com\/wp-content\/uploads\/2013\/06\/el-que-quiera-venirse-tras-de-mi-300x220.jpg 300w, http:\/\/delamanodemaria.com\/wp-content\/uploads\/2013\/06\/el-que-quiera-venirse-tras-de-mi-408x300.jpg 408w\" sizes=\"(max-width: 800px) 100vw, 800px\" \/><\/a><p id=\"caption-attachment-1301\" class=\"wp-caption-text\">\u201cEl que quiera seguirme, que se niegue a s\u00ed mismo, cargue con su cruz cada d\u00eda y se venga conmigo.&#8221;<\/p><\/div>\n<p><span style=\"font-size: large;\">La primera lectura (Za 12,10-11.13,1) y el relato evang\u00e9lico (Lc 9,18-24) que nos propone la liturgia para este duod\u00e9cimo domingo del tiempo ordinario, nos presentan una perspectiva mesi\u00e1nica.<\/span><\/p>\n<p><span style=\"font-size: large;\">Mir\u00e1ndolo desde la \u00f3ptica neotestamentaria, la profec\u00eda de Zacar\u00edas nos presenta una prefiguraci\u00f3n de la crucifixi\u00f3n de Jes\u00fas (Cfr. Jn 19,37), y al hecho de que su muerte ser\u00e1 llorada por todo el pueblo pero traer\u00e1 la salvaci\u00f3n: \u201cAquel d\u00eda, ser\u00e1 grande el luto en Jerusal\u00e9n, como el luto de Hadad-Rim\u00f3n en el valle de Meguido\u201d. El profeta alude a la batalla del valle de Meguido, en la que muri\u00f3 el rey Jos\u00edas cuya muerte fue llorada por todos, pues hab\u00edan depositado en \u00e9l grandes esperanzas, tanto en el plano religioso como en el pol\u00edtico (Cfr. 2 Re 23,29; 2 Cr 35,24-25). Lo mismo ocurri\u00f3 con las esperanzas mesi\u00e1nicas del pueblo en la persona de Jes\u00fas, que ellos esperaban fuera un gran l\u00edder pol\u00edtico y militar que los liberara del imperio romano.<\/span><\/p>\n<p><span style=\"font-size: large;\">El profeta nos refiere adem\u00e1s a la salvaci\u00f3n de Jerusal\u00e9n, que llegar\u00e1 solo a trav\u00e9s de un esp\u00edritu de gracia y clemencia abundantes que Dios derramar\u00e1 sobre ella, causando una transformaci\u00f3n interior de la comunidad que culminar\u00e1 en la conversi\u00f3n. Esta conversi\u00f3n llevar\u00e1 a la purificaci\u00f3n, que el profeta nos presenta con la imagen de la fuente, que podr\u00eda tambi\u00e9n interpretarse como prefiguraci\u00f3n del Bautismo. Sabido es que el agua siempre es s\u00edmbolo de purificaci\u00f3n, tanto exterior como interior.<\/span><\/p>\n<p><span style=\"font-size: large;\">La lectura evang\u00e9lica es uno de esos pasajes que aparece en los tres sin\u00f3pticos (ver: Mt 16,13-20; Mc 8,27-30), y puede resumirse en tres \u201cmomentos\u201d principales. Primero, la identidad mesi\u00e1nica de Jes\u00fas (\u201c\u00bfQui\u00e9n dice la gente que soy yo?\u201d; \u201cY ustedes, \u00bfqui\u00e9n dicen que soy yo?\u201d) y la profesi\u00f3n de fe de Pedro (\u201cEl Mes\u00edas de Dios\u201d). Segundo, el anuncio de la Pasi\u00f3n: \u201cEl Hijo del hombre tiene que padecer mucho, ser desechado por los ancianos, sumos sacerdotes y escribas, ser ejecutado y resucitar al tercer d\u00eda\u201d. Tercero, las condiciones para el seguimiento: \u201cEl que quiera seguirme, que se niegue a s\u00ed mismo, cargue con su cruz cada d\u00eda y se venga conmigo. Pues el que quiera salvar su vida la perder\u00e1; pero el que pierda su vida por mi causa la salvar\u00e1\u201d.<\/span><\/p>\n<p><span style=\"font-size: large;\">\u00c9l fue humillado, se neg\u00f3 a s\u00ed mismo, carg\u00f3 con su cruz y se entreg\u00f3 por nosotros. Y nos advierte que si queremos seguirlo el camino promete ser dif\u00edcil. La decisi\u00f3n de seguirlo o no, va depender de nuestra contestaci\u00f3n a la pregunta que formul\u00f3 a los disc\u00edpulos y ahora nos plantea a nosotros: \u201cY t\u00fa, \u00bfqui\u00e9n dices que soy Yo?\u201d<\/span><\/p>\n<p><span style=\"font-size: large;\">El que llega a conocer la verdadera identidad de Jes\u00fas, el que tiene un encuentro personal con \u00c9l y su Misterio Pascual, sabe que tiene que correr su misma suerte; que ser\u00e1 rechazado, objeto de burla, y hasta perseguido por causa de Su nombre. La voluntad de Dios es que todos nos salvemos. Y Jes\u00fas nos est\u00e1 proponiendo el negocio de nuestras vidas: \u201cel que pierda su vida por mi causa la salvar\u00e1\u201d.<\/span><\/p>\n<p><span style=\"font-size: large;\">Por eso hoy debemos preguntarnos: \u00bfQui\u00e9n es Jes\u00fas para m\u00ed?<\/span><\/p>\n<div style=\"padding-bottom:20px; padding-top:10px;\" class=\"hupso-share-buttons\"><!-- Hupso Share Buttons - https:\/\/www.hupso.com\/share\/ --><a class=\"hupso_toolbar\" href=\"https:\/\/www.hupso.com\/share\/\"><img src=\"http:\/\/static.hupso.com\/share\/buttons\/lang\/es\/share-medium.png\" style=\"border:0px; padding-top: 5px; float:left;\" alt=\"Share Button\"\/><\/a><script type=\"text\/javascript\">var hupso_services_t=new Array(\"Twitter\",\"Facebook\",\"Google Plus\",\"Pinterest\",\"Linkedin\",\"Email\",\"Print\");var hupso_background_t=\"#EAF4FF\";var hupso_border_t=\"#66CCFF\";var hupso_toolbar_size_t=\"medium\";var hupso_image_folder_url = \"\";var hupso_twitter_via=\"hectorops\";var hupso_url_t=\"\";var hupso_title_t=\"REFLEXI%C3%93N%20PARA%20EL%2012MO%20DOMINGO%20DEL%20T.O.%2022-06-13\";<\/script><script type=\"text\/javascript\" src=\"http:\/\/static.hupso.com\/share\/js\/share_toolbar.js\"><\/script><!-- Hupso Share Buttons --><\/div>","protected":false},"excerpt":{"rendered":"<p>La primera lectura (Za 12,10-11.13,1) y el relato evang\u00e9lico (Lc 9,18-24) que nos propone la liturgia para este duod\u00e9cimo domingo del tiempo ordinario, nos presentan una perspectiva mesi\u00e1nica. Mir\u00e1ndolo desde la \u00f3ptica neotestamentaria, la profec\u00eda de Zacar\u00edas nos presenta una &hellip; <a href=\"http:\/\/delamanodemaria.com\/?p=1300\">Continue reading <span class=\"meta-nav\">&rarr;<\/span><\/a><\/p>\n<div style=\"padding-bottom:20px; padding-top:10px;\" class=\"hupso-share-buttons\"><!-- Hupso Share Buttons - https:\/\/www.hupso.com\/share\/ --><a class=\"hupso_toolbar\" href=\"https:\/\/www.hupso.com\/share\/\"><img src=\"http:\/\/static.hupso.com\/share\/buttons\/lang\/es\/share-medium.png\" style=\"border:0px; padding-top: 5px; float:left;\" alt=\"Share Button\"\/><\/a><script type=\"text\/javascript\">var hupso_services_t=new Array(\"Twitter\",\"Facebook\",\"Google Plus\",\"Pinterest\",\"Linkedin\",\"Email\",\"Print\");var hupso_background_t=\"#EAF4FF\";var hupso_border_t=\"#66CCFF\";var hupso_toolbar_size_t=\"medium\";var hupso_image_folder_url = \"\";var hupso_twitter_via=\"hectorops\";var hupso_url_t=\"\";var hupso_title_t=\"REFLEXI%C3%93N%20PARA%20EL%2012MO%20DOMINGO%20DEL%20T.O.%2022-06-13\";<\/script><script type=\"text\/javascript\" src=\"http:\/\/static.hupso.com\/share\/js\/share_toolbar.js\"><\/script><!-- Hupso Share Buttons --><\/div>","protected":false},"author":1,"featured_media":0,"comment_status":"open","ping_status":"open","sticky":false,"template":"","format":"standard","meta":{"jetpack_post_was_ever_published":false,"_jetpack_newsletter_access":"","_jetpack_newsletter_tier_id":0,"jetpack_publicize_message":"","jetpack_is_tweetstorm":false,"jetpack_publicize_feature_enabled":true,"jetpack_social_post_already_shared":true,"jetpack_social_options":{"image_generator_settings":{"template":"highway","enabled":false}}},"categories":[1],"tags":[3,12,57,96,22,55,2,87,144],"jetpack_publicize_connections":[],"jetpack_featured_media_url":"","jetpack_shortlink":"https:\/\/wp.me\/p3bBgS-kY","jetpack_sharing_enabled":true,"jetpack_likes_enabled":true,"_links":{"self":[{"href":"http:\/\/delamanodemaria.com\/index.php?rest_route=\/wp\/v2\/posts\/1300"}],"collection":[{"href":"http:\/\/delamanodemaria.com\/index.php?rest_route=\/wp\/v2\/posts"}],"about":[{"href":"http:\/\/delamanodemaria.com\/index.php?rest_route=\/wp\/v2\/types\/post"}],"author":[{"embeddable":true,"href":"http:\/\/delamanodemaria.com\/index.php?rest_route=\/wp\/v2\/users\/1"}],"replies":[{"embeddable":true,"href":"http:\/\/delamanodemaria.com\/index.php?rest_route=%2Fwp%2Fv2%2Fcomments&post=1300"}],"version-history":[{"count":2,"href":"http:\/\/delamanodemaria.com\/index.php?rest_route=\/wp\/v2\/posts\/1300\/revisions"}],"predecessor-version":[{"id":1303,"href":"http:\/\/delamanodemaria.com\/index.php?rest_route=\/wp\/v2\/posts\/1300\/revisions\/1303"}],"wp:attachment":[{"href":"http:\/\/delamanodemaria.com\/index.php?rest_route=%2Fwp%2Fv2%2Fmedia&parent=1300"}],"wp:term":[{"taxonomy":"category","embeddable":true,"href":"http:\/\/delamanodemaria.com\/index.php?rest_route=%2Fwp%2Fv2%2Fcategories&post=1300"},{"taxonomy":"post_tag","embeddable":true,"href":"http:\/\/delamanodemaria.com\/index.php?rest_route=%2Fwp%2Fv2%2Ftags&post=1300"}],"curies":[{"name":"wp","href":"https:\/\/api.w.org\/{rel}","templated":true}]}}