{"id":13045,"date":"2020-02-16T21:39:02","date_gmt":"2020-02-17T01:39:02","guid":{"rendered":"http:\/\/delamanodemaria.com\/?p=13045"},"modified":"2020-02-16T21:39:02","modified_gmt":"2020-02-17T01:39:02","slug":"reflexion-para-el-lunes-de-la-sexta-semana-del-t-o-2-17-02-20","status":"publish","type":"post","link":"http:\/\/delamanodemaria.com\/?p=13045","title":{"rendered":"REFLEXI\u00d3N PARA EL LUNES DE LA SEXTA SEMANA DEL T.O. (2) 17-02-20"},"content":{"rendered":"\n<figure class=\"wp-block-image\"><img decoding=\"async\" loading=\"lazy\" width=\"600\" height=\"298\" src=\"http:\/\/delamanodemaria.com\/wp-content\/uploads\/2020\/02\/Jesus-con-fariseos.jpg\" alt=\"\" class=\"wp-image-13047\" srcset=\"http:\/\/delamanodemaria.com\/wp-content\/uploads\/2020\/02\/Jesus-con-fariseos.jpg 600w, http:\/\/delamanodemaria.com\/wp-content\/uploads\/2020\/02\/Jesus-con-fariseos-300x149.jpg 300w, http:\/\/delamanodemaria.com\/wp-content\/uploads\/2020\/02\/Jesus-con-fariseos-500x248.jpg 500w\" sizes=\"(max-width: 600px) 100vw, 600px\" \/><figcaption>\u201c\u00bfPor qu\u00e9 esta generaci\u00f3n reclama un signo? Os aseguro que no se le dar\u00e1 un signo a esta generaci\u00f3n\u201d. <\/figcaption><\/figure>\n\n\n\n<p>\u201cEn aquel tiempo, se presentaron los fariseos\ny se pusieron a discutir con Jes\u00fas; para ponerlo a prueba, le pidieron un signo\ndel cielo. Jes\u00fas dio un profundo suspiro y dijo: \u201c\u00bfPor qu\u00e9 esta generaci\u00f3n\nreclama un signo? Os aseguro que no se le dar\u00e1 un signo a esta generaci\u00f3n\u201d. Los\ndej\u00f3, se embarc\u00f3 de nuevo y se fue a la otra orilla\u201d (Mc 8,11-13). Este corto pasaje\nque nos propone la liturgia para hoy lunes de la sexta semana del tiempo\nordinario como lectura evang\u00e9lica, nos invita a reflexionar sobre nuestra fe.<\/p>\n\n\n\n<p>Aquellos se negaban a aceptar el anuncio de\nReino de parte de Jes\u00fas porque les faltaba fe, que no es otra cosa que \u201cla\ngarant\u00eda de lo que se espera, la prueba de lo que no se ve\u201d (G\u00e1l 11,1). Sabemos\npor los relatos evang\u00e9licos que Jes\u00fas era un maestro del debate. Imagino que\ncuando los fariseos se sintieron acorralados ante los argumentos contundentes\nde Jes\u00fas, en un intento de quedar bien delante de los que les escuchaban,\ndecidieron ponerle a prueba exigiendo un signo del cielo. Un riesgo para ellos\ny una tentaci\u00f3n para Jes\u00fas; la oportunidad de demostrar su poder, como cuando\nel demonio tent\u00f3 a Jes\u00fas en el desierto luego de ayunar por cuarenta d\u00edas: \u201cSi\neres Hijo de Dios, manda que estas piedras se conviertan en panes\u201d (Mt 4,3).\nPero Jes\u00fas no vino a demostrar su poder sino a servir, a dar su vida por la\nsalvaci\u00f3n de todos. Los milagros que hace son producto de su amor y\nmisericordia infinitos, no para demostrar su poder.<\/p>\n\n\n\n<p>Aun as\u00ed, los que decidimos seguir al Se\u00f1or y\nproclamar su Palabra, en ocasiones nos sentimos frustrados y quisi\u00e9ramos que\nDios mostrara su poder y su gloria a todos, para que hasta los m\u00e1s incr\u00e9dulos\ntuvieran que creer, experimentar la conversi\u00f3n. Y es que se nos olvida la cruz\u2026\nSi fuera asunto de signos, las legiones celestiales habr\u00edan intervenido para\nevitar su arresto y ejecuci\u00f3n (<em>Cfr<\/em>.\nJn 18,36). El que vino a servir y no a ser servido no necesita m\u00e1s signo que su\nPalabra.<\/p>\n\n\n\n<p>Hoy que tenemos la Palabra de Jes\u00fas, sus\nense\u00f1anzas, y su Iglesia con los sacramentos que \u00c9l instituy\u00f3, tenemos que\npreguntarnos: \u00bfEs eso suficiente para creer, para moverme a una verdadera\nconversi\u00f3n, o me gustar\u00eda al menos un \u201cmilagrito\u201d para afianzar esa\n\u201cconversi\u00f3n\u201d? \u00bfAcaso no basta el milagro que se efect\u00faa sobre el altar cada vez\nque las especies eucar\u00edsticas se convierten en el cuerpo, la sangre, el alma y\nla divinidad de Jes\u00fas? \u00a1Ah!, pero para percibir ese milagro hace falta fe\u2026<\/p>\n\n\n\n<p>Pienso en esos \u201ctelevangelistas\u201d con su\nespect\u00e1culo multitudinario en el cual los ciegos recuperan la vista, los\ntullidos caminan, los sordos recuperan la audici\u00f3n y el habla, etc., etc., y me\npregunto: \u00bfAcaso los que presencian esos portentos creer\u00edan igual si no\ntuvieran esos \u201csignos\u201d? La Buena Noticia del Reino, \u00bfnecesita de \u201csignos\u201d visibles\npara ser cre\u00edda? Esas personas creen creer porque \u201cven\u201d&#8230; (<em>Cfr<\/em>. Jn 20,25). \u00bfEs eso fe?<\/p>\n\n\n\n<p>A veces el verdadero milagro consiste en la\nfelicidad que produce el saberse amado por Dios en medio de la enfermedad, del\ndolor, de las dificultades y de las p\u00e9rdidas, y confiar en su promesa de Vida\neterna.<\/p>\n\n\n\n<p>Que pasen una hermosa semana\u2026<\/p>\n<div style=\"padding-bottom:20px; padding-top:10px;\" class=\"hupso-share-buttons\"><!-- Hupso Share Buttons - https:\/\/www.hupso.com\/share\/ --><a class=\"hupso_toolbar\" href=\"https:\/\/www.hupso.com\/share\/\"><img src=\"http:\/\/static.hupso.com\/share\/buttons\/lang\/es\/share-medium.png\" style=\"border:0px; padding-top: 5px; float:left;\" alt=\"Share Button\"\/><\/a><script type=\"text\/javascript\">var hupso_services_t=new Array(\"Twitter\",\"Facebook\",\"Google Plus\",\"Pinterest\",\"Linkedin\",\"Email\",\"Print\");var hupso_background_t=\"#EAF4FF\";var hupso_border_t=\"#66CCFF\";var hupso_toolbar_size_t=\"medium\";var hupso_image_folder_url = \"\";var hupso_twitter_via=\"hectorops\";var hupso_url_t=\"\";var hupso_title_t=\"REFLEXI%C3%93N%20PARA%20EL%20LUNES%20DE%20LA%20SEXTA%20SEMANA%20DEL%20T.O.%20%282%29%2017-02-20\";<\/script><script type=\"text\/javascript\" src=\"http:\/\/static.hupso.com\/share\/js\/share_toolbar.js\"><\/script><!-- Hupso Share Buttons --><\/div>","protected":false},"excerpt":{"rendered":"<p>\u201cEn aquel tiempo, se presentaron los fariseos y se pusieron a discutir con Jes\u00fas; para ponerlo a prueba, le pidieron un signo del cielo. Jes\u00fas dio un profundo suspiro y dijo: \u201c\u00bfPor qu\u00e9 esta generaci\u00f3n reclama un signo? Os aseguro &hellip; <a href=\"http:\/\/delamanodemaria.com\/?p=13045\">Continue reading <span class=\"meta-nav\">&rarr;<\/span><\/a><\/p>\n<div style=\"padding-bottom:20px; padding-top:10px;\" class=\"hupso-share-buttons\"><!-- Hupso Share Buttons - https:\/\/www.hupso.com\/share\/ --><a class=\"hupso_toolbar\" href=\"https:\/\/www.hupso.com\/share\/\"><img src=\"http:\/\/static.hupso.com\/share\/buttons\/lang\/es\/share-medium.png\" style=\"border:0px; padding-top: 5px; float:left;\" alt=\"Share Button\"\/><\/a><script type=\"text\/javascript\">var hupso_services_t=new Array(\"Twitter\",\"Facebook\",\"Google Plus\",\"Pinterest\",\"Linkedin\",\"Email\",\"Print\");var hupso_background_t=\"#EAF4FF\";var hupso_border_t=\"#66CCFF\";var hupso_toolbar_size_t=\"medium\";var hupso_image_folder_url = \"\";var hupso_twitter_via=\"hectorops\";var hupso_url_t=\"\";var hupso_title_t=\"REFLEXI%C3%93N%20PARA%20EL%20LUNES%20DE%20LA%20SEXTA%20SEMANA%20DEL%20T.O.%20%282%29%2017-02-20\";<\/script><script type=\"text\/javascript\" src=\"http:\/\/static.hupso.com\/share\/js\/share_toolbar.js\"><\/script><!-- Hupso Share Buttons --><\/div>","protected":false},"author":1,"featured_media":13047,"comment_status":"open","ping_status":"open","sticky":false,"template":"","format":"standard","meta":{"jetpack_post_was_ever_published":false,"_jetpack_newsletter_access":"","_jetpack_newsletter_tier_id":0,"jetpack_publicize_message":"","jetpack_is_tweetstorm":false,"jetpack_publicize_feature_enabled":true,"jetpack_social_post_already_shared":true,"jetpack_social_options":{"image_generator_settings":{"template":"highway","enabled":false}}},"categories":[1],"tags":[2813,30,586,1172,2292,12,57,3214,3682,1519,1483,707,45,3200,502,22,1017,2676,419,139,3680,27,19,2558,3683,949,1422,2298,2,1808,3679,1811,1851,722],"jetpack_publicize_connections":[],"jetpack_featured_media_url":"http:\/\/delamanodemaria.com\/wp-content\/uploads\/2020\/02\/Jesus-con-fariseos.jpg","jetpack_shortlink":"https:\/\/wp.me\/p3bBgS-3op","jetpack_sharing_enabled":true,"jetpack_likes_enabled":true,"_links":{"self":[{"href":"http:\/\/delamanodemaria.com\/index.php?rest_route=\/wp\/v2\/posts\/13045"}],"collection":[{"href":"http:\/\/delamanodemaria.com\/index.php?rest_route=\/wp\/v2\/posts"}],"about":[{"href":"http:\/\/delamanodemaria.com\/index.php?rest_route=\/wp\/v2\/types\/post"}],"author":[{"embeddable":true,"href":"http:\/\/delamanodemaria.com\/index.php?rest_route=\/wp\/v2\/users\/1"}],"replies":[{"embeddable":true,"href":"http:\/\/delamanodemaria.com\/index.php?rest_route=%2Fwp%2Fv2%2Fcomments&post=13045"}],"version-history":[{"count":2,"href":"http:\/\/delamanodemaria.com\/index.php?rest_route=\/wp\/v2\/posts\/13045\/revisions"}],"predecessor-version":[{"id":13048,"href":"http:\/\/delamanodemaria.com\/index.php?rest_route=\/wp\/v2\/posts\/13045\/revisions\/13048"}],"wp:featuredmedia":[{"embeddable":true,"href":"http:\/\/delamanodemaria.com\/index.php?rest_route=\/wp\/v2\/media\/13047"}],"wp:attachment":[{"href":"http:\/\/delamanodemaria.com\/index.php?rest_route=%2Fwp%2Fv2%2Fmedia&parent=13045"}],"wp:term":[{"taxonomy":"category","embeddable":true,"href":"http:\/\/delamanodemaria.com\/index.php?rest_route=%2Fwp%2Fv2%2Fcategories&post=13045"},{"taxonomy":"post_tag","embeddable":true,"href":"http:\/\/delamanodemaria.com\/index.php?rest_route=%2Fwp%2Fv2%2Ftags&post=13045"}],"curies":[{"name":"wp","href":"https:\/\/api.w.org\/{rel}","templated":true}]}}