{"id":1305,"date":"2013-06-23T21:10:31","date_gmt":"2013-06-24T01:10:31","guid":{"rendered":"http:\/\/delamanodemaria.com\/?p=1305"},"modified":"2013-06-23T21:10:31","modified_gmt":"2013-06-24T01:10:31","slug":"reflexion-para-la-solemnidad-del-nacimiento-de-san-juan-bautista-24-06-13","status":"publish","type":"post","link":"http:\/\/delamanodemaria.com\/?p=1305","title":{"rendered":"REFLEXI\u00d3N PARA LA SOLEMNIDAD DEL NACIMIENTO DE SAN JUAN BAUTISTA 24-06-13"},"content":{"rendered":"<p style=\"text-align: center;\"><a href=\"http:\/\/delamanodemaria.com\/wp-content\/uploads\/2013\/06\/juan-bautista.jpg\"><img decoding=\"async\" loading=\"lazy\" class=\"alignnone size-full wp-image-1306\" alt=\"juan bautista\" src=\"http:\/\/delamanodemaria.com\/wp-content\/uploads\/2013\/06\/juan-bautista.jpg\" width=\"800\" height=\"954\" srcset=\"http:\/\/delamanodemaria.com\/wp-content\/uploads\/2013\/06\/juan-bautista.jpg 800w, http:\/\/delamanodemaria.com\/wp-content\/uploads\/2013\/06\/juan-bautista-251x300.jpg 251w\" sizes=\"(max-width: 800px) 100vw, 800px\" \/><\/a><\/p>\n<p><span style=\"font-family: Arial;\"><span style=\"font-size: large;\">Hoy celebramos la solemnidad de la Natividad de San Juan Bautista, patrono de la Arquidi\u00f3cesis de San Juan, Puerto Rico. La Iglesia habitualmente recuerda el d\u00eda de la muerte de los santos y santas. Esta fiesta es una de dos excepciones (la otra es la Virgen Mar\u00eda, cuyo nacimiento celebramos el 8 de septiembre). Estos dos nacimientos, junto al de Jes\u00fas el 25 de diciembre, son los \u00fanicos nacimientos que celebra la Iglesia.<\/span><\/span><\/p>\n<p><span style=\"font-family: Arial;\"><span style=\"font-size: large;\">Para este d\u00eda la liturgia nos presenta como primera lectura el \u201csegundo canto del Siervo\u201d del libro del profeta Isa\u00edas (49,1-6), uno de los cantos vocacionales m\u00e1s hermosos de la Biblia, y que puede muy bien referirse al llamado particular de cada uno de nosotros.<\/span><\/span><\/p>\n<p><span style=\"font-family: Arial;\"><span style=\"font-size: large;\">\u201cAntes de que mis padres escogieran mi nombre, Dios ya lo ten\u00eda en su pensamiento. Me llam\u00f3 por mi nombre, y exist\u00ed; me dio mi nombre, y gracias a \u00e9l los dem\u00e1s pueden dirigirse a m\u00ed, y yo puedo responder, ser responsable. Dios sigue pronunciando mi nombre, y de ese modo me llama a ponerme incesantemente en marcha, a estar en continuo crecimiento\u201d. Al leer el evangelio que nos presenta la liturgia de hoy (Lc 1,57-66.80), vino a mi mente este pasaje tomado de uno de mis libros favoritos, \u201cTe he llamado por tu nombre\u201d, de Piet Van Breemen.<\/span><\/span><\/p>\n<p><span style=\"font-family: Arial;\"><span style=\"font-size: large;\">Desde la eternidad, Dios ya nos hab\u00eda pensado y, m\u00e1s a\u00fan, sab\u00eda nuestro nombre; y ese nombre va atado a una misi\u00f3n que \u00c9l mismo ha encomendado a cada uno de nosotros. Por eso somos \u00fanicos, irrepetibles; y por eso nuestra misi\u00f3n, aunque parezca sencilla, forma parte de ese plan maestro de Dios que llamamos historia de la salvaci\u00f3n.<\/span><\/span><\/p>\n<p><span style=\"font-family: Arial;\"><span style=\"font-size: large;\">Ese fue el caso de Juan el Bautista. Al igual que ocurre muchas veces hoy d\u00eda, pretend\u00edan poner al ni\u00f1o el mismo nombre de su padre: Zacar\u00edas. Pero Dios ten\u00eda otros planes. \u201c\u00a1No! Se va a llamar Juan\u201d, exclam\u00f3 su madre Isabel, inspirada tal vez por el Esp\u00edritu Santo con que Mar\u00eda la hab\u00eda contagiado en la Visitaci\u00f3n (Lc\u00a0 1,39-56); el mismo nombre que el \u00c1ngel le hab\u00eda anunciado a Zacar\u00edas al informarle que su esposa, la que llamaban est\u00e9ril, iba a dar a luz un hijo. Por eso Zacar\u00edas escribe en una tablilla: \u201cJuan es su nombre\u201d; y en cumplimento de lo profetizado por el \u00e1ngel (1, 20) recupera su voz.<\/span><\/span><\/p>\n<p><span style=\"font-family: Arial;\"><span style=\"font-size: large;\">El nombre escogido por Dios para el ni\u00f1o, Juan, significa \u201cDios es propicio\u201d (o misericordioso), y tambi\u00e9n \u201cDon de Dios\u201d, y apunta a la inminencia y la importancia del camino que Juan habr\u00e1 de preparar: \u201cPreparad el camino del Se\u00f1or, allanad sus senderos\u201d, porque Jes\u00fas llega (Cfr. Lc 3,4). Cuando Dios piensa nuestro nombre, en el mismo va impl\u00edcita la misi\u00f3n que tenemos que desempe\u00f1ar en la vida, es decir nuestra vocaci\u00f3n.<\/span><\/span><\/p>\n<p><span style=\"font-family: Arial;\"><span style=\"font-size: large;\">En esta solemnidad de San Juan Bautista, pid\u00e1mosle al Se\u00f1or que nos ayude a discernir cu\u00e1l es la misi\u00f3n que \u00c9l ten\u00eda en mente para cada uno de nosotros el d\u00eda en que nos llam\u00f3 por nuestro nombre, y existimos\u2026<\/span><\/span><\/p>\n<div style=\"padding-bottom:20px; padding-top:10px;\" class=\"hupso-share-buttons\"><!-- Hupso Share Buttons - https:\/\/www.hupso.com\/share\/ --><a class=\"hupso_toolbar\" href=\"https:\/\/www.hupso.com\/share\/\"><img src=\"http:\/\/static.hupso.com\/share\/buttons\/lang\/es\/share-medium.png\" style=\"border:0px; padding-top: 5px; float:left;\" alt=\"Share Button\"\/><\/a><script type=\"text\/javascript\">var hupso_services_t=new Array(\"Twitter\",\"Facebook\",\"Google Plus\",\"Pinterest\",\"Linkedin\",\"Email\",\"Print\");var hupso_background_t=\"#EAF4FF\";var hupso_border_t=\"#66CCFF\";var hupso_toolbar_size_t=\"medium\";var hupso_image_folder_url = \"\";var hupso_twitter_via=\"hectorops\";var hupso_url_t=\"\";var hupso_title_t=\"REFLEXI%C3%93N%20PARA%20LA%20SOLEMNIDAD%20DEL%20NACIMIENTO%20DE%20SAN%20JUAN%20BAUTISTA%2024-06-13\";<\/script><script type=\"text\/javascript\" src=\"http:\/\/static.hupso.com\/share\/js\/share_toolbar.js\"><\/script><!-- Hupso Share Buttons --><\/div>","protected":false},"excerpt":{"rendered":"<p>Hoy celebramos la solemnidad de la Natividad de San Juan Bautista, patrono de la Arquidi\u00f3cesis de San Juan, Puerto Rico. La Iglesia habitualmente recuerda el d\u00eda de la muerte de los santos y santas. Esta fiesta es una de dos &hellip; <a href=\"http:\/\/delamanodemaria.com\/?p=1305\">Continue reading <span class=\"meta-nav\">&rarr;<\/span><\/a><\/p>\n<div style=\"padding-bottom:20px; padding-top:10px;\" class=\"hupso-share-buttons\"><!-- Hupso Share Buttons - https:\/\/www.hupso.com\/share\/ --><a class=\"hupso_toolbar\" href=\"https:\/\/www.hupso.com\/share\/\"><img src=\"http:\/\/static.hupso.com\/share\/buttons\/lang\/es\/share-medium.png\" style=\"border:0px; padding-top: 5px; float:left;\" alt=\"Share Button\"\/><\/a><script type=\"text\/javascript\">var hupso_services_t=new Array(\"Twitter\",\"Facebook\",\"Google Plus\",\"Pinterest\",\"Linkedin\",\"Email\",\"Print\");var hupso_background_t=\"#EAF4FF\";var hupso_border_t=\"#66CCFF\";var hupso_toolbar_size_t=\"medium\";var hupso_image_folder_url = \"\";var hupso_twitter_via=\"hectorops\";var hupso_url_t=\"\";var hupso_title_t=\"REFLEXI%C3%93N%20PARA%20LA%20SOLEMNIDAD%20DEL%20NACIMIENTO%20DE%20SAN%20JUAN%20BAUTISTA%2024-06-13\";<\/script><script type=\"text\/javascript\" src=\"http:\/\/static.hupso.com\/share\/js\/share_toolbar.js\"><\/script><!-- Hupso Share Buttons --><\/div>","protected":false},"author":1,"featured_media":0,"comment_status":"open","ping_status":"open","sticky":false,"template":"","format":"standard","meta":{"jetpack_post_was_ever_published":false,"_jetpack_newsletter_access":"","_jetpack_newsletter_tier_id":0,"jetpack_publicize_message":"","jetpack_is_tweetstorm":false,"jetpack_publicize_feature_enabled":true,"jetpack_social_post_already_shared":true,"jetpack_social_options":{"image_generator_settings":{"template":"highway","enabled":false}}},"categories":[1],"tags":[3,96,163,2,199],"jetpack_publicize_connections":[],"jetpack_featured_media_url":"","jetpack_shortlink":"https:\/\/wp.me\/p3bBgS-l3","jetpack_sharing_enabled":true,"jetpack_likes_enabled":true,"_links":{"self":[{"href":"http:\/\/delamanodemaria.com\/index.php?rest_route=\/wp\/v2\/posts\/1305"}],"collection":[{"href":"http:\/\/delamanodemaria.com\/index.php?rest_route=\/wp\/v2\/posts"}],"about":[{"href":"http:\/\/delamanodemaria.com\/index.php?rest_route=\/wp\/v2\/types\/post"}],"author":[{"embeddable":true,"href":"http:\/\/delamanodemaria.com\/index.php?rest_route=\/wp\/v2\/users\/1"}],"replies":[{"embeddable":true,"href":"http:\/\/delamanodemaria.com\/index.php?rest_route=%2Fwp%2Fv2%2Fcomments&post=1305"}],"version-history":[{"count":1,"href":"http:\/\/delamanodemaria.com\/index.php?rest_route=\/wp\/v2\/posts\/1305\/revisions"}],"predecessor-version":[{"id":1307,"href":"http:\/\/delamanodemaria.com\/index.php?rest_route=\/wp\/v2\/posts\/1305\/revisions\/1307"}],"wp:attachment":[{"href":"http:\/\/delamanodemaria.com\/index.php?rest_route=%2Fwp%2Fv2%2Fmedia&parent=1305"}],"wp:term":[{"taxonomy":"category","embeddable":true,"href":"http:\/\/delamanodemaria.com\/index.php?rest_route=%2Fwp%2Fv2%2Fcategories&post=1305"},{"taxonomy":"post_tag","embeddable":true,"href":"http:\/\/delamanodemaria.com\/index.php?rest_route=%2Fwp%2Fv2%2Ftags&post=1305"}],"curies":[{"name":"wp","href":"https:\/\/api.w.org\/{rel}","templated":true}]}}