{"id":13193,"date":"2020-03-16T18:26:01","date_gmt":"2020-03-16T22:26:01","guid":{"rendered":"http:\/\/delamanodemaria.com\/?p=13193"},"modified":"2020-03-16T18:26:01","modified_gmt":"2020-03-16T22:26:01","slug":"reflexion-para-el-martes-de-la-tercera-semana-de-cuaresma-17-03-20","status":"publish","type":"post","link":"http:\/\/delamanodemaria.com\/?p=13193","title":{"rendered":"REFLEXI\u00d3N PARA EL MARTES DE LA TERCERA SEMANA DE CUARESMA 17-03-20"},"content":{"rendered":"\n<figure class=\"wp-block-image\"><img decoding=\"async\" loading=\"lazy\" width=\"624\" height=\"351\" src=\"http:\/\/delamanodemaria.com\/wp-content\/uploads\/2015\/01\/papa-francisco-confesion-vaticano.jpg\" alt=\"\" class=\"wp-image-4831\" srcset=\"http:\/\/delamanodemaria.com\/wp-content\/uploads\/2015\/01\/papa-francisco-confesion-vaticano.jpg 624w, http:\/\/delamanodemaria.com\/wp-content\/uploads\/2015\/01\/papa-francisco-confesion-vaticano-300x169.jpg 300w, http:\/\/delamanodemaria.com\/wp-content\/uploads\/2015\/01\/papa-francisco-confesion-vaticano-500x281.jpg 500w\" sizes=\"(max-width: 624px) 100vw, 624px\" \/><figcaption>Como hemos dicho en ocasiones anteriores, Dios nos perdona incluso antes de que le pidamos perd\u00f3n, teniendo tan solo que acercarnos al sacramento de la reconciliaci\u00f3n para poder recibirlo. <\/figcaption><\/figure>\n\n\n\n<p class=\"has-drop-cap\">\u201cPerdona nuestras ofensas, como nosotros perdonamos\na los que nos han ofendido\u201d (Mt 6,12). En ese fragmento de la oraci\u00f3n que el\nmismo Cristo nos ense\u00f1\u00f3, y que repetimos a diario sin prestar atenci\u00f3n a lo que\ndecimos, podr\u00eda resumirse la lectura evang\u00e9lica que la liturgia nos ofrece hoy\n(Mt 18,21-35). \u00a1Cu\u00e1n prestos somos al juzgar y criticar al pr\u00f3jimo, y cu\u00e1n\nlentos somos a la hora de perdonar! Se nos olvida que la medida con que nosotros\nmidamos tambi\u00e9n se usar\u00e1 para nosotros (Mt 7,2b; Lc 6,38b).<\/p>\n\n\n\n<p>En alg\u00fan lugar he le\u00eddo que perdonar no es\nsolo un deber moral, sino el eco de la conciencia de haber sido perdonado. Es\ndecir, perdonamos porque hemos sido perdonados, y como una consecuencia directa\nde ese perd\u00f3n que hemos recibido.<\/p>\n\n\n\n<p>Para entender el alcance del relato evang\u00e9lico\nde hoy, tenemos que entender la mentalidad jud\u00eda de la \u00e9poca de Jes\u00fas, y c\u00f3mo\nesta hab\u00eda ido evolucionando. En la antig\u00fcedad, cuando alguien nos ofend\u00eda\nmerec\u00eda una venganza de hasta \u201csetenta veces siete\u201d (Gn 4,24). Posteriormente,\ncon la llamada \u201cley del tali\u00f3n\u201d, esta venganza se redujo a la medida de la\nfalta: \u201cojo por ojo, diente por diente\u2026\u201d (Ex 21, 23-25). Este concepto sigui\u00f3\nevolucionando y no es hasta una \u00e9poca bien posterior que se introduce la noci\u00f3n\ndel perd\u00f3n, pero hasta cierto l\u00edmite, sujeto a ciertas \u201ctarifas\u201d. Cabe se\u00f1alar\nque estas \u201ctarifas\u201d variaban de una escuela rab\u00ednica a otra. As\u00ed se establec\u00eda\nel n\u00famero de veces que se deb\u00eda perdonar a los hermanos, las esposas, los\nhijos.<\/p>\n\n\n\n<p>Jes\u00fas era considerado por sus disc\u00edpulos como <em>rabon\u00ed<\/em>. Dentro de ese marco es que Pedro\npregunta a Jes\u00fas: \u201cSe\u00f1or, si mi hermano me ofende, \u00bfcu\u00e1ntas veces le tengo que\nperdonar? \u00bfHasta siete veces?\u201d. Quer\u00eda saber cu\u00e1l era la \u201ctarifa\u201d que Jes\u00fas iba\na imponer a sus disc\u00edpulos. A lo que Jes\u00fas le responde: \u201cNo te digo hasta siete\nveces, sino hasta setenta veces siete\u201d.<\/p>\n\n\n\n<p>Para explicar su punto, les expone la\n\u201cpar\u00e1bola del servidor despiadado\u201d; aqu\u00e9l de quien el rey se hab\u00eda compadecido\ny le hab\u00eda perdonado una deuda considerable. Luego, ese mismo servidor hizo\nencarcelar a otro que le deb\u00eda una suma mucho menor. Al enterarse el rey, le\nhizo encarcelar tambi\u00e9n hasta que pagara la deuda en tu totalidad dici\u00e9ndole: \u201c\u00bfNo\ndeb\u00edas tambi\u00e9n t\u00fa tener compasi\u00f3n de tu compa\u00f1ero, como yo me compadec\u00ed de ti?\u201d.\nAl final Jes\u00fas a\u00f1ade: \u201cLo mismo har\u00e1 tambi\u00e9n mi Padre celestial con ustedes, si\nno perdonan de coraz\u00f3n a sus hermanos\u201d.<\/p>\n\n\n\n<p>No podemos negar el perd\u00f3n a los dem\u00e1s, porque\nnosotros mismos hemos sido perdonados; y ese perd\u00f3n no puede estar sujeto a un\nn\u00famero de veces, a una \u201ctarifa\u201d, porque a nosotros Dios nos perdona sin l\u00edmite.\nComo hemos dicho en ocasiones anteriores, nos perdona incluso antes de que le\npidamos perd\u00f3n, teniendo tan solo que acercarnos al sacramento de la\nreconciliaci\u00f3n para poder recibirlo. Solo perdonando sin medida al que nos\nofende, como Dios lo hace con nosotros, estaremos proclamando la Buena Noticia\ndel perd\u00f3n de Dios.<\/p>\n\n\n\n<p>Se\u00f1or, ay\u00fadame a perdonar como T\u00fa me perdonas\u2026<\/p>\n<div style=\"padding-bottom:20px; padding-top:10px;\" class=\"hupso-share-buttons\"><!-- Hupso Share Buttons - https:\/\/www.hupso.com\/share\/ --><a class=\"hupso_toolbar\" href=\"https:\/\/www.hupso.com\/share\/\"><img src=\"http:\/\/static.hupso.com\/share\/buttons\/lang\/es\/share-medium.png\" style=\"border:0px; padding-top: 5px; float:left;\" alt=\"Share Button\"\/><\/a><script type=\"text\/javascript\">var hupso_services_t=new Array(\"Twitter\",\"Facebook\",\"Google Plus\",\"Pinterest\",\"Linkedin\",\"Email\",\"Print\");var hupso_background_t=\"#EAF4FF\";var hupso_border_t=\"#66CCFF\";var hupso_toolbar_size_t=\"medium\";var hupso_image_folder_url = \"\";var hupso_twitter_via=\"hectorops\";var hupso_url_t=\"\";var hupso_title_t=\"REFLEXI%C3%93N%20PARA%20EL%20MARTES%20DE%20LA%20TERCERA%20SEMANA%20DE%20CUARESMA%2017-03-20\";<\/script><script type=\"text\/javascript\" src=\"http:\/\/static.hupso.com\/share\/js\/share_toolbar.js\"><\/script><!-- Hupso Share Buttons --><\/div>","protected":false},"excerpt":{"rendered":"<p>\u201cPerdona nuestras ofensas, como nosotros perdonamos a los que nos han ofendido\u201d (Mt 6,12). En ese fragmento de la oraci\u00f3n que el mismo Cristo nos ense\u00f1\u00f3, y que repetimos a diario sin prestar atenci\u00f3n a lo que decimos, podr\u00eda resumirse &hellip; <a href=\"http:\/\/delamanodemaria.com\/?p=13193\">Continue reading <span class=\"meta-nav\">&rarr;<\/span><\/a><\/p>\n<div style=\"padding-bottom:20px; padding-top:10px;\" class=\"hupso-share-buttons\"><!-- Hupso Share Buttons - https:\/\/www.hupso.com\/share\/ --><a class=\"hupso_toolbar\" href=\"https:\/\/www.hupso.com\/share\/\"><img src=\"http:\/\/static.hupso.com\/share\/buttons\/lang\/es\/share-medium.png\" style=\"border:0px; padding-top: 5px; float:left;\" alt=\"Share Button\"\/><\/a><script type=\"text\/javascript\">var hupso_services_t=new Array(\"Twitter\",\"Facebook\",\"Google Plus\",\"Pinterest\",\"Linkedin\",\"Email\",\"Print\");var hupso_background_t=\"#EAF4FF\";var hupso_border_t=\"#66CCFF\";var hupso_toolbar_size_t=\"medium\";var hupso_image_folder_url = \"\";var hupso_twitter_via=\"hectorops\";var hupso_url_t=\"\";var hupso_title_t=\"REFLEXI%C3%93N%20PARA%20EL%20MARTES%20DE%20LA%20TERCERA%20SEMANA%20DE%20CUARESMA%2017-03-20\";<\/script><script type=\"text\/javascript\" src=\"http:\/\/static.hupso.com\/share\/js\/share_toolbar.js\"><\/script><!-- Hupso Share Buttons --><\/div>","protected":false},"author":1,"featured_media":4831,"comment_status":"open","ping_status":"open","sticky":false,"template":"","format":"standard","meta":{"jetpack_post_was_ever_published":false,"_jetpack_newsletter_access":"","_jetpack_newsletter_tier_id":0,"jetpack_publicize_message":"","jetpack_is_tweetstorm":false,"jetpack_publicize_feature_enabled":true,"jetpack_social_post_already_shared":true,"jetpack_social_options":{"image_generator_settings":{"template":"highway","enabled":false}}},"categories":[1],"tags":[296,3780,2889,2935,1055,833,2235,2066,15,2469,2226,3163,1222,2,82,1866,1867,2236,1865],"jetpack_publicize_connections":[],"jetpack_featured_media_url":"http:\/\/delamanodemaria.com\/wp-content\/uploads\/2015\/01\/papa-francisco-confesion-vaticano.jpg","jetpack_shortlink":"https:\/\/wp.me\/p3bBgS-3qN","jetpack_sharing_enabled":true,"jetpack_likes_enabled":true,"_links":{"self":[{"href":"http:\/\/delamanodemaria.com\/index.php?rest_route=\/wp\/v2\/posts\/13193"}],"collection":[{"href":"http:\/\/delamanodemaria.com\/index.php?rest_route=\/wp\/v2\/posts"}],"about":[{"href":"http:\/\/delamanodemaria.com\/index.php?rest_route=\/wp\/v2\/types\/post"}],"author":[{"embeddable":true,"href":"http:\/\/delamanodemaria.com\/index.php?rest_route=\/wp\/v2\/users\/1"}],"replies":[{"embeddable":true,"href":"http:\/\/delamanodemaria.com\/index.php?rest_route=%2Fwp%2Fv2%2Fcomments&post=13193"}],"version-history":[{"count":3,"href":"http:\/\/delamanodemaria.com\/index.php?rest_route=\/wp\/v2\/posts\/13193\/revisions"}],"predecessor-version":[{"id":13196,"href":"http:\/\/delamanodemaria.com\/index.php?rest_route=\/wp\/v2\/posts\/13193\/revisions\/13196"}],"wp:featuredmedia":[{"embeddable":true,"href":"http:\/\/delamanodemaria.com\/index.php?rest_route=\/wp\/v2\/media\/4831"}],"wp:attachment":[{"href":"http:\/\/delamanodemaria.com\/index.php?rest_route=%2Fwp%2Fv2%2Fmedia&parent=13193"}],"wp:term":[{"taxonomy":"category","embeddable":true,"href":"http:\/\/delamanodemaria.com\/index.php?rest_route=%2Fwp%2Fv2%2Fcategories&post=13193"},{"taxonomy":"post_tag","embeddable":true,"href":"http:\/\/delamanodemaria.com\/index.php?rest_route=%2Fwp%2Fv2%2Ftags&post=13193"}],"curies":[{"name":"wp","href":"https:\/\/api.w.org\/{rel}","templated":true}]}}