{"id":13203,"date":"2020-03-18T18:04:17","date_gmt":"2020-03-18T22:04:17","guid":{"rendered":"http:\/\/delamanodemaria.com\/?p=13203"},"modified":"2020-03-18T18:04:17","modified_gmt":"2020-03-18T22:04:17","slug":"reflexion-para-la-solemnidad-de-san-jose-esposo-de-la-virgen-maria-19-03-20","status":"publish","type":"post","link":"http:\/\/delamanodemaria.com\/?p=13203","title":{"rendered":"REFLEXI\u00d3N PARA LA SOLEMNIDAD DE SAN JOS\u00c9, ESPOSO DE LA VIRGEN MAR\u00cdA 19-03-20"},"content":{"rendered":"\n<figure class=\"wp-block-image\"><img decoding=\"async\" loading=\"lazy\" width=\"594\" height=\"396\" src=\"http:\/\/delamanodemaria.com\/wp-content\/uploads\/2016\/12\/Presentaci\u00f3n-del-Ni\u00f1o-sm.jpg\" alt=\"\" class=\"wp-image-8257\" srcset=\"http:\/\/delamanodemaria.com\/wp-content\/uploads\/2016\/12\/Presentaci\u00f3n-del-Ni\u00f1o-sm.jpg 594w, http:\/\/delamanodemaria.com\/wp-content\/uploads\/2016\/12\/Presentaci\u00f3n-del-Ni\u00f1o-sm-300x200.jpg 300w, http:\/\/delamanodemaria.com\/wp-content\/uploads\/2016\/12\/Presentaci\u00f3n-del-Ni\u00f1o-sm-450x300.jpg 450w\" sizes=\"(max-width: 594px) 100vw, 594px\" \/><figcaption>&#8220;Aunque no lo menciona por su nombre, presumimos que fue quien lo llev\u00f3 a circuncidar a los ocho d\u00edas&#8221;. <\/figcaption><\/figure>\n\n\n\n<p class=\"has-drop-cap\">Hoy hacemos un par\u00e9ntesis en liturgia cuaresmal, en que la Iglesia celebra la solemnidad de San Jos\u00e9, esposo de la Virgen Mar\u00eda y patrono de la Iglesia universal. Ya anteriormente hemos reflexionado sobre las lecturas que nos brinda la liturgia para este d\u00eda. Les invitamos a leer esa reflexi\u00f3n <a href=\"http:\/\/delamanodemaria.com\/?p=11386\" target=\"_blank\" rel=\"noreferrer noopener\" aria-label=\"pulsando sobre este enlace (opens in a new tab)\">pulsando sobre este enlace<\/a>.<\/p>\n\n\n\n<p>Es muy poco lo que se sabe sobre este santo\nvar\u00f3n a quien Dios encomend\u00f3 la tarea de darle estatus de legalidad a su Hijo,\nacept\u00e1ndolo y reconoci\u00e9ndolo como suyo propio, criarlo, cuidar de \u00c9l y proveer para\nsu sustento y el de su Madre. Por eso la Iglesia lo venera como santo. <\/p>\n\n\n\n<p>Sin embargo, al leer el Nuevo Testamento\nencontramos que es muy poco lo que se nos dice de San Jos\u00e9. As\u00ed, por ejemplo,\nMarcos, que es el primero de los evangelistas en escribir su relato (entre los\na\u00f1os 69-70), ni tan siquiera lo menciona. Tampoco lo hace Juan, el \u00faltimo en\nescribir (entre los a\u00f1os 95-100).<\/p>\n\n\n\n<p>Mateo (alrededor del a\u00f1o 80), el primero en\nmencionarlo, nos dice que Jos\u00e9 era descendiente de David, (1,16) cumpli\u00e9ndose\nas\u00ed las profec\u00edas mesi\u00e1nicas, y que ten\u00eda el oficio de artesano &#8211;<em>t\u00e9kton<\/em>-(13,55a); que el \u00e1ngel del Se\u00f1or le dijo que no temiera aceptar a Mar\u00eda\ncomo esposa, pues el hijo que llevaba en sus entra\u00f1as era hijo de Dios (1,20-21);\nque luego del Ni\u00f1o nacer en Bel\u00e9n (2,1), el \u00e1ngel del Se\u00f1or le instruy\u00f3 que\nhuyeran a Egipto (2,13); y m\u00e1s adelante que regresara a Nazaret (2,20). Luego\nde eso\u2026 \u00a1silencio total!<\/p>\n\n\n\n<p>Lucas (entre los a\u00f1os 80-90), por su parte, lo\ncoloca llevando a su esposa a Bel\u00e9n para empadronarse en un censo, lo que\nexplica por qu\u00e9 el Ni\u00f1o naci\u00f3 all\u00ed (2,1-7), y, aunque no lo menciona por su\nnombre, presumimos que fue quien lo llev\u00f3 a circuncidar a los ocho d\u00edas (2,21),\ny estuvo presente en la purificaci\u00f3n de su esposa y presentaci\u00f3n del Ni\u00f1o en el\nTemplo (2,22-24). Finalmente lo menciona en el episodio del Ni\u00f1o perdido y\nhallado en el Templo (2,41-52), de nuevo sin mencionar su nombre y sin que\npronuncie palabra (es su madre mar\u00eda quien increpa al ni\u00f1o). Y otra vez,\n\u00a1silencio total!<\/p>\n\n\n\n<p>De hecho, la mayor\u00eda de los detalles sobre el\norigen y la vida de Jos\u00e9 los recibimos de la Santa Tradici\u00f3n, recogida en parte\nen los <em>Evangelios Ap\u00f3crifos<\/em>, especialmente el <em>Evangelio del Pseudo\nMateo<\/em>, el <em>Libro sobre la Natividad de Mar\u00eda<\/em>, y la <em>Historia de\nJos\u00e9 el Carpintero<\/em> (a este \u00faltimo se debe que a pesar de que en el original\ngriego Mateo se limita a decir que era \u201cartesano\u201d, la tradici\u00f3n y traducciones\nposteriores lo traduzcan como \u201ccarpintero\u201d).<\/p>\n\n\n\n<p>De estos escritos surge, por ejemplo, las\ncircunstancias en que Jos\u00e9 advino esposo de la Virgen Mar\u00eda, su edad avanzada,\nque era viudo y que ten\u00eda otros hijos, la vara de san Jos\u00e9 que florece frente a\nlos dem\u00e1s pretendientes (por eso las im\u00e1genes lo muestran con su vara\nflorecida), y que Jos\u00e9 falleci\u00f3 cuando Jes\u00fas ten\u00eda dieciocho a\u00f1os (a Jos\u00e9 se le\nconoce tambi\u00e9n como el santo del \u201cbuen morir\u201d, pues se presume que muri\u00f3 en\ncompa\u00f1\u00eda de Jes\u00fas y Mar\u00eda).<\/p>\n\n\n\n<p>Lo cierto es que el Se\u00f1or vio en \u00c9l unas\ncualidades que le hicieron digno de encomendarle la delicada tarea de ser el\npadre adoptivo del Verbo Encarnado. Por eso hoy veneramos su memoria.<\/p>\n\n\n\n<p>Felicidades a todos los Jos\u00e9, Josefa y\nJosefina (incluyendo a mi adorada esposa), en el d\u00eda de su santo patrono.<\/p>\n<div style=\"padding-bottom:20px; padding-top:10px;\" class=\"hupso-share-buttons\"><!-- Hupso Share Buttons - https:\/\/www.hupso.com\/share\/ --><a class=\"hupso_toolbar\" href=\"https:\/\/www.hupso.com\/share\/\"><img src=\"http:\/\/static.hupso.com\/share\/buttons\/lang\/es\/share-medium.png\" style=\"border:0px; padding-top: 5px; float:left;\" alt=\"Share Button\"\/><\/a><script type=\"text\/javascript\">var hupso_services_t=new Array(\"Twitter\",\"Facebook\",\"Google Plus\",\"Pinterest\",\"Linkedin\",\"Email\",\"Print\");var hupso_background_t=\"#EAF4FF\";var hupso_border_t=\"#66CCFF\";var hupso_toolbar_size_t=\"medium\";var hupso_image_folder_url = \"\";var hupso_twitter_via=\"hectorops\";var hupso_url_t=\"\";var hupso_title_t=\"REFLEXI%C3%93N%20PARA%20LA%20SOLEMNIDAD%20DE%20SAN%20JOS%C3%89%2C%20ESPOSO%20DE%20LA%20VIRGEN%20MAR%C3%8DA%2019-03-20\";<\/script><script type=\"text\/javascript\" src=\"http:\/\/static.hupso.com\/share\/js\/share_toolbar.js\"><\/script><!-- Hupso Share Buttons --><\/div>","protected":false},"excerpt":{"rendered":"<p>Hoy hacemos un par\u00e9ntesis en liturgia cuaresmal, en que la Iglesia celebra la solemnidad de San Jos\u00e9, esposo de la Virgen Mar\u00eda y patrono de la Iglesia universal. Ya anteriormente hemos reflexionado sobre las lecturas que nos brinda la liturgia &hellip; <a href=\"http:\/\/delamanodemaria.com\/?p=13203\">Continue reading <span class=\"meta-nav\">&rarr;<\/span><\/a><\/p>\n<div style=\"padding-bottom:20px; padding-top:10px;\" class=\"hupso-share-buttons\"><!-- Hupso Share Buttons - https:\/\/www.hupso.com\/share\/ --><a class=\"hupso_toolbar\" href=\"https:\/\/www.hupso.com\/share\/\"><img src=\"http:\/\/static.hupso.com\/share\/buttons\/lang\/es\/share-medium.png\" style=\"border:0px; padding-top: 5px; float:left;\" alt=\"Share Button\"\/><\/a><script type=\"text\/javascript\">var hupso_services_t=new Array(\"Twitter\",\"Facebook\",\"Google Plus\",\"Pinterest\",\"Linkedin\",\"Email\",\"Print\");var hupso_background_t=\"#EAF4FF\";var hupso_border_t=\"#66CCFF\";var hupso_toolbar_size_t=\"medium\";var hupso_image_folder_url = \"\";var hupso_twitter_via=\"hectorops\";var hupso_url_t=\"\";var hupso_title_t=\"REFLEXI%C3%93N%20PARA%20LA%20SOLEMNIDAD%20DE%20SAN%20JOS%C3%89%2C%20ESPOSO%20DE%20LA%20VIRGEN%20MAR%C3%8DA%2019-03-20\";<\/script><script type=\"text\/javascript\" src=\"http:\/\/static.hupso.com\/share\/js\/share_toolbar.js\"><\/script><!-- Hupso Share Buttons --><\/div>","protected":false},"author":1,"featured_media":8257,"comment_status":"open","ping_status":"open","sticky":false,"template":"","format":"standard","meta":{"jetpack_post_was_ever_published":false,"_jetpack_newsletter_access":"","_jetpack_newsletter_tier_id":0,"jetpack_publicize_message":"","jetpack_is_tweetstorm":false,"jetpack_publicize_feature_enabled":true,"jetpack_social_post_already_shared":true,"jetpack_social_options":{"image_generator_settings":{"template":"highway","enabled":false}}},"categories":[1],"tags":[2261,396,1195,1251,3782,235,3783,1663,3784,3786,3785,1744,2,119,2015,2260,336,3781],"jetpack_publicize_connections":[],"jetpack_featured_media_url":"http:\/\/delamanodemaria.com\/wp-content\/uploads\/2016\/12\/Presentaci\u00f3n-del-Ni\u00f1o-sm.jpg","jetpack_shortlink":"https:\/\/wp.me\/p3bBgS-3qX","jetpack_sharing_enabled":true,"jetpack_likes_enabled":true,"_links":{"self":[{"href":"http:\/\/delamanodemaria.com\/index.php?rest_route=\/wp\/v2\/posts\/13203"}],"collection":[{"href":"http:\/\/delamanodemaria.com\/index.php?rest_route=\/wp\/v2\/posts"}],"about":[{"href":"http:\/\/delamanodemaria.com\/index.php?rest_route=\/wp\/v2\/types\/post"}],"author":[{"embeddable":true,"href":"http:\/\/delamanodemaria.com\/index.php?rest_route=\/wp\/v2\/users\/1"}],"replies":[{"embeddable":true,"href":"http:\/\/delamanodemaria.com\/index.php?rest_route=%2Fwp%2Fv2%2Fcomments&post=13203"}],"version-history":[{"count":4,"href":"http:\/\/delamanodemaria.com\/index.php?rest_route=\/wp\/v2\/posts\/13203\/revisions"}],"predecessor-version":[{"id":13207,"href":"http:\/\/delamanodemaria.com\/index.php?rest_route=\/wp\/v2\/posts\/13203\/revisions\/13207"}],"wp:featuredmedia":[{"embeddable":true,"href":"http:\/\/delamanodemaria.com\/index.php?rest_route=\/wp\/v2\/media\/8257"}],"wp:attachment":[{"href":"http:\/\/delamanodemaria.com\/index.php?rest_route=%2Fwp%2Fv2%2Fmedia&parent=13203"}],"wp:term":[{"taxonomy":"category","embeddable":true,"href":"http:\/\/delamanodemaria.com\/index.php?rest_route=%2Fwp%2Fv2%2Fcategories&post=13203"},{"taxonomy":"post_tag","embeddable":true,"href":"http:\/\/delamanodemaria.com\/index.php?rest_route=%2Fwp%2Fv2%2Ftags&post=13203"}],"curies":[{"name":"wp","href":"https:\/\/api.w.org\/{rel}","templated":true}]}}