{"id":13217,"date":"2020-03-21T18:19:21","date_gmt":"2020-03-21T22:19:21","guid":{"rendered":"http:\/\/delamanodemaria.com\/?p=13217"},"modified":"2020-03-21T18:19:21","modified_gmt":"2020-03-21T22:19:21","slug":"reflexion-para-el-cuarto-domingo-de-cuaresma-laetare-22-03-20","status":"publish","type":"post","link":"http:\/\/delamanodemaria.com\/?p=13217","title":{"rendered":"REFLEXI\u00d3N PARA EL CUARTO DOMINGO DE CUARESMA (LAETARE) 22-03-20"},"content":{"rendered":"\n<div class=\"wp-block-image\"><figure class=\"aligncenter\"><img decoding=\"async\" loading=\"lazy\" width=\"600\" height=\"445\" src=\"http:\/\/delamanodemaria.com\/wp-content\/uploads\/2020\/03\/ciego-barro.jpg\" alt=\"\" class=\"wp-image-13220\" srcset=\"http:\/\/delamanodemaria.com\/wp-content\/uploads\/2020\/03\/ciego-barro.jpg 600w, http:\/\/delamanodemaria.com\/wp-content\/uploads\/2020\/03\/ciego-barro-300x223.jpg 300w, http:\/\/delamanodemaria.com\/wp-content\/uploads\/2020\/03\/ciego-barro-404x300.jpg 404w\" sizes=\"(max-width: 600px) 100vw, 600px\" \/><figcaption>&#8220;Y escupi\u00f3 en tierra, hizo barro con la saliva, se lo unt\u00f3 en los ojos al ciego y le dijo: &#8216;Ve a lavarte a la piscina de Silo\u00e9 (que significa Enviado)'&#8221;.<\/figcaption><\/figure><\/div>\n\n\n\n<p class=\"has-drop-cap\">Hoy celebramos el cuarto domingo de Cuaresma,\nconocido lit\u00fargicamente como <strong><em>Laetare<\/em><\/strong>. Deriva su nombre de la\nant\u00edfona gregoriana del Introito de la misa, tomada del libro del profeta\nIsa\u00edas (66,10), que comienza diciendo: <em>L\u00e6tare,\nJerusalem: et conventum facite omnes qui diligitis eam: gaudete cum l\u00e6titia,\nqui in tristitia fuistis: ut exultetis, et satiemini ab uberibus consolationis\nvestr\u00e6&nbsp; L\u00e6tatus sum in his, qu\u00e6 dicta sunt\nmihi: in domum Domini ibimus<\/em> (Regoc\u00edjate, Jerusal\u00e9n, vosotros, los que la\nam\u00e1is, sea ella vuestra gloria. Llenaos con ella de alegr\u00eda, los que con ella\nhicisteis duelo, para mamar sus consolaciones; para mamar en delicia a los\npechos de su gloria. \u00a1Qu\u00e9 alegr\u00eda tan grande la que tuve cuando o\u00ed que dijeron:\n\u00a1Andando ya, a la casa del Se\u00f1or!)\u201d.<\/p>\n\n\n\n<p>Este es un domingo excepcional (al igual que\nel tercer domingo de Adviento), en el que el car\u00e1cter penitencial de la\nCuaresma da paso a la Alegr\u00eda en anticipaci\u00f3n al Misterio Pascual de Jes\u00fas (su\nPasi\u00f3n, muerte y Resurrecci\u00f3n) que estamos pr\u00f3ximos a celebrar.<\/p>\n\n\n\n<p>Por eso, la liturgia (Misal Romano y\nCeremonial de los Obispos) permite apartarse de la austeridad propia de la\nCuaresma, de manera que en este d\u00eda:<\/p>\n\n\n\n<ul><li>Se permite el uso del \u00f3rgano y de otros instrumentos musicales no\nsolamente para acompa\u00f1ar el canto -como es propio del Tiempo cuaresmal- sino\ntambi\u00e9n con la sola melod\u00eda (&#8230;<em>sonus\ninstrumentorum admittitur<\/em>&#8230;).<\/li><li>Se pueden adornar con flores el altar (&#8230;<em>ornari potest floribus altare<\/em>&#8230;) y el templo. En los otros d\u00edas de\neste Tiempo, excepto en las fiestas y solemnidades, no est\u00e1n permitidos los\nadornos florales, sino que, como para las liturgias f\u00fanebres, se prefiere el\nsobrio uso de plantas verdes.<\/li><li>En lugar de los ornamentos morados pueden usarse los rosados (<em>violaceus vel rosaceus<\/em>), siendo este\ncolor el caracter\u00edstico de la liturgia del d\u00eda, debido a que es intermedio\nentre el blanco de la gloria y el morado de la penitencia\u201d.<\/li><\/ul>\n\n\n\n<p>Las lecturas que nos ofrece la liturgia para\nhoy enfatizan el contraste entre la luz y las tinieblas, la vida y la muerte,\npresent\u00e1ndonos a Jes\u00fas como la luz que aparta las tinieblas. Esa luz que se\nconvertir\u00e1 en vida eterna en la gloriosa Resurrecci\u00f3n de Jes\u00fas: \u201cEn otro tiempo\nerais tinieblas, ahora sois luz en el Se\u00f1or. Caminad como hijos de la luz \u2013toda\nbondad, justicia y verdad son fruto de la luz\u201d (segunda lectura, Ef 5,8-14).\nEsa misma lectura finaliza dici\u00e9ndonos: \u201cDespierta, t\u00fa que duermes, lev\u00e1ntate\nde entre los muertos, y Cristo ser\u00e1 tu luz\u201d.<\/p>\n\n\n\n<p>La lectura evang\u00e9lica (Jn 9,1.6-9.13-17.34-38)\nnos presenta la curaci\u00f3n del ciego de nacimiento, unida al simbolismo de Jes\u00fas\nmandando al ciego a lavarse en la piscina de Silo\u00e9 el barro que \u00c9l hab\u00eda hecho\ncon su saliva y colocado en sus ojos (de eso podr\u00edamos hacer toda una\ncatequesis). El nombre de la piscina, que el Evangelio nos dice que significa\n\u201cel Enviado\u201d, es una clara referencia a la misi\u00f3n salvadora de Jes\u00fas, y a la\nalegr\u00eda que nos brinda la salvaci\u00f3n.<\/p>\n\n\n\n<p>Aqu\u00e9l hombre no solo recuper\u00f3 la visi\u00f3n\nf\u00edsica, sino que se vio tambi\u00e9n curado de su \u201cceguera\u201d espiritual que le\npermiti\u00f3 reconocer en Jes\u00fas la \u201cluz\u201d que aparta las tinieblas del pecado: \u201c\u2018Creo,\nSe\u00f1or\u2019. Y se postr\u00f3&nbsp; ante \u00c9l\u201d.<\/p>\n\n\n\n<p>Este tiempo de Cuaresma nos brinda una\noportunidad para reconciliarnos con Dios y acercarnos a la Luz en preparaci\u00f3n\npara la celebraci\u00f3n del Misterio Pascual. Si no lo has hecho a\u00fan, todav\u00eda est\u00e1s\na tiempo (\u00c9l nunca se cansa de esperarnos). Anda, ve a su Casa y reconc\u00edliate\u2026\n\u00a1Regoc\u00edjate!<\/p>\n<div style=\"padding-bottom:20px; padding-top:10px;\" class=\"hupso-share-buttons\"><!-- Hupso Share Buttons - https:\/\/www.hupso.com\/share\/ --><a class=\"hupso_toolbar\" href=\"https:\/\/www.hupso.com\/share\/\"><img src=\"http:\/\/static.hupso.com\/share\/buttons\/lang\/es\/share-medium.png\" style=\"border:0px; padding-top: 5px; float:left;\" alt=\"Share Button\"\/><\/a><script type=\"text\/javascript\">var hupso_services_t=new Array(\"Twitter\",\"Facebook\",\"Google Plus\",\"Pinterest\",\"Linkedin\",\"Email\",\"Print\");var hupso_background_t=\"#EAF4FF\";var hupso_border_t=\"#66CCFF\";var hupso_toolbar_size_t=\"medium\";var hupso_image_folder_url = \"\";var hupso_twitter_via=\"hectorops\";var hupso_url_t=\"\";var hupso_title_t=\"REFLEXI%C3%93N%20PARA%20EL%20CUARTO%20DOMINGO%20DE%20CUARESMA%20%28LAETARE%29%2022-03-20\";<\/script><script type=\"text\/javascript\" src=\"http:\/\/static.hupso.com\/share\/js\/share_toolbar.js\"><\/script><!-- Hupso Share Buttons --><\/div>","protected":false},"excerpt":{"rendered":"<p>Hoy celebramos el cuarto domingo de Cuaresma, conocido lit\u00fargicamente como Laetare. Deriva su nombre de la ant\u00edfona gregoriana del Introito de la misa, tomada del libro del profeta Isa\u00edas (66,10), que comienza diciendo: L\u00e6tare, Jerusalem: et conventum facite omnes qui &hellip; <a href=\"http:\/\/delamanodemaria.com\/?p=13217\">Continue reading <span class=\"meta-nav\">&rarr;<\/span><\/a><\/p>\n<div style=\"padding-bottom:20px; padding-top:10px;\" class=\"hupso-share-buttons\"><!-- Hupso Share Buttons - https:\/\/www.hupso.com\/share\/ --><a class=\"hupso_toolbar\" href=\"https:\/\/www.hupso.com\/share\/\"><img src=\"http:\/\/static.hupso.com\/share\/buttons\/lang\/es\/share-medium.png\" style=\"border:0px; padding-top: 5px; float:left;\" alt=\"Share Button\"\/><\/a><script type=\"text\/javascript\">var hupso_services_t=new Array(\"Twitter\",\"Facebook\",\"Google Plus\",\"Pinterest\",\"Linkedin\",\"Email\",\"Print\");var hupso_background_t=\"#EAF4FF\";var hupso_border_t=\"#66CCFF\";var hupso_toolbar_size_t=\"medium\";var hupso_image_folder_url = \"\";var hupso_twitter_via=\"hectorops\";var hupso_url_t=\"\";var hupso_title_t=\"REFLEXI%C3%93N%20PARA%20EL%20CUARTO%20DOMINGO%20DE%20CUARESMA%20%28LAETARE%29%2022-03-20\";<\/script><script type=\"text\/javascript\" src=\"http:\/\/static.hupso.com\/share\/js\/share_toolbar.js\"><\/script><!-- Hupso Share Buttons --><\/div>","protected":false},"author":1,"featured_media":0,"comment_status":"open","ping_status":"open","sticky":false,"template":"","format":"standard","meta":{"jetpack_post_was_ever_published":false,"_jetpack_newsletter_access":"","_jetpack_newsletter_tier_id":0,"jetpack_publicize_message":"","jetpack_is_tweetstorm":false,"jetpack_publicize_feature_enabled":true,"jetpack_social_post_already_shared":true,"jetpack_social_options":{"image_generator_settings":{"template":"highway","enabled":false}}},"categories":[1],"tags":[1130,1127,495,2579,1873,4,302,2241,1228,34,160,55,1872,2,54,82],"jetpack_publicize_connections":[],"jetpack_featured_media_url":"","jetpack_shortlink":"https:\/\/wp.me\/p3bBgS-3rb","jetpack_sharing_enabled":true,"jetpack_likes_enabled":true,"_links":{"self":[{"href":"http:\/\/delamanodemaria.com\/index.php?rest_route=\/wp\/v2\/posts\/13217"}],"collection":[{"href":"http:\/\/delamanodemaria.com\/index.php?rest_route=\/wp\/v2\/posts"}],"about":[{"href":"http:\/\/delamanodemaria.com\/index.php?rest_route=\/wp\/v2\/types\/post"}],"author":[{"embeddable":true,"href":"http:\/\/delamanodemaria.com\/index.php?rest_route=\/wp\/v2\/users\/1"}],"replies":[{"embeddable":true,"href":"http:\/\/delamanodemaria.com\/index.php?rest_route=%2Fwp%2Fv2%2Fcomments&post=13217"}],"version-history":[{"count":3,"href":"http:\/\/delamanodemaria.com\/index.php?rest_route=\/wp\/v2\/posts\/13217\/revisions"}],"predecessor-version":[{"id":13222,"href":"http:\/\/delamanodemaria.com\/index.php?rest_route=\/wp\/v2\/posts\/13217\/revisions\/13222"}],"wp:attachment":[{"href":"http:\/\/delamanodemaria.com\/index.php?rest_route=%2Fwp%2Fv2%2Fmedia&parent=13217"}],"wp:term":[{"taxonomy":"category","embeddable":true,"href":"http:\/\/delamanodemaria.com\/index.php?rest_route=%2Fwp%2Fv2%2Fcategories&post=13217"},{"taxonomy":"post_tag","embeddable":true,"href":"http:\/\/delamanodemaria.com\/index.php?rest_route=%2Fwp%2Fv2%2Ftags&post=13217"}],"curies":[{"name":"wp","href":"https:\/\/api.w.org\/{rel}","templated":true}]}}