{"id":13258,"date":"2020-03-28T20:55:22","date_gmt":"2020-03-29T00:55:22","guid":{"rendered":"http:\/\/delamanodemaria.com\/?p=13258"},"modified":"2020-03-28T20:55:22","modified_gmt":"2020-03-29T00:55:22","slug":"reflexion-en-torno-al-distanciamiento-social-y-el-covid-19","status":"publish","type":"post","link":"http:\/\/delamanodemaria.com\/?p=13258","title":{"rendered":"REFLEXI\u00d3N EN TORNO AL DISTANCIAMIENTO SOCIAL Y EL COVID-19"},"content":{"rendered":"\n<figure class=\"wp-block-image\"><img decoding=\"async\" loading=\"lazy\" width=\"627\" height=\"423\" src=\"http:\/\/delamanodemaria.com\/wp-content\/uploads\/2020\/03\/\u00b4monasterio.jpeg\" alt=\"\" class=\"wp-image-13260\" srcset=\"http:\/\/delamanodemaria.com\/wp-content\/uploads\/2020\/03\/\u00b4monasterio.jpeg 627w, http:\/\/delamanodemaria.com\/wp-content\/uploads\/2020\/03\/\u00b4monasterio-300x202.jpeg 300w, http:\/\/delamanodemaria.com\/wp-content\/uploads\/2020\/03\/\u00b4monasterio-445x300.jpeg 445w\" sizes=\"(max-width: 627px) 100vw, 627px\" \/><figcaption>Esta experiencia nos ha ayudado a comprender y valorar la vida de los monjes y monjas de clausura, cuya vocaci\u00f3n es incomprendida, menospreciada, y hasta objeto de burla, <\/figcaption><\/figure>\n\n\n\n<p class=\"has-drop-cap\">En estos d\u00edas de\n\u201cdistanciamiento social\u201d que nos ha tocado vivir como herramienta efectiva para\nfrenar la pandemia del COVID-19, he visto los comentarios, memes, y toda clase\nde <em>postings<\/em> de personas en las redes sociales, ventilando su ansiedad,\nsu frustraci\u00f3n, su rabia, su tristeza, su desesperaci\u00f3n, y todo el abanico de\nposibles sentimientos negativos, por el mero hecho que su movimiento f\u00edsico\nest\u00e1 restringido.<\/p>\n\n\n\n<p>Eso me hace\npensar: \u00bfSer\u00e9 yo acaso un \u201cextraterrestre\u201d? Porque para mi esposa y para m\u00ed,\nque hoy cumplimos 15 d\u00edas de reclusi\u00f3n voluntaria en nuestro hogar (no hemos\ntenido que salir ni tan siquiera al mercado, pues, gracias a la previsi\u00f3n de mi\nesposa, ya est\u00e1bamos aprovisionados para la temporada de huracanes), este\ntiempo ha sido uno de bendici\u00f3n, crecimiento espiritual, fortalecimiento de\nnuestro mutuo amor, y crecimiento en la fe.<\/p>\n\n\n\n<p>De paso, esta experiencia nos ha ayudado a comprender y valorar la vida de los monjes y monjas de clausura, cuya vocaci\u00f3n es incomprendida, menospreciada, y hasta objeto de burla, por un mundo que todo lo mide en t\u00e9rminos de utilidad y beneficio. Muchos no ven utilidad alguna en el hecho de apartase de mundo voluntariamente sin rendir ning\u00fan \u201cservicio directo\u201d al pueblo de Dios. \u00a1Cu\u00e1n equivocados est\u00e1n!<\/p>\n\n\n\n<p>Una de las\nprimeras cosas que aprend\u00ed al comenzar a compenetrarme con la Orden de\nPredicadores (Dominicos), a la cual pertenezco en calidad de Laico de profesi\u00f3n\nperpetua, fue el valor extraordinario de las monjas de clausura de la Orden,\nquienes con su oraci\u00f3n constante y sus sacrificios, son el coraz\u00f3n y los\npulmones de la Orden, brindando fortaleza a los frailes, religiosas de vida\napost\u00f3lica y laicos, quienes con su predicaci\u00f3n viven el carisma que le da su\nnombre a la Orden. Pienso tambi\u00e9n en santa Teresa del Ni\u00f1o Jes\u00fas, quien desde\nsu claustro oraba constantemente por la labor de los misioneros, lo que le gan\u00f3\nel ser proclamada por el papa San P\u00edo XI \u201cPatrona especial de los misioneros y\nde las misiones\u201d.<\/p>\n\n\n\n<p>S\u00ed, las monjas y\nlos monjes de clausura de todo el mundo, con su estilo de vida autoimpuesto,\npor amor a Dios y a todos sus hijos, se acercan a \u00c9l de una manera especial,\nobteniendo y compartiendo con toda la humanidad abundantes gracias y\nbendiciones. Al igual que Mar\u00eda de Betania, estos seres especiales han elegido\nla mejor parte, que no les ser\u00e1 quitada (Lc 10,41-42), pero que ellos comparten\ncon generosidad por amor al Cristo que inhabita en todos sus hermanos. As\u00ed, desde\nesa intimidad con Dios y a trav\u00e9s de esas gracias compartidas, hacen de este\nmundo uno m\u00e1s humano y agradable a Dios.<\/p>\n\n\n\n<p>La Palabra nos\ndice que \u201cen todas las cosas interviene Dios para bien de los que le aman\u201d (Rm\n8,28). En los cursos de Biblia que imparto les hablo a mis estudiantes de los\n\u201csignos de los tiempos\u201d, que definimos como todos los acontecimientos,\npositivos y negativos, personales y colectivos, que cuando los discernimos a la\nluz del Evangelio, nos dejan un mensaje interpelante de Dios. Es la Palabra de\nDios en los signos de los tiempos. Y la pandemia del COVID-19 no es la excepci\u00f3n.<\/p>\n\n\n\n<p>Si amas a Dios\ncon todo tu coraz\u00f3n, con toda tu alma y con toda tu fuerza (Dt 6,5), ver\u00e1s esta\nclausura involuntaria como una oportunidad que el Se\u00f1or te est\u00e1 brindando para\ncrecer en la fe y profundizar en tu relaci\u00f3n amorosa con \u00c9l, como lo hacen\nnuestros hermanos y hermanas de clausura.<\/p>\n\n\n\n<p>Al comienzo del toque de queda y cierre de toda actividad no esencial, nuestro Arzobispo nos hizo un llamado a potenciar nuestra \u201ciglesia dom\u00e9stica\u201d. Mi esposa y yo hemos aprovechado esta oportunidad que el Se\u00f1or nos brinda intensificando nuestra oraci\u00f3n personal y en pareja (incluyendo el Santo Rosario), la lectura y meditaci\u00f3n de las Sagradas Escrituras, la Liturgia de las Horas, la misa diaria a trav\u00e9s de la internet con comuni\u00f3n espiritual, y hasta un retiro de cuaresma que compartimos hoy con m\u00e1s de 2.300 personas v\u00eda <em>Facebook live<\/em>. <\/p>\n\n\n\n<p>Todas esas\nactividades nos han hecho sentir m\u00e1s cercanos que nunca a Dios, y proporcionado\nuna alegr\u00eda que solo puede venir de compartir su Amor, mientras oramos por\ntodos los que est\u00e1n necesitados de su bondad y misericordia infinitas, y por el\nfin de esta pandemia.<\/p>\n\n\n\n<p>Hoy te invito a darle sentido a tu clausura abriendo tu coraz\u00f3n a Dios, y uni\u00e9ndote a mi esposa y a m\u00ed en oraci\u00f3n por todos los afectados por esta pandemia, por los enfermos, sus cuidadores y el personal sanitario, por nuestro pueblo, por nuestra Iglesia, nuestro clero, monjas y monjes de clausura, religiosos, laicos comprometidos, por todos aquellos que prestan servicios esenciales a la ciudadan\u00eda, y por los que est\u00e1n solos.<\/p>\n\n\n\n<p>Ver\u00e1s c\u00f3mo tu distanciamiento\nsocial cobra un nuevo significado y, antes de que te des cuenta, todo habr\u00e1 pasado\npara nuestro bien.<\/p>\n\n\n\n<p>Y, por supuesto, #qu\u00e9dateencasa.<\/p>\n<div style=\"padding-bottom:20px; padding-top:10px;\" class=\"hupso-share-buttons\"><!-- Hupso Share Buttons - https:\/\/www.hupso.com\/share\/ --><a class=\"hupso_toolbar\" href=\"https:\/\/www.hupso.com\/share\/\"><img src=\"http:\/\/static.hupso.com\/share\/buttons\/lang\/es\/share-medium.png\" style=\"border:0px; padding-top: 5px; float:left;\" alt=\"Share Button\"\/><\/a><script type=\"text\/javascript\">var hupso_services_t=new Array(\"Twitter\",\"Facebook\",\"Google Plus\",\"Pinterest\",\"Linkedin\",\"Email\",\"Print\");var hupso_background_t=\"#EAF4FF\";var hupso_border_t=\"#66CCFF\";var hupso_toolbar_size_t=\"medium\";var hupso_image_folder_url = \"\";var hupso_twitter_via=\"hectorops\";var hupso_url_t=\"\";var hupso_title_t=\"REFLEXI%C3%93N%20EN%20TORNO%20AL%20DISTANCIAMIENTO%20SOCIAL%20Y%20EL%20COVID-19\";<\/script><script type=\"text\/javascript\" src=\"http:\/\/static.hupso.com\/share\/js\/share_toolbar.js\"><\/script><!-- Hupso Share Buttons --><\/div>","protected":false},"excerpt":{"rendered":"<p>En estos d\u00edas de \u201cdistanciamiento social\u201d que nos ha tocado vivir como herramienta efectiva para frenar la pandemia del COVID-19, he visto los comentarios, memes, y toda clase de postings de personas en las redes sociales, ventilando su ansiedad, su &hellip; <a href=\"http:\/\/delamanodemaria.com\/?p=13258\">Continue reading <span class=\"meta-nav\">&rarr;<\/span><\/a><\/p>\n<div style=\"padding-bottom:20px; padding-top:10px;\" class=\"hupso-share-buttons\"><!-- Hupso Share Buttons - https:\/\/www.hupso.com\/share\/ --><a class=\"hupso_toolbar\" href=\"https:\/\/www.hupso.com\/share\/\"><img src=\"http:\/\/static.hupso.com\/share\/buttons\/lang\/es\/share-medium.png\" style=\"border:0px; padding-top: 5px; float:left;\" alt=\"Share Button\"\/><\/a><script type=\"text\/javascript\">var hupso_services_t=new Array(\"Twitter\",\"Facebook\",\"Google Plus\",\"Pinterest\",\"Linkedin\",\"Email\",\"Print\");var hupso_background_t=\"#EAF4FF\";var hupso_border_t=\"#66CCFF\";var hupso_toolbar_size_t=\"medium\";var hupso_image_folder_url = \"\";var hupso_twitter_via=\"hectorops\";var hupso_url_t=\"\";var hupso_title_t=\"REFLEXI%C3%93N%20EN%20TORNO%20AL%20DISTANCIAMIENTO%20SOCIAL%20Y%20EL%20COVID-19\";<\/script><script type=\"text\/javascript\" src=\"http:\/\/static.hupso.com\/share\/js\/share_toolbar.js\"><\/script><!-- Hupso Share Buttons --><\/div>","protected":false},"author":1,"featured_media":13260,"comment_status":"open","ping_status":"open","sticky":false,"template":"","format":"standard","meta":{"jetpack_post_was_ever_published":false,"_jetpack_newsletter_access":"","_jetpack_newsletter_tier_id":0,"jetpack_publicize_message":"","jetpack_is_tweetstorm":false,"jetpack_publicize_feature_enabled":true,"jetpack_social_post_already_shared":true,"jetpack_social_options":{"image_generator_settings":{"template":"highway","enabled":false}}},"categories":[1],"tags":[3806,1056,3813,3779,3778,3802,3801,3800,1539,3808,1615,470,3807,2345,1363,3536,3803,1395,103,3776,2,3809,3811,1220,190,3805,3804,125,3812],"jetpack_publicize_connections":[],"jetpack_featured_media_url":"http:\/\/delamanodemaria.com\/wp-content\/uploads\/2020\/03\/\u00b4monasterio.jpeg","jetpack_shortlink":"https:\/\/wp.me\/p3bBgS-3rQ","jetpack_sharing_enabled":true,"jetpack_likes_enabled":true,"_links":{"self":[{"href":"http:\/\/delamanodemaria.com\/index.php?rest_route=\/wp\/v2\/posts\/13258"}],"collection":[{"href":"http:\/\/delamanodemaria.com\/index.php?rest_route=\/wp\/v2\/posts"}],"about":[{"href":"http:\/\/delamanodemaria.com\/index.php?rest_route=\/wp\/v2\/types\/post"}],"author":[{"embeddable":true,"href":"http:\/\/delamanodemaria.com\/index.php?rest_route=\/wp\/v2\/users\/1"}],"replies":[{"embeddable":true,"href":"http:\/\/delamanodemaria.com\/index.php?rest_route=%2Fwp%2Fv2%2Fcomments&post=13258"}],"version-history":[{"count":7,"href":"http:\/\/delamanodemaria.com\/index.php?rest_route=\/wp\/v2\/posts\/13258\/revisions"}],"predecessor-version":[{"id":13266,"href":"http:\/\/delamanodemaria.com\/index.php?rest_route=\/wp\/v2\/posts\/13258\/revisions\/13266"}],"wp:featuredmedia":[{"embeddable":true,"href":"http:\/\/delamanodemaria.com\/index.php?rest_route=\/wp\/v2\/media\/13260"}],"wp:attachment":[{"href":"http:\/\/delamanodemaria.com\/index.php?rest_route=%2Fwp%2Fv2%2Fmedia&parent=13258"}],"wp:term":[{"taxonomy":"category","embeddable":true,"href":"http:\/\/delamanodemaria.com\/index.php?rest_route=%2Fwp%2Fv2%2Fcategories&post=13258"},{"taxonomy":"post_tag","embeddable":true,"href":"http:\/\/delamanodemaria.com\/index.php?rest_route=%2Fwp%2Fv2%2Ftags&post=13258"}],"curies":[{"name":"wp","href":"https:\/\/api.w.org\/{rel}","templated":true}]}}