{"id":13329,"date":"2020-04-10T19:47:52","date_gmt":"2020-04-10T23:47:52","guid":{"rendered":"http:\/\/delamanodemaria.com\/?p=13329"},"modified":"2020-04-11T13:53:56","modified_gmt":"2020-04-11T17:53:56","slug":"reflexion-para-el-sabado-santo-11-04-20","status":"publish","type":"post","link":"http:\/\/delamanodemaria.com\/?p=13329","title":{"rendered":"REFLEXI\u00d3N PARA EL S\u00c1BADO SANTO 11-04-20"},"content":{"rendered":"\n<figure class=\"wp-block-image\"><img decoding=\"async\" loading=\"lazy\" width=\"581\" height=\"403\" src=\"http:\/\/delamanodemaria.com\/wp-content\/uploads\/2020\/04\/Jesus-bajado-de-la-cruz.jpg\" alt=\"\" class=\"wp-image-13331\" srcset=\"http:\/\/delamanodemaria.com\/wp-content\/uploads\/2020\/04\/Jesus-bajado-de-la-cruz.jpg 581w, http:\/\/delamanodemaria.com\/wp-content\/uploads\/2020\/04\/Jesus-bajado-de-la-cruz-300x208.jpg 300w, http:\/\/delamanodemaria.com\/wp-content\/uploads\/2020\/04\/Jesus-bajado-de-la-cruz-433x300.jpg 433w\" sizes=\"(max-width: 581px) 100vw, 581px\" \/><figcaption>Sab\u00eda que lo que ten\u00eda en sus brazos era un cad\u00e1ver, pero lo adoraba como al Dios que era, al Dios que ella ten\u00eda la certeza que iba a resucitar. <\/figcaption><\/figure>\n\n\n\n<p>Hoy, S\u00e1bado Santo, no hay liturgia; por eso no hay lecturas. Con la Vigilia Pascual que celebraremos en la noche se inaugura el Tiempo Pascual.<\/p>\n\n\n\n<p>Hoy es un d\u00eda lleno de emociones encontradas, en el cual lloramos la muerte de Jes\u00fas, pero a la vez estamos en la espera ansiosa de su gloriosa Resurrecci\u00f3n y la alegr\u00eda que experimentaremos esta noche al escuchar el Preg\u00f3n Pascual. Dentro de este marco, les invito a centrar nuestra atenci\u00f3n en la que podr\u00edamos llamar la protagonista de este d\u00eda.<\/p>\n\n\n\n<p>Durante aqu\u00e9l primer S\u00e1bado Santo, mientras\ntodos se dispersaron confundidos como ovejas sin pastor ante la muerte de\nJes\u00fas, solo una persona mantuvo su fe inc\u00f3lume con la certeza de que si Jes\u00fas\nhab\u00eda dicho que resucitar\u00eda al tercer d\u00eda, iba a resucitar: su Madre Mar\u00eda.<\/p>\n\n\n\n<p>Vio a su hijo siendo clavado en una Cruz; vio\ncuando lo bajaron de la Cruz y lo recibi\u00f3 en su regazo. Sab\u00eda que lo que ten\u00eda\nen sus brazos era un cad\u00e1ver, pero lo adoraba como al Dios que era, al Dios que\nella ten\u00eda la certeza que iba a resucitar. Toda esta demostraci\u00f3n de fe se\nconfirm\u00f3 luego a Mar\u00eda con la gloriosa resurrecci\u00f3n de Cristo que culmin\u00f3 su\nMisterio Pascual.<\/p>\n\n\n\n<p>La tradici\u00f3n coloca a Mar\u00eda, primero dentro\ndel sepulcro, y luego despu\u00e9s de cerrada la piedra que lo cubr\u00eda. Por eso, dentro\nde toda la tristeza indescriptible de la Pasi\u00f3n, muerte y entierro de su hijo,\nMar\u00eda mantuvo la cabeza en alto con la certeza de que iba a verlo nuevamente;\nque su hijo iba a resucitar.<\/p>\n\n\n\n<p>Ese d\u00eda, dentro del profundo dolor que le\ncaus\u00f3 la p\u00e9rdida de su Hijo, en el mismo momento que corrieron la piedra que\nservir\u00eda de l\u00e1pida al sepulcro, comenz\u00f3 para la Mar\u00eda lo que yo llamo su\n\u201csegundo Adviento\u201d. Aqu\u00ed se pone de manifiesto la fe inquebrantable de Mar\u00eda en\nsu Hijo, de quien ella tiene la certeza de que es Dios.<\/p>\n\n\n\n<p>Si examinamos los relatos sobre la\nresurrecci\u00f3n, encontraremos que su madre no estaba entre las mujeres piadosas\nque fueron al sepulcro para terminar de embalsamar a Jes\u00fas. Algunos se\npreguntan por qu\u00e9. La contestaci\u00f3n es obvia: \u00bfC\u00f3mo iba a ir su Madre a\nembalsamarlo, cuando estaba esperando su Resurrecci\u00f3n?<\/p>\n\n\n\n<p>Como sabemos, la liturgia dedica los s\u00e1bados a\nMar\u00eda. Santo Tom\u00e1s nos dice que esto se debe a que en ese primer S\u00e1bado Santo\nsolo ella ten\u00eda fe absoluta en el Redentor, y en ella descans\u00f3 la fe de toda la\nIglesia entre la muerte y resurrecci\u00f3n de Jes\u00fas. Por eso la Iglesia tambi\u00e9n nos\nla propone como modelo de fe para todos los creyentes.<\/p>\n\n\n\n<p>Esa fe inquebrantable, esa certeza absoluta de\nque su hijo iba a resucitar, es tal vez la lecci\u00f3n m\u00e1s grande que podemos\nobtener de Mar\u00eda.<\/p>\n\n\n\n<p>Hoy es un buen d\u00eda para continuar meditando\nsobre el santo sacrificio de la Cruz ofrecido de una vez y por todas por\nnuestra salvaci\u00f3n y la del mundo entero, mientras nos preparamos para la \u201cGran\nNoche\u201d, cuando cantaremos el Aleluya anunciado la gloriosa Resurrecci\u00f3n de\nNuestro Salvador, que culmin\u00f3 su Misterio Pascual.<\/p>\n<div style=\"padding-bottom:20px; padding-top:10px;\" class=\"hupso-share-buttons\"><!-- Hupso Share Buttons - https:\/\/www.hupso.com\/share\/ --><a class=\"hupso_toolbar\" href=\"https:\/\/www.hupso.com\/share\/\"><img src=\"http:\/\/static.hupso.com\/share\/buttons\/lang\/es\/share-medium.png\" style=\"border:0px; padding-top: 5px; float:left;\" alt=\"Share Button\"\/><\/a><script type=\"text\/javascript\">var hupso_services_t=new Array(\"Twitter\",\"Facebook\",\"Google Plus\",\"Pinterest\",\"Linkedin\",\"Email\",\"Print\");var hupso_background_t=\"#EAF4FF\";var hupso_border_t=\"#66CCFF\";var hupso_toolbar_size_t=\"medium\";var hupso_image_folder_url = \"\";var hupso_twitter_via=\"hectorops\";var hupso_url_t=\"\";var hupso_title_t=\"REFLEXI%C3%93N%20PARA%20EL%20S%C3%81BADO%20SANTO%2011-04-20\";<\/script><script type=\"text\/javascript\" src=\"http:\/\/static.hupso.com\/share\/js\/share_toolbar.js\"><\/script><!-- Hupso Share Buttons --><\/div>","protected":false},"excerpt":{"rendered":"<p>Hoy, S\u00e1bado Santo, no hay liturgia; por eso no hay lecturas. Con la Vigilia Pascual que celebraremos en la noche se inaugura el Tiempo Pascual. Hoy es un d\u00eda lleno de emociones encontradas, en el cual lloramos la muerte de &hellip; <a href=\"http:\/\/delamanodemaria.com\/?p=13329\">Continue reading <span class=\"meta-nav\">&rarr;<\/span><\/a><\/p>\n<div style=\"padding-bottom:20px; padding-top:10px;\" class=\"hupso-share-buttons\"><!-- Hupso Share Buttons - https:\/\/www.hupso.com\/share\/ --><a class=\"hupso_toolbar\" href=\"https:\/\/www.hupso.com\/share\/\"><img src=\"http:\/\/static.hupso.com\/share\/buttons\/lang\/es\/share-medium.png\" style=\"border:0px; padding-top: 5px; float:left;\" alt=\"Share Button\"\/><\/a><script type=\"text\/javascript\">var hupso_services_t=new Array(\"Twitter\",\"Facebook\",\"Google Plus\",\"Pinterest\",\"Linkedin\",\"Email\",\"Print\");var hupso_background_t=\"#EAF4FF\";var hupso_border_t=\"#66CCFF\";var hupso_toolbar_size_t=\"medium\";var hupso_image_folder_url = \"\";var hupso_twitter_via=\"hectorops\";var hupso_url_t=\"\";var hupso_title_t=\"REFLEXI%C3%93N%20PARA%20EL%20S%C3%81BADO%20SANTO%2011-04-20\";<\/script><script type=\"text\/javascript\" src=\"http:\/\/static.hupso.com\/share\/js\/share_toolbar.js\"><\/script><!-- Hupso Share Buttons --><\/div>","protected":false},"author":1,"featured_media":13331,"comment_status":"open","ping_status":"open","sticky":false,"template":"","format":"standard","meta":{"jetpack_post_was_ever_published":false,"_jetpack_newsletter_access":"","_jetpack_newsletter_tier_id":0,"jetpack_publicize_message":"","jetpack_is_tweetstorm":false,"jetpack_publicize_feature_enabled":true,"jetpack_social_post_already_shared":true,"jetpack_social_options":{"image_generator_settings":{"template":"highway","enabled":false}}},"categories":[1],"tags":[61,57,1519,1916,3841,56,1969,55,1915,2,54,53,87,1917,1001,1914,1918,50,58],"jetpack_publicize_connections":[],"jetpack_featured_media_url":"http:\/\/delamanodemaria.com\/wp-content\/uploads\/2020\/04\/Jesus-bajado-de-la-cruz.jpg","jetpack_shortlink":"https:\/\/wp.me\/p3bBgS-3sZ","jetpack_sharing_enabled":true,"jetpack_likes_enabled":true,"_links":{"self":[{"href":"http:\/\/delamanodemaria.com\/index.php?rest_route=\/wp\/v2\/posts\/13329"}],"collection":[{"href":"http:\/\/delamanodemaria.com\/index.php?rest_route=\/wp\/v2\/posts"}],"about":[{"href":"http:\/\/delamanodemaria.com\/index.php?rest_route=\/wp\/v2\/types\/post"}],"author":[{"embeddable":true,"href":"http:\/\/delamanodemaria.com\/index.php?rest_route=\/wp\/v2\/users\/1"}],"replies":[{"embeddable":true,"href":"http:\/\/delamanodemaria.com\/index.php?rest_route=%2Fwp%2Fv2%2Fcomments&post=13329"}],"version-history":[{"count":4,"href":"http:\/\/delamanodemaria.com\/index.php?rest_route=\/wp\/v2\/posts\/13329\/revisions"}],"predecessor-version":[{"id":13334,"href":"http:\/\/delamanodemaria.com\/index.php?rest_route=\/wp\/v2\/posts\/13329\/revisions\/13334"}],"wp:featuredmedia":[{"embeddable":true,"href":"http:\/\/delamanodemaria.com\/index.php?rest_route=\/wp\/v2\/media\/13331"}],"wp:attachment":[{"href":"http:\/\/delamanodemaria.com\/index.php?rest_route=%2Fwp%2Fv2%2Fmedia&parent=13329"}],"wp:term":[{"taxonomy":"category","embeddable":true,"href":"http:\/\/delamanodemaria.com\/index.php?rest_route=%2Fwp%2Fv2%2Fcategories&post=13329"},{"taxonomy":"post_tag","embeddable":true,"href":"http:\/\/delamanodemaria.com\/index.php?rest_route=%2Fwp%2Fv2%2Ftags&post=13329"}],"curies":[{"name":"wp","href":"https:\/\/api.w.org\/{rel}","templated":true}]}}