{"id":13339,"date":"2020-04-12T17:11:46","date_gmt":"2020-04-12T21:11:46","guid":{"rendered":"http:\/\/delamanodemaria.com\/?p=13339"},"modified":"2020-04-12T17:11:46","modified_gmt":"2020-04-12T21:11:46","slug":"reflexion-para-el-lunes-de-la-octava-de-pascua-13-04-20","status":"publish","type":"post","link":"http:\/\/delamanodemaria.com\/?p=13339","title":{"rendered":"REFLEXI\u00d3N PARA EL LUNES DE LA OCTAVA DE PASCUA 13-04-20"},"content":{"rendered":"\n<figure class=\"wp-block-image\"><img decoding=\"async\" loading=\"lazy\" width=\"876\" height=\"493\" src=\"http:\/\/delamanodemaria.com\/wp-content\/uploads\/2018\/09\/cruz-resucitado.jpg\" alt=\"\" class=\"wp-image-10451\" srcset=\"http:\/\/delamanodemaria.com\/wp-content\/uploads\/2018\/09\/cruz-resucitado.jpg 876w, http:\/\/delamanodemaria.com\/wp-content\/uploads\/2018\/09\/cruz-resucitado-300x169.jpg 300w, http:\/\/delamanodemaria.com\/wp-content\/uploads\/2018\/09\/cruz-resucitado-768x432.jpg 768w, http:\/\/delamanodemaria.com\/wp-content\/uploads\/2018\/09\/cruz-resucitado-500x281.jpg 500w\" sizes=\"(max-width: 876px) 100vw, 876px\" \/><\/figure>\n\n\n\n<p>Con el Domingo de Resurrecci\u00f3n comenzamos la <em>cincuentena del tiempo pascual<\/em> que\nculmina con la solemnidad de Pentecost\u00e9s. Llamamos Octava de Pascua a la\nprimera semana de la cincuentena. Es como si se tratara de un solo d\u00eda, o sea,\nque la celebraci\u00f3n, la alegr\u00eda del domingo de Pascua se prolonga por ocho d\u00edas\nseguidos. Aunque a trav\u00e9s de la historia de la Iglesia se han reconocido varias\n\u201coctavas\u201d, en la actualidad se reconocen solo dos: la de <em>Navidad<\/em> y la de <em>Pascua<\/em>.<\/p>\n\n\n\n<p>Esta idea de celebrar octavas para las grandes\nsolemnidades la encontramos enraizada tanto en la cultura helen\u00edstica (griega)\ncomo en la jud\u00eda. Para los griegos el n\u00famero ocho representaba la perfecci\u00f3n\ndefinitiva, pues el alma hab\u00eda \u201cviajado\u201d por siete esferas y al llegar a la\noctava encontrar\u00eda la eterna bienaventuranza. La liturgia jud\u00eda, por su parte,\ncelebraba durante ocho d\u00edas sus grandes fiestas (Pascua, \u00c1zimos y Pentecost\u00e9s),\nsiendo el octavo el que se celebraba con mayor solemnidad, pues recapitulaba\nlos siete anteriores.<\/p>\n\n\n\n<p>Para nosotros los cristianos, que reconocemos\nuna semana de siete d\u00edas, el \u201coctavo d\u00eda\u201d es a la vez el primero (si comenzamos\na contar incluyendo el primer d\u00eda \u2013 por eso al domingo se le llama <em>octava dies<\/em>), el que est\u00e1 \u201cm\u00e1s all\u00e1 de\ntodo d\u00eda\u201d, que a su vez nos remite a la eternidad; a ese Dios eterno, que est\u00e1\npor encima del tiempo.<\/p>\n\n\n\n<p>Durante la Octava de Pascua, las lecturas que nos\nbrinda la liturgia se concentran en el signo \u201cpositivo\u201d de la resurrecci\u00f3n, las\napariciones de Jes\u00fas, que junto al signo \u201cnegativo\u201d (el sepulcro vac\u00edo),\nconforman los hechos que demuestran sin lugar a dudas que \u00a1Jes\u00fas ha resucitado!\nEstas lecturas nos transmitir\u00e1n fielmente las experiencias de los ap\u00f3stoles y\notros con el Resucitado.<\/p>\n\n\n\n<p>La lectura de hoy (Mt 28,8-15) nos presenta a Mar\u00eda Magdalena y \u201cla otra Mar\u00eda\u201d (Mar\u00eda la de Santiago) march\u00e1ndose a toda prisa del sepulcro despu\u00e9s de haber presenciado al \u201c\u00c1ngel del Se\u00f1or\u201d bajar del cielo en medio de un terremoto y rodar la piedra que serv\u00eda de l\u00e1pida. Ya el a\u00f1o pasado hab\u00edamos comentado sobre esa lectura, por lo que <a href=\"http:\/\/delamanodemaria.com\/?p=3402\" target=\"_blank\" rel=\"noreferrer noopener\" aria-label=\" (opens in a new tab)\">les remitimos a nuestra reflexi\u00f3n para esa fecha<\/a>.<\/p>\n\n\n\n<p>La primera lectura de hoy (Hc 2,14.22-33) nos\npresenta fragmentos del <em>discurso de Pedro\na la gente<\/em> en Pentecost\u00e9s, en el que dio testimonio de la Resurrecci\u00f3n de\nJes\u00fas y del Esp\u00edritu Santo que acababa de derramarse sobre los que estaban\njunto a \u00e9l: \u201cPues bien, Dios resucit\u00f3 a este Jes\u00fas, de lo cual todos nosotros\nsomos testigos. Ahora, exaltado por la diestra de Dios, ha recibido del Padre\nel Esp\u00edritu Santo que estaba prometido, y lo ha derramado. Esto es lo que\nest\u00e1is viendo y oyendo\u201d. Fue el comienzo de la \u201cIglesia misionera\u201d.<\/p>\n\n\n\n<p>Pedro hab\u00eda tenido un encuentro con el\nResucitado y hab\u00eda sido arropado por el poder del Esp\u00edritu Santo. Por eso su\ntestimonio fue tan poderoso y elocuente al punto que, como veremos en la\nprimera lectura de ma\u00f1ana, \u201caquel d\u00eda se les agregaron unos tres mil\u201d.<\/p>\n\n\n\n<p>Pidamos al Resucitado nos conceda la fe para\ntener un verdadero encuentro con el Resucitado y poder anunciar a todos la gran\nnoticia:<\/p>\n\n\n\n<p style=\"text-align:center\"><strong>\u00a1Verdaderamente ha resucitado!<\/strong><\/p>\n<div style=\"padding-bottom:20px; padding-top:10px;\" class=\"hupso-share-buttons\"><!-- Hupso Share Buttons - https:\/\/www.hupso.com\/share\/ --><a class=\"hupso_toolbar\" href=\"https:\/\/www.hupso.com\/share\/\"><img src=\"http:\/\/static.hupso.com\/share\/buttons\/lang\/es\/share-medium.png\" style=\"border:0px; padding-top: 5px; float:left;\" alt=\"Share Button\"\/><\/a><script type=\"text\/javascript\">var hupso_services_t=new Array(\"Twitter\",\"Facebook\",\"Google Plus\",\"Pinterest\",\"Linkedin\",\"Email\",\"Print\");var hupso_background_t=\"#EAF4FF\";var hupso_border_t=\"#66CCFF\";var hupso_toolbar_size_t=\"medium\";var hupso_image_folder_url = \"\";var hupso_twitter_via=\"hectorops\";var hupso_url_t=\"\";var hupso_title_t=\"REFLEXI%C3%93N%20PARA%20EL%20LUNES%20DE%20LA%20OCTAVA%20DE%20PASCUA%2013-04-20\";<\/script><script type=\"text\/javascript\" src=\"http:\/\/static.hupso.com\/share\/js\/share_toolbar.js\"><\/script><!-- Hupso Share Buttons --><\/div>","protected":false},"excerpt":{"rendered":"<p>Con el Domingo de Resurrecci\u00f3n comenzamos la cincuentena del tiempo pascual que culmina con la solemnidad de Pentecost\u00e9s. Llamamos Octava de Pascua a la primera semana de la cincuentena. Es como si se tratara de un solo d\u00eda, o sea, &hellip; <a href=\"http:\/\/delamanodemaria.com\/?p=13339\">Continue reading <span class=\"meta-nav\">&rarr;<\/span><\/a><\/p>\n<div style=\"padding-bottom:20px; padding-top:10px;\" class=\"hupso-share-buttons\"><!-- Hupso Share Buttons - https:\/\/www.hupso.com\/share\/ --><a class=\"hupso_toolbar\" href=\"https:\/\/www.hupso.com\/share\/\"><img src=\"http:\/\/static.hupso.com\/share\/buttons\/lang\/es\/share-medium.png\" style=\"border:0px; padding-top: 5px; float:left;\" alt=\"Share Button\"\/><\/a><script type=\"text\/javascript\">var hupso_services_t=new Array(\"Twitter\",\"Facebook\",\"Google Plus\",\"Pinterest\",\"Linkedin\",\"Email\",\"Print\");var hupso_background_t=\"#EAF4FF\";var hupso_border_t=\"#66CCFF\";var hupso_toolbar_size_t=\"medium\";var hupso_image_folder_url = \"\";var hupso_twitter_via=\"hectorops\";var hupso_url_t=\"\";var hupso_title_t=\"REFLEXI%C3%93N%20PARA%20EL%20LUNES%20DE%20LA%20OCTAVA%20DE%20PASCUA%2013-04-20\";<\/script><script type=\"text\/javascript\" src=\"http:\/\/static.hupso.com\/share\/js\/share_toolbar.js\"><\/script><!-- Hupso Share Buttons --><\/div>","protected":false},"author":1,"featured_media":10451,"comment_status":"open","ping_status":"open","sticky":false,"template":"","format":"standard","meta":{"jetpack_post_was_ever_published":false,"_jetpack_newsletter_access":"","_jetpack_newsletter_tier_id":0,"jetpack_publicize_message":"","jetpack_is_tweetstorm":false,"jetpack_publicize_feature_enabled":true,"jetpack_social_post_already_shared":true,"jetpack_social_options":{"image_generator_settings":{"template":"highway","enabled":false}}},"categories":[1],"tags":[2279,66,3847,2949,3851,29,2935,3849,137,867,1575,3843,62,3850,64,2948,3848,71,2,868,866,865],"jetpack_publicize_connections":[],"jetpack_featured_media_url":"http:\/\/delamanodemaria.com\/wp-content\/uploads\/2018\/09\/cruz-resucitado.jpg","jetpack_shortlink":"https:\/\/wp.me\/p3bBgS-3t9","jetpack_sharing_enabled":true,"jetpack_likes_enabled":true,"_links":{"self":[{"href":"http:\/\/delamanodemaria.com\/index.php?rest_route=\/wp\/v2\/posts\/13339"}],"collection":[{"href":"http:\/\/delamanodemaria.com\/index.php?rest_route=\/wp\/v2\/posts"}],"about":[{"href":"http:\/\/delamanodemaria.com\/index.php?rest_route=\/wp\/v2\/types\/post"}],"author":[{"embeddable":true,"href":"http:\/\/delamanodemaria.com\/index.php?rest_route=\/wp\/v2\/users\/1"}],"replies":[{"embeddable":true,"href":"http:\/\/delamanodemaria.com\/index.php?rest_route=%2Fwp%2Fv2%2Fcomments&post=13339"}],"version-history":[{"count":4,"href":"http:\/\/delamanodemaria.com\/index.php?rest_route=\/wp\/v2\/posts\/13339\/revisions"}],"predecessor-version":[{"id":13343,"href":"http:\/\/delamanodemaria.com\/index.php?rest_route=\/wp\/v2\/posts\/13339\/revisions\/13343"}],"wp:featuredmedia":[{"embeddable":true,"href":"http:\/\/delamanodemaria.com\/index.php?rest_route=\/wp\/v2\/media\/10451"}],"wp:attachment":[{"href":"http:\/\/delamanodemaria.com\/index.php?rest_route=%2Fwp%2Fv2%2Fmedia&parent=13339"}],"wp:term":[{"taxonomy":"category","embeddable":true,"href":"http:\/\/delamanodemaria.com\/index.php?rest_route=%2Fwp%2Fv2%2Fcategories&post=13339"},{"taxonomy":"post_tag","embeddable":true,"href":"http:\/\/delamanodemaria.com\/index.php?rest_route=%2Fwp%2Fv2%2Ftags&post=13339"}],"curies":[{"name":"wp","href":"https:\/\/api.w.org\/{rel}","templated":true}]}}