{"id":13390,"date":"2020-04-22T16:55:45","date_gmt":"2020-04-22T20:55:45","guid":{"rendered":"http:\/\/delamanodemaria.com\/?p=13390"},"modified":"2020-04-22T16:55:45","modified_gmt":"2020-04-22T20:55:45","slug":"reflexion-para-el-jueves-de-la-segunda-semana-de-pascua-23-04-20","status":"publish","type":"post","link":"http:\/\/delamanodemaria.com\/?p=13390","title":{"rendered":"REFLEXI\u00d3N PARA EL JUEVES DE LA SEGUNDA SEMANA DE PASCUA 23-04-20"},"content":{"rendered":"\n<div class=\"wp-block-image\"><figure class=\"aligncenter is-resized\"><img decoding=\"async\" loading=\"lazy\" src=\"http:\/\/delamanodemaria.com\/wp-content\/uploads\/2020\/04\/sanedrin.jpg\" alt=\"\" class=\"wp-image-13393\" width=\"448\" height=\"297\" srcset=\"http:\/\/delamanodemaria.com\/wp-content\/uploads\/2020\/04\/sanedrin.jpg 448w, http:\/\/delamanodemaria.com\/wp-content\/uploads\/2020\/04\/sanedrin-300x199.jpg 300w\" sizes=\"(max-width: 448px) 100vw, 448px\" \/><figcaption>&#8220;\u00bfNo os hab\u00edamos ordenado formalmente no ense\u00f1ar en ese Nombre?&#8221;<\/figcaption><\/figure><\/div>\n\n\n\n<p class=\"has-drop-cap\">Durante el Tiempo Pascual la primera lectura que nos propone la liturgia es del Nuevo Testamento, especialmente el libro de los Hechos de los Ap\u00f3stoles. Y en estas lecturas sobresale el testimonio de la fe Pascual de los Ap\u00f3stoles inspirados y guiados por el Esp\u00edritu Santo, quien se nos presenta como el gran protagonista de este libro sagrado.<\/p>\n\n\n\n<p>El libro de los Hechos de los Ap\u00f3stoles se\nllama as\u00ed porque recoge la actividad misionera de los ap\u00f3stoles Pedro y Pablo. Pero\nsobre todo recoge la actividad divina del Esp\u00edritu Santo en el desarrollo de la\nIglesia. Por eso se le ha llamado el \u201cEvangelio del Esp\u00edritu Santo\u201d. Como el\nAntiguo Testamento nos habla de Dios Padre y los relatos evang\u00e9licos de\nJesucristo, el libro de los Hechos de los Ap\u00f3stoles nos habla del Esp\u00edritu\nSanto. Fue escrito por san Lucas, como secuela de su relato evang\u00e9lico, para\ndocumentar esos primeros a\u00f1os del desarrollo de la Iglesia. Por eso se le\nconsidera tambi\u00e9n el primer libro de historia de la Iglesia.<\/p>\n\n\n\n<p>En las lecturas de los d\u00edas anteriores hemos\nvisto c\u00f3mo las autoridades jud\u00edas, amenazadas por el \u00e9xito de la predicaci\u00f3n de\nlos ap\u00f3stoles, les hab\u00edan prohibido continuar predicando el Evangelio de\nJesucristo y su Misterio Pascual. Por ello hab\u00edan sido encarcelados.<\/p>\n\n\n\n<p>La lectura de hoy (Hc 5,27-33) nos muestra a\nlos ap\u00f3stoles conducidos nuevamente ante el Sanedr\u00edn e increpados por haber\ncontinuado predicando el Evangelio a pesar de las advertencias, luego de haber\nsido liberados de la c\u00e1rcel por un \u00e1ngel del Se\u00f1or. En ese momento se hacen\nrealidad las palabras de Jes\u00fas a sus ap\u00f3stoles: \u201cA causa de m\u00ed, ser\u00e1n llevados\nante gobernadores y reyes, para dar testimonio delante de ellos y de los\npaganos. Cuando los entreguen, no se preocupen de c\u00f3mo van a hablar o qu\u00e9 van a\ndecir: lo que deban decir se les dar\u00e1 a conocer en ese momento, porque no ser\u00e1n\nustedes los que hablar\u00e1n, sino que el Esp\u00edritu de su Padre hablar\u00e1 en ustedes\u201d\n(Mt 10,18-20).<\/p>\n\n\n\n<p>Inspirados por el Esp\u00edritu Santo, Pedro y los\nap\u00f3stoles replicaron: \u201cHay que obedecer a Dios antes que a los hombres. El Dios\nde nuestros padres resucit\u00f3 a Jes\u00fas, a quien vosotros matasteis, colg\u00e1ndolo de\nun madero. La diestra de Dios lo exalt\u00f3, haci\u00e9ndolo jefe y salvador, para\notorgarle a Israel la conversi\u00f3n con el perd\u00f3n de los pecados. Testigos de esto\nsomos nosotros y el Esp\u00edritu Santo, que Dios da a los que le obedecen\u201d. En la\ncontinuaci\u00f3n de este pasaje, que leeremos ma\u00f1ana, veremos el resultado de estas\npalabras inspiradas.<\/p>\n\n\n\n<p>\u201cEl Dios de nuestros padres resucit\u00f3 a Jes\u00fas,\na quien vosotros matasteis, colg\u00e1ndolo de un madero\u201d. Vemos c\u00f3mo la fe Pascual\nes la que les lanza con valent\u00eda y coherencia, inspirados y asistidos por el\nEsp\u00edritu Santo, a predicar la Buena Noticia del Reino en la persona de\nJesucristo.<\/p>\n\n\n\n<p>Esto los llevar\u00e1 (junto a miles a trav\u00e9s de la\nhistoria) a dar testimonio, incluso con sus vidas, de su fe en el Resucitado.\nSi nosotros estuvi\u00e9ramos tan llenos de fe Pascual como aquellos ap\u00f3stoles, y\nnos dej\u00e1ramos guiar por el Esp\u00edritu santo como ellos, estar\u00edamos proclamando\nesa fe con valent\u00eda en nuestros hogares, nuestros lugares de trabajo, nuestras\ncomunidades y, hoy en d\u00eda, en las redes sociales. \u00a1Atr\u00e9vete!<\/p>\n<div style=\"padding-bottom:20px; padding-top:10px;\" class=\"hupso-share-buttons\"><!-- Hupso Share Buttons - https:\/\/www.hupso.com\/share\/ --><a class=\"hupso_toolbar\" href=\"https:\/\/www.hupso.com\/share\/\"><img src=\"http:\/\/static.hupso.com\/share\/buttons\/lang\/es\/share-medium.png\" style=\"border:0px; padding-top: 5px; float:left;\" alt=\"Share Button\"\/><\/a><script type=\"text\/javascript\">var hupso_services_t=new Array(\"Twitter\",\"Facebook\",\"Google Plus\",\"Pinterest\",\"Linkedin\",\"Email\",\"Print\");var hupso_background_t=\"#EAF4FF\";var hupso_border_t=\"#66CCFF\";var hupso_toolbar_size_t=\"medium\";var hupso_image_folder_url = \"\";var hupso_twitter_via=\"hectorops\";var hupso_url_t=\"\";var hupso_title_t=\"REFLEXI%C3%93N%20PARA%20EL%20JUEVES%20DE%20LA%20SEGUNDA%20SEMANA%20DE%20PASCUA%2023-04-20\";<\/script><script type=\"text\/javascript\" src=\"http:\/\/static.hupso.com\/share\/js\/share_toolbar.js\"><\/script><!-- Hupso Share Buttons --><\/div>","protected":false},"excerpt":{"rendered":"<p>Durante el Tiempo Pascual la primera lectura que nos propone la liturgia es del Nuevo Testamento, especialmente el libro de los Hechos de los Ap\u00f3stoles. Y en estas lecturas sobresale el testimonio de la fe Pascual de los Ap\u00f3stoles inspirados &hellip; <a href=\"http:\/\/delamanodemaria.com\/?p=13390\">Continue reading <span class=\"meta-nav\">&rarr;<\/span><\/a><\/p>\n<div style=\"padding-bottom:20px; padding-top:10px;\" class=\"hupso-share-buttons\"><!-- Hupso Share Buttons - https:\/\/www.hupso.com\/share\/ --><a class=\"hupso_toolbar\" href=\"https:\/\/www.hupso.com\/share\/\"><img src=\"http:\/\/static.hupso.com\/share\/buttons\/lang\/es\/share-medium.png\" style=\"border:0px; padding-top: 5px; float:left;\" alt=\"Share Button\"\/><\/a><script type=\"text\/javascript\">var hupso_services_t=new Array(\"Twitter\",\"Facebook\",\"Google Plus\",\"Pinterest\",\"Linkedin\",\"Email\",\"Print\");var hupso_background_t=\"#EAF4FF\";var hupso_border_t=\"#66CCFF\";var hupso_toolbar_size_t=\"medium\";var hupso_image_folder_url = \"\";var hupso_twitter_via=\"hectorops\";var hupso_url_t=\"\";var hupso_title_t=\"REFLEXI%C3%93N%20PARA%20EL%20JUEVES%20DE%20LA%20SEGUNDA%20SEMANA%20DE%20PASCUA%2023-04-20\";<\/script><script type=\"text\/javascript\" src=\"http:\/\/static.hupso.com\/share\/js\/share_toolbar.js\"><\/script><!-- Hupso Share Buttons --><\/div>","protected":false},"author":1,"featured_media":13393,"comment_status":"open","ping_status":"open","sticky":false,"template":"","format":"standard","meta":{"jetpack_post_was_ever_published":false,"_jetpack_newsletter_access":"","_jetpack_newsletter_tier_id":0,"jetpack_publicize_message":"","jetpack_is_tweetstorm":false,"jetpack_publicize_feature_enabled":true,"jetpack_social_post_already_shared":true,"jetpack_social_options":{"image_generator_settings":{"template":"highway","enabled":false}}},"categories":[1],"tags":[89,3643,2292,29,1568,1289,137,1978,3875,55,42,2987,2,519,3321,510,750],"jetpack_publicize_connections":[],"jetpack_featured_media_url":"http:\/\/delamanodemaria.com\/wp-content\/uploads\/2020\/04\/sanedrin.jpg","jetpack_shortlink":"https:\/\/wp.me\/p3bBgS-3tY","jetpack_sharing_enabled":true,"jetpack_likes_enabled":true,"_links":{"self":[{"href":"http:\/\/delamanodemaria.com\/index.php?rest_route=\/wp\/v2\/posts\/13390"}],"collection":[{"href":"http:\/\/delamanodemaria.com\/index.php?rest_route=\/wp\/v2\/posts"}],"about":[{"href":"http:\/\/delamanodemaria.com\/index.php?rest_route=\/wp\/v2\/types\/post"}],"author":[{"embeddable":true,"href":"http:\/\/delamanodemaria.com\/index.php?rest_route=\/wp\/v2\/users\/1"}],"replies":[{"embeddable":true,"href":"http:\/\/delamanodemaria.com\/index.php?rest_route=%2Fwp%2Fv2%2Fcomments&post=13390"}],"version-history":[{"count":6,"href":"http:\/\/delamanodemaria.com\/index.php?rest_route=\/wp\/v2\/posts\/13390\/revisions"}],"predecessor-version":[{"id":13397,"href":"http:\/\/delamanodemaria.com\/index.php?rest_route=\/wp\/v2\/posts\/13390\/revisions\/13397"}],"wp:featuredmedia":[{"embeddable":true,"href":"http:\/\/delamanodemaria.com\/index.php?rest_route=\/wp\/v2\/media\/13393"}],"wp:attachment":[{"href":"http:\/\/delamanodemaria.com\/index.php?rest_route=%2Fwp%2Fv2%2Fmedia&parent=13390"}],"wp:term":[{"taxonomy":"category","embeddable":true,"href":"http:\/\/delamanodemaria.com\/index.php?rest_route=%2Fwp%2Fv2%2Fcategories&post=13390"},{"taxonomy":"post_tag","embeddable":true,"href":"http:\/\/delamanodemaria.com\/index.php?rest_route=%2Fwp%2Fv2%2Ftags&post=13390"}],"curies":[{"name":"wp","href":"https:\/\/api.w.org\/{rel}","templated":true}]}}