{"id":13457,"date":"2020-05-01T18:39:17","date_gmt":"2020-05-01T22:39:17","guid":{"rendered":"http:\/\/delamanodemaria.com\/?p=13457"},"modified":"2020-05-03T17:09:23","modified_gmt":"2020-05-03T21:09:23","slug":"reflexion-para-el-sabado-de-la-tercera-semana-de-pascua-02-04-20","status":"publish","type":"post","link":"http:\/\/delamanodemaria.com\/?p=13457","title":{"rendered":"REFLEXI\u00d3N PARA EL S\u00c1BADO DE LA TERCERA SEMANA DE PASCUA 02-05-20"},"content":{"rendered":"\n<figure class=\"wp-block-image\"><img decoding=\"async\" loading=\"lazy\" width=\"800\" height=\"800\" src=\"http:\/\/delamanodemaria.com\/wp-content\/uploads\/2020\/05\/Tu-tienes-palabras-de-vida-eterna-2.jpg\" alt=\"\" class=\"wp-image-13460\" srcset=\"http:\/\/delamanodemaria.com\/wp-content\/uploads\/2020\/05\/Tu-tienes-palabras-de-vida-eterna-2.jpg 800w, http:\/\/delamanodemaria.com\/wp-content\/uploads\/2020\/05\/Tu-tienes-palabras-de-vida-eterna-2-150x150.jpg 150w, http:\/\/delamanodemaria.com\/wp-content\/uploads\/2020\/05\/Tu-tienes-palabras-de-vida-eterna-2-300x300.jpg 300w, http:\/\/delamanodemaria.com\/wp-content\/uploads\/2020\/05\/Tu-tienes-palabras-de-vida-eterna-2-768x768.jpg 768w\" sizes=\"(max-width: 800px) 100vw, 800px\" \/><\/figure>\n\n\n\n<p>La lectura evang\u00e9lica que nos presenta la\nliturgia para hoy (Jn 6,60-69) es la culminaci\u00f3n del \u201cdiscurso del pan de vida\u201d\nque hemos estado contemplando durante esta semana.<\/p>\n\n\n\n<p>En el pasaje que le\u00edamos ayer (Jn 6,51-59) Jes\u00fas\nhab\u00eda enfatizado en cinco ocasiones la necesidad de \u201ccomer su carne\u201d y \u201cbeber\nsu sangre\u201d para obtener la vida eterna, en una alusi\u00f3n al sacramento de la Eucarist\u00eda\nque para ellos resultaba incomprensible. Esto, en respuesta a los comentarios\nde los jud\u00edos, quienes se preguntaban: \u201c\u00bfC\u00f3mo puede \u00e9ste darnos a comer su\ncarne?\u201d<\/p>\n\n\n\n<p>Lejos de suavizar o justificar sus palabras,\nreitera que el que no coma su carne y beba su sangre \u201cno tendr\u00e1 vida\u201d en s\u00ed\nmismo, es decir, no tendr\u00e1 la vida que da la Gracia, a\u00f1adiendo que ello es\nnecesario para que podamos \u201chabitar\u201d en \u00c9l y \u00c9l en nosotros.<\/p>\n\n\n\n<p>Aquellas palabras (eso de \u201ccomer\u201d su carne y\n\u201cbeber\u201d su sangre) resultaban fuertes y escandalosas, duras, para muchos de los\n\u201cdisc\u00edpulos\u201d que le segu\u00edan: \u201cEste modo de hablar es duro, \u00bfqui\u00e9n puede hacerle\ncaso?\u201d. Jes\u00fas no intenta convencerlos ni trata de explicar su discurso. Por el\ncontrario, se reitera en lo dicho y les increpa: \u201c\u00bfEsto os hace vacilar?, \u00bfy si\nvierais al Hijo del hombre subir a donde estaba antes? El Esp\u00edritu es quien da\nvida; la carne no sirve de nada. Las palabras que os he dicho son esp\u00edritu y\nvida. Y con todo, algunos de vosotros no creen. Por eso os he dicho que nadie\npuede venir a m\u00ed, si el Padre no se lo concede\u201d. Esas palabras hicieron que\nmuchos disc\u00edpulos suyos se echaran atr\u00e1s y dejaran de seguirle.<\/p>\n\n\n\n<p>Entonces Jes\u00fas se vir\u00f3 hacia donde estaban los\nDoce (trato de imaginarme la escena) y les lanza un desaf\u00edo: \u201c\u00bfTambi\u00e9n ustedes\nquieren marcharse?\u201d Como siempre, Sim\u00f3n Pedro tom\u00f3 la palabra e hizo una\nprofesi\u00f3n de fe: Se\u00f1or, \u00bfa qui\u00e9n vamos a acudir? T\u00fa tienes palabras de vida\neterna; nosotros creemos y sabemos que t\u00fa eres el Santo consagrado por Dios\u201d.<\/p>\n\n\n\n<p>Las palabras de Jes\u00fas siempre son motivo de\ncontroversia. Ya el anciano Sime\u00f3n lo hab\u00eda profetizado desde el comienzo (Lc\n2,34). Y hoy d\u00eda no es diferente. Su seguimiento es exigente, duro, el estilo\nde vida que implica est\u00e1 re\u00f1ido con los gustos, las tendencias y el hedonismo del\nmundo actual. Seguir a Jes\u00fas implica hacerse uno con \u00c9l, \u201ccomer su carne\u201d, no\nsolo en la Eucarist\u00eda, sino tambi\u00e9n participar de su encarnaci\u00f3n, y \u201cbeber la\nsangre\u201d de su sacrificio.<\/p>\n\n\n\n<p>Los que queremos perseverar, los que queremos\npermanecer fieles a \u00c9l, necesitamos comer constantemente de ese \u201cpan de Vida\u201d,\nno solo en la mesa de la Eucarist\u00eda, sino tambi\u00e9n en la mesa de la Palabra, que\nes tambi\u00e9n fuente de vida eterna: \u201c\u00bfa qui\u00e9n vamos a acudir? T\u00fa tienes palabras\nde vida eterna\u201d.<\/p>\n\n\n\n<p>En la Eucarist\u00eda encontramos alimento, y en la\nPalabra el aliento y el consuelo que nos permite continuar en el camino a la\nVida eterna que \u00c9l regala de balde a los que comemos de su cuerpo y bebemos de\nsu sangre.<\/p>\n\n\n\n<p>En estos tiempos en que nos hemos visto privados de sentarnos a la mesa del Se\u00f1or de forma sacramental, profundicemos en su Palabra. All\u00ed tendremos un encuentro personal con \u00c9l, y diremos con Pedro: &#8220;Se\u00f1or, \u00bfa qui\u00e9n vamos a acudir? T\u00fa tienes palabras de vida eterna&#8221;.<\/p>\n\n\n\n<p>Que pasen un hermoso fin de semana en la Paz del Se\u00f1or. <\/p>\n<div style=\"padding-bottom:20px; padding-top:10px;\" class=\"hupso-share-buttons\"><!-- Hupso Share Buttons - https:\/\/www.hupso.com\/share\/ --><a class=\"hupso_toolbar\" href=\"https:\/\/www.hupso.com\/share\/\"><img src=\"http:\/\/static.hupso.com\/share\/buttons\/lang\/es\/share-medium.png\" style=\"border:0px; padding-top: 5px; float:left;\" alt=\"Share Button\"\/><\/a><script type=\"text\/javascript\">var hupso_services_t=new Array(\"Twitter\",\"Facebook\",\"Google Plus\",\"Pinterest\",\"Linkedin\",\"Email\",\"Print\");var hupso_background_t=\"#EAF4FF\";var hupso_border_t=\"#66CCFF\";var hupso_toolbar_size_t=\"medium\";var hupso_image_folder_url = \"\";var hupso_twitter_via=\"hectorops\";var hupso_url_t=\"\";var hupso_title_t=\"REFLEXI%C3%93N%20PARA%20EL%20S%C3%81BADO%20DE%20LA%20TERCERA%20SEMANA%20DE%20PASCUA%2002-05-20\";<\/script><script type=\"text\/javascript\" src=\"http:\/\/static.hupso.com\/share\/js\/share_toolbar.js\"><\/script><!-- Hupso Share Buttons --><\/div>","protected":false},"excerpt":{"rendered":"<p>La lectura evang\u00e9lica que nos presenta la liturgia para hoy (Jn 6,60-69) es la culminaci\u00f3n del \u201cdiscurso del pan de vida\u201d que hemos estado contemplando durante esta semana. En el pasaje que le\u00edamos ayer (Jn 6,51-59) Jes\u00fas hab\u00eda enfatizado en &hellip; <a href=\"http:\/\/delamanodemaria.com\/?p=13457\">Continue reading <span class=\"meta-nav\">&rarr;<\/span><\/a><\/p>\n<div style=\"padding-bottom:20px; padding-top:10px;\" class=\"hupso-share-buttons\"><!-- Hupso Share Buttons - https:\/\/www.hupso.com\/share\/ --><a class=\"hupso_toolbar\" href=\"https:\/\/www.hupso.com\/share\/\"><img src=\"http:\/\/static.hupso.com\/share\/buttons\/lang\/es\/share-medium.png\" style=\"border:0px; padding-top: 5px; float:left;\" alt=\"Share Button\"\/><\/a><script type=\"text\/javascript\">var hupso_services_t=new Array(\"Twitter\",\"Facebook\",\"Google Plus\",\"Pinterest\",\"Linkedin\",\"Email\",\"Print\");var hupso_background_t=\"#EAF4FF\";var hupso_border_t=\"#66CCFF\";var hupso_toolbar_size_t=\"medium\";var hupso_image_folder_url = \"\";var hupso_twitter_via=\"hectorops\";var hupso_url_t=\"\";var hupso_title_t=\"REFLEXI%C3%93N%20PARA%20EL%20S%C3%81BADO%20DE%20LA%20TERCERA%20SEMANA%20DE%20PASCUA%2002-05-20\";<\/script><script type=\"text\/javascript\" src=\"http:\/\/static.hupso.com\/share\/js\/share_toolbar.js\"><\/script><!-- Hupso Share Buttons --><\/div>","protected":false},"author":1,"featured_media":13460,"comment_status":"open","ping_status":"open","sticky":false,"template":"","format":"standard","meta":{"jetpack_post_was_ever_published":false,"_jetpack_newsletter_access":"","_jetpack_newsletter_tier_id":0,"jetpack_publicize_message":"","jetpack_is_tweetstorm":false,"jetpack_publicize_feature_enabled":true,"jetpack_social_post_already_shared":true,"jetpack_social_options":{"image_generator_settings":{"template":"highway","enabled":false}}},"categories":[1],"tags":[1035,1034,3890,3555,880,1777,2241,283,579,3899,1508,42,2,3898,151,441,86],"jetpack_publicize_connections":[],"jetpack_featured_media_url":"http:\/\/delamanodemaria.com\/wp-content\/uploads\/2020\/05\/Tu-tienes-palabras-de-vida-eterna-2.jpg","jetpack_shortlink":"https:\/\/wp.me\/p3bBgS-3v3","jetpack_sharing_enabled":true,"jetpack_likes_enabled":true,"_links":{"self":[{"href":"http:\/\/delamanodemaria.com\/index.php?rest_route=\/wp\/v2\/posts\/13457"}],"collection":[{"href":"http:\/\/delamanodemaria.com\/index.php?rest_route=\/wp\/v2\/posts"}],"about":[{"href":"http:\/\/delamanodemaria.com\/index.php?rest_route=\/wp\/v2\/types\/post"}],"author":[{"embeddable":true,"href":"http:\/\/delamanodemaria.com\/index.php?rest_route=\/wp\/v2\/users\/1"}],"replies":[{"embeddable":true,"href":"http:\/\/delamanodemaria.com\/index.php?rest_route=%2Fwp%2Fv2%2Fcomments&post=13457"}],"version-history":[{"count":5,"href":"http:\/\/delamanodemaria.com\/index.php?rest_route=\/wp\/v2\/posts\/13457\/revisions"}],"predecessor-version":[{"id":13478,"href":"http:\/\/delamanodemaria.com\/index.php?rest_route=\/wp\/v2\/posts\/13457\/revisions\/13478"}],"wp:featuredmedia":[{"embeddable":true,"href":"http:\/\/delamanodemaria.com\/index.php?rest_route=\/wp\/v2\/media\/13460"}],"wp:attachment":[{"href":"http:\/\/delamanodemaria.com\/index.php?rest_route=%2Fwp%2Fv2%2Fmedia&parent=13457"}],"wp:term":[{"taxonomy":"category","embeddable":true,"href":"http:\/\/delamanodemaria.com\/index.php?rest_route=%2Fwp%2Fv2%2Fcategories&post=13457"},{"taxonomy":"post_tag","embeddable":true,"href":"http:\/\/delamanodemaria.com\/index.php?rest_route=%2Fwp%2Fv2%2Ftags&post=13457"}],"curies":[{"name":"wp","href":"https:\/\/api.w.org\/{rel}","templated":true}]}}