{"id":13464,"date":"2020-05-02T16:37:47","date_gmt":"2020-05-02T20:37:47","guid":{"rendered":"http:\/\/delamanodemaria.com\/?p=13464"},"modified":"2020-05-03T17:08:46","modified_gmt":"2020-05-03T21:08:46","slug":"reflexion-para-el-cuarto-domingo-de-pascua-a-domingo-del-buen-pastor-03-04-20","status":"publish","type":"post","link":"http:\/\/delamanodemaria.com\/?p=13464","title":{"rendered":"REFLEXI\u00d3N PARA EL CUARTO DOMINGO DE PASCUA (A) &#8211; DOMINGO DEL BUEN PASTOR 03-05-20"},"content":{"rendered":"\n<figure class=\"wp-block-image\"><img decoding=\"async\" loading=\"lazy\" width=\"800\" height=\"500\" src=\"http:\/\/delamanodemaria.com\/wp-content\/uploads\/2020\/05\/Jesus-el-buen-pastor-1.jpg\" alt=\"\" class=\"wp-image-13467\" srcset=\"http:\/\/delamanodemaria.com\/wp-content\/uploads\/2020\/05\/Jesus-el-buen-pastor-1.jpg 800w, http:\/\/delamanodemaria.com\/wp-content\/uploads\/2020\/05\/Jesus-el-buen-pastor-1-300x188.jpg 300w, http:\/\/delamanodemaria.com\/wp-content\/uploads\/2020\/05\/Jesus-el-buen-pastor-1-768x480.jpg 768w, http:\/\/delamanodemaria.com\/wp-content\/uploads\/2020\/05\/Jesus-el-buen-pastor-1-480x300.jpg 480w\" sizes=\"(max-width: 800px) 100vw, 800px\" \/><figcaption>&#8220;Yo soy la puerta: quien entre por m\u00ed se salvar\u00e1 y podr\u00e1 entrar y salir, y encontrar\u00e1 pastos&#8221;. <\/figcaption><\/figure>\n\n\n\n<p>Al reflexionar sobre las lecturas que nos\npresenta la liturgia de hoy, cuarto domingo de Pascua, <strong><em>domingo del Buen Pastor<\/em><\/strong>,\nnormalmente nos concentramos en la figura del Buen Pastor, y en todas las\ncaracter\u00edsticas que adornan esa figura tan importante en la mentalidad del\npueblo de Israel y en nuestra fe cristiana.<\/p>\n\n\n\n<p>Pero el Evangelio que contemplamos hoy (Jn\n10,1-10) nos presenta, adem\u00e1s, la figura de la puerta del aprisco de las\novejas, y a Jes\u00fas como esa \u201cpuerta\u201d. \u201cYo soy la puerta: quien entre por m\u00ed se\nsalvar\u00e1 y podr\u00e1 entrar y salir, y encontrar\u00e1 pastos. El ladr\u00f3n no entra sino\npara robar y matar y hacer estrago; yo he venido para que tengan vida y la\ntengan abundante\u201d. Nuevamente resuena el <em>\u201cYo\nsoy\u201d<\/em> del Evangelio seg\u00fan san Juan, que nos refiere al nombre con el que\nDios se identifica cuando Mois\u00e9s le pregunta su nombre en el pasaje de la zarza\nardiendo (Ex 3,14), y que apunta a la divinidad de Jes\u00fas.<\/p>\n\n\n\n<p>Al principio del pasaje Jes\u00fas nos presenta la\nfigura del pastor que entra por la puerta luego que el guarda le abre, \u201cy las\novejas atienden a su voz, y \u00e9l va llamando por el nombre a sus ovejas y las\nsaca fuera. Cuando ha sacado todas las suyas, camina delante de ellas, y las\novejas lo siguen, porque conocen su voz\u201d. Ya anteriormente hemos dicho que\ncuando una oveja nace el pastor la lleva sobre su cuello un tiempo para que se\nacostumbre a su voz, y luego le siga al escuchar esa voz. Adem\u00e1s, era costumbre\nque los pastores llevaran su reba\u00f1o al aprisco junto con las ovejas de otros\npastores a pasar la noche. Al regresar al d\u00eda siguiente a buscar su reba\u00f1o, llamaba\nsus ovejas, estas reconoc\u00edan su voz, y lo segu\u00edan.<\/p>\n\n\n\n<p>Y ese reba\u00f1o es la Iglesia, el nuevo Pueblo de\nDios producto de la Nueva Alianza; el cuerpo m\u00edstico de Cristo que todos\nconformamos. Jes\u00fas nos compara con ovejas, un animal d\u00f3cil y totalmente\ndependiente del pastor, pues tienen una visi\u00f3n pobre. Por eso m\u00e1s que seguir la\nfigura del pastor, siguen su voz. Del mismo modo, Jes\u00fas nos invita a seguirlo\ntrav\u00e9s de su Palabra, seguimiento que implica seguir sus huellas, no importa a\nd\u00f3nde nos conduzcan, aunque sea al sufrimiento (<em>Cfr<\/em>. segunda lectura \u2013 1\nPe 2,20-25).<\/p>\n\n\n\n<p>Si vamos a hacer realidad el deseo de Cristo\nde que todos se salven (1 Tim 2,3), tenemos que ser fieles a la unci\u00f3n\nsacerdotal, prof\u00e9tica y real que recibimos en nuestro bautismo, y convertirnos\nen \u201cpastores\u201d para atraer las ovejas descarriadas, las que a\u00fan no conocen la\nvoz del Supremo Pastor, ense\u00f1\u00e1ndoles a escuchar Su voz para que le sigan.<\/p>\n\n\n\n<p>El papa Francisco se hace eco de esas palabras\nde Jes\u00fas al invitarnos a salir de la tranquilidad, la seguridad, el confort de\nnuestras comunidades de fe, nuestros templos, y salir a la calle, a las\nperiferias, para rescatar, no solo a las ovejas descarriadas que nunca han\nescuchado la voz del Pastor, sino tambi\u00e9n a aquellas que se han perdido del\nredil de la Iglesia.<\/p>\n\n\n\n<p>Pero para poder participar de esa misi\u00f3n\nprimero tenemos que conocer la voz de nuestro Pastor para saber a d\u00f3nde\nconducirlas. Y t\u00fa, \u00bfhas escuchado la voz de Jes\u00fas?<\/p>\n\n\n\n<p>Felicito en este d\u00eda a todos los feligreses de\nnuestra <strong><em>Parroquia El Buen Pastor<\/em><\/strong>, de Guaynabo, Puerto Rico, as\u00ed como a\nla congregaci\u00f3n de las <strong><em>Hermanas Misioneras del Buen Pastor<\/em><\/strong>\na quienes tanto a mi esposa Jossie como a m\u00ed nos unen profundos lazos de amor\nfraterno.<\/p>\n<div style=\"padding-bottom:20px; padding-top:10px;\" class=\"hupso-share-buttons\"><!-- Hupso Share Buttons - https:\/\/www.hupso.com\/share\/ --><a class=\"hupso_toolbar\" href=\"https:\/\/www.hupso.com\/share\/\"><img src=\"http:\/\/static.hupso.com\/share\/buttons\/lang\/es\/share-medium.png\" style=\"border:0px; padding-top: 5px; float:left;\" alt=\"Share Button\"\/><\/a><script type=\"text\/javascript\">var hupso_services_t=new Array(\"Twitter\",\"Facebook\",\"Google Plus\",\"Pinterest\",\"Linkedin\",\"Email\",\"Print\");var hupso_background_t=\"#EAF4FF\";var hupso_border_t=\"#66CCFF\";var hupso_toolbar_size_t=\"medium\";var hupso_image_folder_url = \"\";var hupso_twitter_via=\"hectorops\";var hupso_url_t=\"\";var hupso_title_t=\"REFLEXI%C3%93N%20PARA%20EL%20CUARTO%20DOMINGO%20DE%20PASCUA%20%28A%29%20-%20DOMINGO%20DEL%20BUEN%20PASTOR%2003-05-20\";<\/script><script type=\"text\/javascript\" src=\"http:\/\/static.hupso.com\/share\/js\/share_toolbar.js\"><\/script><!-- Hupso Share Buttons --><\/div>","protected":false},"excerpt":{"rendered":"<p>Al reflexionar sobre las lecturas que nos presenta la liturgia de hoy, cuarto domingo de Pascua, domingo del Buen Pastor, normalmente nos concentramos en la figura del Buen Pastor, y en todas las caracter\u00edsticas que adornan esa figura tan importante &hellip; <a href=\"http:\/\/delamanodemaria.com\/?p=13464\">Continue reading <span class=\"meta-nav\">&rarr;<\/span><\/a><\/p>\n<div style=\"padding-bottom:20px; padding-top:10px;\" class=\"hupso-share-buttons\"><!-- Hupso Share Buttons - https:\/\/www.hupso.com\/share\/ --><a class=\"hupso_toolbar\" href=\"https:\/\/www.hupso.com\/share\/\"><img src=\"http:\/\/static.hupso.com\/share\/buttons\/lang\/es\/share-medium.png\" style=\"border:0px; padding-top: 5px; float:left;\" alt=\"Share Button\"\/><\/a><script type=\"text\/javascript\">var hupso_services_t=new Array(\"Twitter\",\"Facebook\",\"Google Plus\",\"Pinterest\",\"Linkedin\",\"Email\",\"Print\");var hupso_background_t=\"#EAF4FF\";var hupso_border_t=\"#66CCFF\";var hupso_toolbar_size_t=\"medium\";var hupso_image_folder_url = \"\";var hupso_twitter_via=\"hectorops\";var hupso_url_t=\"\";var hupso_title_t=\"REFLEXI%C3%93N%20PARA%20EL%20CUARTO%20DOMINGO%20DE%20PASCUA%20%28A%29%20-%20DOMINGO%20DEL%20BUEN%20PASTOR%2003-05-20\";<\/script><script type=\"text\/javascript\" src=\"http:\/\/static.hupso.com\/share\/js\/share_toolbar.js\"><\/script><!-- Hupso Share Buttons --><\/div>","protected":false},"author":1,"featured_media":13466,"comment_status":"open","ping_status":"open","sticky":false,"template":"","format":"standard","meta":{"jetpack_post_was_ever_published":false,"_jetpack_newsletter_access":"","_jetpack_newsletter_tier_id":0,"jetpack_publicize_message":"","jetpack_is_tweetstorm":false,"jetpack_publicize_feature_enabled":true,"jetpack_social_post_already_shared":true,"jetpack_social_options":{"image_generator_settings":{"template":"highway","enabled":false}}},"categories":[1],"tags":[1957,2241,1956,139,1253,110,637,786,2059,760,331,42,785,886,311,3901,2,3902,536,3900],"jetpack_publicize_connections":[],"jetpack_featured_media_url":"http:\/\/delamanodemaria.com\/wp-content\/uploads\/2020\/05\/Jesus-el-buen-pastor.jpg","jetpack_shortlink":"https:\/\/wp.me\/p3bBgS-3va","jetpack_sharing_enabled":true,"jetpack_likes_enabled":true,"_links":{"self":[{"href":"http:\/\/delamanodemaria.com\/index.php?rest_route=\/wp\/v2\/posts\/13464"}],"collection":[{"href":"http:\/\/delamanodemaria.com\/index.php?rest_route=\/wp\/v2\/posts"}],"about":[{"href":"http:\/\/delamanodemaria.com\/index.php?rest_route=\/wp\/v2\/types\/post"}],"author":[{"embeddable":true,"href":"http:\/\/delamanodemaria.com\/index.php?rest_route=\/wp\/v2\/users\/1"}],"replies":[{"embeddable":true,"href":"http:\/\/delamanodemaria.com\/index.php?rest_route=%2Fwp%2Fv2%2Fcomments&post=13464"}],"version-history":[{"count":3,"href":"http:\/\/delamanodemaria.com\/index.php?rest_route=\/wp\/v2\/posts\/13464\/revisions"}],"predecessor-version":[{"id":13477,"href":"http:\/\/delamanodemaria.com\/index.php?rest_route=\/wp\/v2\/posts\/13464\/revisions\/13477"}],"wp:featuredmedia":[{"embeddable":true,"href":"http:\/\/delamanodemaria.com\/index.php?rest_route=\/wp\/v2\/media\/13466"}],"wp:attachment":[{"href":"http:\/\/delamanodemaria.com\/index.php?rest_route=%2Fwp%2Fv2%2Fmedia&parent=13464"}],"wp:term":[{"taxonomy":"category","embeddable":true,"href":"http:\/\/delamanodemaria.com\/index.php?rest_route=%2Fwp%2Fv2%2Fcategories&post=13464"},{"taxonomy":"post_tag","embeddable":true,"href":"http:\/\/delamanodemaria.com\/index.php?rest_route=%2Fwp%2Fv2%2Ftags&post=13464"}],"curies":[{"name":"wp","href":"https:\/\/api.w.org\/{rel}","templated":true}]}}