{"id":13479,"date":"2020-05-03T17:24:35","date_gmt":"2020-05-03T21:24:35","guid":{"rendered":"http:\/\/delamanodemaria.com\/?p=13479"},"modified":"2020-05-03T17:24:35","modified_gmt":"2020-05-03T21:24:35","slug":"reflexion-para-el-lunes-de-la-cuarta-semana-de-pascua-04-05-20","status":"publish","type":"post","link":"http:\/\/delamanodemaria.com\/?p=13479","title":{"rendered":"REFLEXI\u00d3N PARA EL LUNES DE LA CUARTA SEMANA DE PASCUA 04-05-20"},"content":{"rendered":"\n<figure class=\"wp-block-image\"><img decoding=\"async\" loading=\"lazy\" width=\"960\" height=\"640\" src=\"http:\/\/delamanodemaria.com\/wp-content\/uploads\/2016\/05\/que-todos-sean-uno.jpg\" alt=\"\" class=\"wp-image-7182\" srcset=\"http:\/\/delamanodemaria.com\/wp-content\/uploads\/2016\/05\/que-todos-sean-uno.jpg 960w, http:\/\/delamanodemaria.com\/wp-content\/uploads\/2016\/05\/que-todos-sean-uno-300x200.jpg 300w, http:\/\/delamanodemaria.com\/wp-content\/uploads\/2016\/05\/que-todos-sean-uno-768x512.jpg 768w, http:\/\/delamanodemaria.com\/wp-content\/uploads\/2016\/05\/que-todos-sean-uno-450x300.jpg 450w\" sizes=\"(max-width: 960px) 100vw, 960px\" \/><figcaption>\u201cTengo, adem\u00e1s, otras ovejas que no son de este redil; tambi\u00e9n a \u00e9sas las tengo que conducir, y escuchar\u00e1n mi voz, y habr\u00e1 un solo reba\u00f1o, un solo Pastor\u201d.<\/figcaption><\/figure>\n\n\n\n<p>En la lectura evang\u00e9lica que nos presenta la liturgia para hoy (Jn 10,11-16 &#8211; para este Ciclo A se ofrece esta lectura alterna porque ayer se proclam\u00f3 Jn 10,1-10) hay una frase que siempre me atrae: \u201cTengo, adem\u00e1s, otras ovejas que no son de este redil; tambi\u00e9n a \u00e9sas las tengo que conducir, y escuchar\u00e1n mi voz, y habr\u00e1 un solo reba\u00f1o, un solo Pastor\u201d (v. 16). Ese mismo pensamiento resuena en la \u201coraci\u00f3n de Jes\u00fas\u201d, pronunciada como culminaci\u00f3n a la \u00faltima cena, que Juan recoge en el cap\u00edtulo 17 de su evangelio: <em><strong>\u201c\u2026que todos sean uno. Como T\u00fa, Padre, en m\u00ed, y yo en Ti, que ellos tambi\u00e9n sean uno en nosotros, para que el mundo crea que T\u00fa me has enviado\u201d<\/strong><\/em> (17,21).<\/p>\n\n\n\n<p>Y como coment\u00e1bamos ayer al reflexionar sobre las lecturas que nos presentaba la <a href=\"http:\/\/delamanodemaria.com\/?p=13464\" target=\"_blank\" rel=\"noreferrer noopener\" aria-label=\" (opens in a new tab)\">liturgia para el Domingo del Buen Pastor<\/a>, si queremos a hacer realidad el llamado de Cristo de que esas ovejas que no son de este redil se dejen conducir por \u00c9l, escuchen su voz, y formen \u201cun solo reba\u00f1o\u201d bajo el Supremo Pastor, tenemos que ser fieles a la unci\u00f3n sacerdotal, prof\u00e9tica y real que recibimos en nuestro bautismo, y convertirnos en \u201cpastores\u201d para atraer esas ovejas al redil. Solo entonces podremos ser todos uno, como el Padre en Jes\u00fas, y \u00c9l en el Padre, y nosotros en Ellos. Entonces habr\u00e1 \u201chabr\u00e1 un solo reba\u00f1o, un solo Pastor\u201d.<\/p>\n\n\n\n<p>Jes\u00fas-Puerta nos abre a un nuevo espacio\ninfinito y eterno, en donde todo el que le siga tiene cabida, como nos muestra\nla primera lectura de hoy, con la predicaci\u00f3n del Evangelio de Jes\u00fas por parte\nde Pedro a los paganos (Hc 11,1-18).<\/p>\n\n\n\n<p>En esta lectura vemos c\u00f3mo los primeros cristianos\nprocedentes del juda\u00edsmo, que continuaban arraigados a las tradiciones del\nAntiguo Testamento, pretend\u00edan que todo el que se convirtiera y fuera bautizado\nabrazara tambi\u00e9n la Ley y las tradiciones ancestrales del juda\u00edsmo, incluyendo\nlas prescripciones relacionadas a la abstenci\u00f3n de carnes prohibidas, y hacerse\ncircuncidar. <\/p>\n\n\n\n<p>Ante el reproche de los partidarios de la\ncircuncisi\u00f3n, Pedro les narr\u00f3 una visi\u00f3n que hab\u00eda tenido en la cual el Se\u00f1or\nle present\u00f3 unos animales cuya carne era considerada impura, y le pidi\u00f3 que\ncomiera, a lo que \u00e9l se neg\u00f3. Entonces el Se\u00f1or le habl\u00f3 nuevamente dici\u00e9ndole:\n\u201cLo que Dios ha declarado puro, no lo llames t\u00fa profano\u201d. Luego les relat\u00f3 c\u00f3mo\nel Esp\u00edritu lo llev\u00f3 a casa de unos paganos, quienes recibieron el Esp\u00edritu\nSanto y fueron bautizados. Pedro dijo entonces a sus interlocutores: \u201cPues, si\nDios les ha dado a ellos el mismo don que a nosotros, por haber cre\u00eddo en el\nSe\u00f1or Jesucristo, \u00bfqui\u00e9n era yo para oponerme a Dios?\u201d.<\/p>\n\n\n\n<p>En nuestro tiempo encontramos una situaci\u00f3n similar cuando intentamos imponer nuestra visi\u00f3n de la Iglesia a personas de otras culturas, otros estilos de vida, e inclusive de diferentes grupos de edad. Debemos recordar que la Iglesia no es nuestro reba\u00f1o; que es el reba\u00f1o del Buen Pastor, y en ese reba\u00f1o hay cabida para TODOS. Como dijo el papa <a href=\"http:\/\/www.zenit.org\/es\/articles\/acogida-inculturacion-y-buen-humor-las-claves-de-un-buen-obispo-indico-francisco\" target=\"_blank\" rel=\"noreferrer noopener\" aria-label=\" (opens in a new tab)\">Francisco a los nuevos obispos<\/a> hace unos a\u00f1os: \u201cSomos llamados y constituidos pastores no de nosotros mismos, sino del Se\u00f1or; y no para servirnos a nosotros mismos, sino al reba\u00f1o que se nos ha confiado\u201d.<\/p>\n\n\n\n<p>Ese llamado nos incluye a nosotros. S\u00ed, a ti y\na m\u00ed.<\/p>\n<div style=\"padding-bottom:20px; padding-top:10px;\" class=\"hupso-share-buttons\"><!-- Hupso Share Buttons - https:\/\/www.hupso.com\/share\/ --><a class=\"hupso_toolbar\" href=\"https:\/\/www.hupso.com\/share\/\"><img src=\"http:\/\/static.hupso.com\/share\/buttons\/lang\/es\/share-medium.png\" style=\"border:0px; padding-top: 5px; float:left;\" alt=\"Share Button\"\/><\/a><script type=\"text\/javascript\">var hupso_services_t=new Array(\"Twitter\",\"Facebook\",\"Google Plus\",\"Pinterest\",\"Linkedin\",\"Email\",\"Print\");var hupso_background_t=\"#EAF4FF\";var hupso_border_t=\"#66CCFF\";var hupso_toolbar_size_t=\"medium\";var hupso_image_folder_url = \"\";var hupso_twitter_via=\"hectorops\";var hupso_url_t=\"\";var hupso_title_t=\"REFLEXI%C3%93N%20PARA%20EL%20LUNES%20DE%20LA%20CUARTA%20SEMANA%20DE%20PASCUA%2004-05-20\";<\/script><script type=\"text\/javascript\" src=\"http:\/\/static.hupso.com\/share\/js\/share_toolbar.js\"><\/script><!-- Hupso Share Buttons --><\/div>","protected":false},"excerpt":{"rendered":"<p>En la lectura evang\u00e9lica que nos presenta la liturgia para hoy (Jn 10,11-16 &#8211; para este Ciclo A se ofrece esta lectura alterna porque ayer se proclam\u00f3 Jn 10,1-10) hay una frase que siempre me atrae: \u201cTengo, adem\u00e1s, otras ovejas &hellip; <a href=\"http:\/\/delamanodemaria.com\/?p=13479\">Continue reading <span class=\"meta-nav\">&rarr;<\/span><\/a><\/p>\n<div style=\"padding-bottom:20px; padding-top:10px;\" class=\"hupso-share-buttons\"><!-- Hupso Share Buttons - https:\/\/www.hupso.com\/share\/ --><a class=\"hupso_toolbar\" href=\"https:\/\/www.hupso.com\/share\/\"><img src=\"http:\/\/static.hupso.com\/share\/buttons\/lang\/es\/share-medium.png\" style=\"border:0px; padding-top: 5px; float:left;\" alt=\"Share Button\"\/><\/a><script type=\"text\/javascript\">var hupso_services_t=new Array(\"Twitter\",\"Facebook\",\"Google Plus\",\"Pinterest\",\"Linkedin\",\"Email\",\"Print\");var hupso_background_t=\"#EAF4FF\";var hupso_border_t=\"#66CCFF\";var hupso_toolbar_size_t=\"medium\";var hupso_image_folder_url = \"\";var hupso_twitter_via=\"hectorops\";var hupso_url_t=\"\";var hupso_title_t=\"REFLEXI%C3%93N%20PARA%20EL%20LUNES%20DE%20LA%20CUARTA%20SEMANA%20DE%20PASCUA%2004-05-20\";<\/script><script type=\"text\/javascript\" src=\"http:\/\/static.hupso.com\/share\/js\/share_toolbar.js\"><\/script><!-- Hupso Share Buttons --><\/div>","protected":false},"author":1,"featured_media":7182,"comment_status":"open","ping_status":"open","sticky":false,"template":"","format":"standard","meta":{"jetpack_post_was_ever_published":false,"_jetpack_newsletter_access":"","_jetpack_newsletter_tier_id":0,"jetpack_publicize_message":"","jetpack_is_tweetstorm":false,"jetpack_publicize_feature_enabled":true,"jetpack_social_post_already_shared":true,"jetpack_social_options":{"image_generator_settings":{"template":"highway","enabled":false}}},"categories":[1],"tags":[2172,106,2982,2241,137,786,42,3906,2553,887,2,3902,3905,3904,1080],"jetpack_publicize_connections":[],"jetpack_featured_media_url":"http:\/\/delamanodemaria.com\/wp-content\/uploads\/2016\/05\/que-todos-sean-uno.jpg","jetpack_shortlink":"https:\/\/wp.me\/p3bBgS-3vp","jetpack_sharing_enabled":true,"jetpack_likes_enabled":true,"_links":{"self":[{"href":"http:\/\/delamanodemaria.com\/index.php?rest_route=\/wp\/v2\/posts\/13479"}],"collection":[{"href":"http:\/\/delamanodemaria.com\/index.php?rest_route=\/wp\/v2\/posts"}],"about":[{"href":"http:\/\/delamanodemaria.com\/index.php?rest_route=\/wp\/v2\/types\/post"}],"author":[{"embeddable":true,"href":"http:\/\/delamanodemaria.com\/index.php?rest_route=\/wp\/v2\/users\/1"}],"replies":[{"embeddable":true,"href":"http:\/\/delamanodemaria.com\/index.php?rest_route=%2Fwp%2Fv2%2Fcomments&post=13479"}],"version-history":[{"count":5,"href":"http:\/\/delamanodemaria.com\/index.php?rest_route=\/wp\/v2\/posts\/13479\/revisions"}],"predecessor-version":[{"id":13484,"href":"http:\/\/delamanodemaria.com\/index.php?rest_route=\/wp\/v2\/posts\/13479\/revisions\/13484"}],"wp:featuredmedia":[{"embeddable":true,"href":"http:\/\/delamanodemaria.com\/index.php?rest_route=\/wp\/v2\/media\/7182"}],"wp:attachment":[{"href":"http:\/\/delamanodemaria.com\/index.php?rest_route=%2Fwp%2Fv2%2Fmedia&parent=13479"}],"wp:term":[{"taxonomy":"category","embeddable":true,"href":"http:\/\/delamanodemaria.com\/index.php?rest_route=%2Fwp%2Fv2%2Fcategories&post=13479"},{"taxonomy":"post_tag","embeddable":true,"href":"http:\/\/delamanodemaria.com\/index.php?rest_route=%2Fwp%2Fv2%2Ftags&post=13479"}],"curies":[{"name":"wp","href":"https:\/\/api.w.org\/{rel}","templated":true}]}}