{"id":13485,"date":"2020-05-04T19:42:08","date_gmt":"2020-05-04T23:42:08","guid":{"rendered":"http:\/\/delamanodemaria.com\/?p=13485"},"modified":"2020-05-04T19:42:08","modified_gmt":"2020-05-04T23:42:08","slug":"reflexion-para-el-martes-de-la-cuarta-semana-de-pascua-05-05-20","status":"publish","type":"post","link":"http:\/\/delamanodemaria.com\/?p=13485","title":{"rendered":"REFLEXI\u00d3N PARA EL MARTES DE LA CUARTA SEMANA DE PASCUA 05-05-20"},"content":{"rendered":"\n<figure class=\"wp-block-image\"><img decoding=\"async\" loading=\"lazy\" width=\"768\" height=\"428\" src=\"http:\/\/delamanodemaria.com\/wp-content\/uploads\/2020\/05\/Juan-10-22-30.jpg\" alt=\"\" class=\"wp-image-13487\" srcset=\"http:\/\/delamanodemaria.com\/wp-content\/uploads\/2020\/05\/Juan-10-22-30.jpg 768w, http:\/\/delamanodemaria.com\/wp-content\/uploads\/2020\/05\/Juan-10-22-30-300x167.jpg 300w, http:\/\/delamanodemaria.com\/wp-content\/uploads\/2020\/05\/Juan-10-22-30-500x279.jpg 500w\" sizes=\"(max-width: 768px) 100vw, 768px\" \/><figcaption> <br><em>&#8220;Mis ovejas escuchan mi voz, y yo las conozco, y ellas me siguen, y yo les doy la vida eterna; no perecer\u00e1n para siempre, y nadie las arrebatar\u00e1 de mi mano<\/em>\u201d. <\/figcaption><\/figure>\n\n\n\n<p>En la liturgia pascual continuamos leyendo el\nlibro de los Hechos de los Ap\u00f3stoles. El pasaje que leemos hoy (Hc 11,19-26) nos\npresenta a Bernab\u00e9 predicando exitosamente el Evangelio en Antioqu\u00eda. Entusiasmado\npor la acogida de la Palabra en Antioqu\u00eda, fue a buscar a Pablo y lo trajo a\nesa ciudad, en donde ambos permanecieron un a\u00f1o.<\/p>\n\n\n\n<p>Antioqu\u00eda se convirti\u00f3 en el gran centro de\nevangelizaci\u00f3n de mundo pagano. Tan visible fue el \u00e9xito de Pablo y Bernab\u00e9 en\nesta misi\u00f3n, y tan floreciente la comunidad de Antioqu\u00eda, que fue all\u00ed donde\npor primera vez llamaron \u201ccristianos\u201d a los seguidores de Jes\u00fas (11,26). Hasta\nentonces se les conoc\u00eda como los seguidores de \u201cel Camino\u201d. Cabe se\u00f1alar que la\npalabra \u201ccristiano\u201d fue utilizada inicialmente por los no creyentes como un\nt\u00e9rmino peyorativo, pero los seguidores de Jes\u00fas lo adoptaron con orgullo, al\npunto que se convirti\u00f3 en el \u201csello\u201d que hasta hoy denomina a los que seguimos\na Cristo.<\/p>\n\n\n\n<p>La lectura evang\u00e9lica (Jn 10,22-30) contin\u00faa\npresent\u00e1ndonos la figura de Jes\u00fas-Buen Pastor. El pasaje de hoy nos narra el\n\u00faltimo encuentro entre Jes\u00fas y los dirigentes jud\u00edos en el relato de Juan. Es\nel \u00faltimo intento de estos de lograr que Jes\u00fas acepte p\u00fablicamente ante ellos\nsu mesianismo: \u201c\u00bfHasta cu\u00e1ndo nos vas a tener en suspenso? Si t\u00fa eres el\nMes\u00edas, d\u00ednoslo francamente\u201d. La pregunta iba dirigida a hacerles m\u00e1s f\u00e1cil su\ntrabajo, pues ya para entonces la decisi\u00f3n estaba tomada: hab\u00eda que \u201celiminar\u201d\na Jes\u00fas.<\/p>\n\n\n\n<p>Jes\u00fas evade contestar directamente la pregunta\ny les remite a sus obras, que \u00c9l hace \u201cen nombre de [su] Padre\u201d. Pero los\ndirigentes jud\u00edos se niegan a creer porque est\u00e1n cegados. Aceptar que Jes\u00fas es\nel Mes\u00edas les quitar\u00eda su base de poder. Eso no les permite \u201cver\u201d las obras de\nJes\u00fas, y mucho menos escuchar su voz. \u201c<em>Pero\nvosotros no cre\u00e9is, porque no sois ovejas m\u00edas. Mis ovejas escuchan mi voz, y\nyo las conozco, y ellas me siguen, y yo les doy la vida eterna; no perecer\u00e1n\npara siempre, y nadie las arrebatar\u00e1 de mi mano<\/em>\u201d.<\/p>\n\n\n\n<p>De nuevo la referencia a la relaci\u00f3n entre el\npastor y sus ovejas: \u201cYo las conozco y ellas me siguen\u201d. Cuando hablamos de\n\u201cconocer\u201d en t\u00e9rminos b\u00edblicos, nos referimos a algo m\u00e1s que saber el nombre o\nreconocer a alguien. Ese verbo implica una intimidad que va m\u00e1s all\u00e1 de lo\ncotidiano. Y esa intimidad lleva a los verdaderos disc\u00edpulos de Jes\u00fas a\nseguirle sin reservas, a confiar plenamente el \u00c9l, a aceptar su camino, como\nlas ovejas que siguen la voz del pastor sabiendo que este les conducir\u00e1 a las\nverdes praderas, hacia fuentes tranquilas (<em>Cfr.<\/em> Sal 22). En el caso de\nlos que seguimos a Jes\u00fas, ese seguimiento es el que nos conduce a la \u201cVida\neterna\u201d.<\/p>\n\n\n\n<p>Vemos que Jes\u00fas siempre habla en plural al\nreferirse a nosotros como sus ovejas. Nos est\u00e1 diciendo que formamos parte de\nun pueblo, de un \u201creba\u00f1o\u201d, de una Iglesia; que nuestra salvaci\u00f3n no es\nindividual, que no podemos desentendernos de nuestros hermanos ni de nuestra Iglesia,\naunque en ocasiones nos sintamos inc\u00f3modos con alguien o algo. No podemos\ncaminar separados del \u201creba\u00f1o\u201d, pues si nos separamos del reba\u00f1o, nos separamos\ndel Pastor.<\/p>\n<div style=\"padding-bottom:20px; padding-top:10px;\" class=\"hupso-share-buttons\"><!-- Hupso Share Buttons - https:\/\/www.hupso.com\/share\/ --><a class=\"hupso_toolbar\" href=\"https:\/\/www.hupso.com\/share\/\"><img src=\"http:\/\/static.hupso.com\/share\/buttons\/lang\/es\/share-medium.png\" style=\"border:0px; padding-top: 5px; float:left;\" alt=\"Share Button\"\/><\/a><script type=\"text\/javascript\">var hupso_services_t=new Array(\"Twitter\",\"Facebook\",\"Google Plus\",\"Pinterest\",\"Linkedin\",\"Email\",\"Print\");var hupso_background_t=\"#EAF4FF\";var hupso_border_t=\"#66CCFF\";var hupso_toolbar_size_t=\"medium\";var hupso_image_folder_url = \"\";var hupso_twitter_via=\"hectorops\";var hupso_url_t=\"\";var hupso_title_t=\"REFLEXI%C3%93N%20PARA%20EL%20MARTES%20DE%20LA%20CUARTA%20SEMANA%20DE%20PASCUA%2005-05-20\";<\/script><script type=\"text\/javascript\" src=\"http:\/\/static.hupso.com\/share\/js\/share_toolbar.js\"><\/script><!-- Hupso Share Buttons --><\/div>","protected":false},"excerpt":{"rendered":"<p>En la liturgia pascual continuamos leyendo el libro de los Hechos de los Ap\u00f3stoles. El pasaje que leemos hoy (Hc 11,19-26) nos presenta a Bernab\u00e9 predicando exitosamente el Evangelio en Antioqu\u00eda. Entusiasmado por la acogida de la Palabra en Antioqu\u00eda, &hellip; <a href=\"http:\/\/delamanodemaria.com\/?p=13485\">Continue reading <span class=\"meta-nav\">&rarr;<\/span><\/a><\/p>\n<div style=\"padding-bottom:20px; padding-top:10px;\" class=\"hupso-share-buttons\"><!-- Hupso Share Buttons - https:\/\/www.hupso.com\/share\/ --><a class=\"hupso_toolbar\" href=\"https:\/\/www.hupso.com\/share\/\"><img src=\"http:\/\/static.hupso.com\/share\/buttons\/lang\/es\/share-medium.png\" style=\"border:0px; padding-top: 5px; float:left;\" alt=\"Share Button\"\/><\/a><script type=\"text\/javascript\">var hupso_services_t=new Array(\"Twitter\",\"Facebook\",\"Google Plus\",\"Pinterest\",\"Linkedin\",\"Email\",\"Print\");var hupso_background_t=\"#EAF4FF\";var hupso_border_t=\"#66CCFF\";var hupso_toolbar_size_t=\"medium\";var hupso_image_folder_url = \"\";var hupso_twitter_via=\"hectorops\";var hupso_url_t=\"\";var hupso_title_t=\"REFLEXI%C3%93N%20PARA%20EL%20MARTES%20DE%20LA%20CUARTA%20SEMANA%20DE%20PASCUA%2005-05-20\";<\/script><script type=\"text\/javascript\" src=\"http:\/\/static.hupso.com\/share\/js\/share_toolbar.js\"><\/script><!-- Hupso Share Buttons --><\/div>","protected":false},"author":1,"featured_media":13487,"comment_status":"open","ping_status":"open","sticky":false,"template":"","format":"standard","meta":{"jetpack_post_was_ever_published":false,"_jetpack_newsletter_access":"","_jetpack_newsletter_tier_id":0,"jetpack_publicize_message":"","jetpack_is_tweetstorm":false,"jetpack_publicize_feature_enabled":true,"jetpack_social_post_already_shared":true,"jetpack_social_options":{"image_generator_settings":{"template":"highway","enabled":false}}},"categories":[1],"tags":[662,1306,106,1961,701,3907,2241,137,139,238,528,786,111,834,42,311,2,2482,1303,144,86,1958],"jetpack_publicize_connections":[],"jetpack_featured_media_url":"http:\/\/delamanodemaria.com\/wp-content\/uploads\/2020\/05\/Juan-10-22-30.jpg","jetpack_shortlink":"https:\/\/wp.me\/p3bBgS-3vv","jetpack_sharing_enabled":true,"jetpack_likes_enabled":true,"_links":{"self":[{"href":"http:\/\/delamanodemaria.com\/index.php?rest_route=\/wp\/v2\/posts\/13485"}],"collection":[{"href":"http:\/\/delamanodemaria.com\/index.php?rest_route=\/wp\/v2\/posts"}],"about":[{"href":"http:\/\/delamanodemaria.com\/index.php?rest_route=\/wp\/v2\/types\/post"}],"author":[{"embeddable":true,"href":"http:\/\/delamanodemaria.com\/index.php?rest_route=\/wp\/v2\/users\/1"}],"replies":[{"embeddable":true,"href":"http:\/\/delamanodemaria.com\/index.php?rest_route=%2Fwp%2Fv2%2Fcomments&post=13485"}],"version-history":[{"count":2,"href":"http:\/\/delamanodemaria.com\/index.php?rest_route=\/wp\/v2\/posts\/13485\/revisions"}],"predecessor-version":[{"id":13488,"href":"http:\/\/delamanodemaria.com\/index.php?rest_route=\/wp\/v2\/posts\/13485\/revisions\/13488"}],"wp:featuredmedia":[{"embeddable":true,"href":"http:\/\/delamanodemaria.com\/index.php?rest_route=\/wp\/v2\/media\/13487"}],"wp:attachment":[{"href":"http:\/\/delamanodemaria.com\/index.php?rest_route=%2Fwp%2Fv2%2Fmedia&parent=13485"}],"wp:term":[{"taxonomy":"category","embeddable":true,"href":"http:\/\/delamanodemaria.com\/index.php?rest_route=%2Fwp%2Fv2%2Fcategories&post=13485"},{"taxonomy":"post_tag","embeddable":true,"href":"http:\/\/delamanodemaria.com\/index.php?rest_route=%2Fwp%2Fv2%2Ftags&post=13485"}],"curies":[{"name":"wp","href":"https:\/\/api.w.org\/{rel}","templated":true}]}}