{"id":13541,"date":"2020-05-12T16:54:44","date_gmt":"2020-05-12T20:54:44","guid":{"rendered":"http:\/\/delamanodemaria.com\/?p=13541"},"modified":"2020-05-12T16:54:44","modified_gmt":"2020-05-12T20:54:44","slug":"reflexion-para-el-miercoles-de-la-quinta-semana-de-pascua-13-05-20","status":"publish","type":"post","link":"http:\/\/delamanodemaria.com\/?p=13541","title":{"rendered":"REFLEXI\u00d3N PARA EL MI\u00c9RCOLES DE LA QUINTA SEMANA DE PASCUA 13-05-20"},"content":{"rendered":"\n<figure class=\"wp-block-image\"><img decoding=\"async\" loading=\"lazy\" width=\"800\" height=\"400\" src=\"http:\/\/delamanodemaria.com\/wp-content\/uploads\/2020\/05\/Yo-soy-la-vid.jpg\" alt=\"\" class=\"wp-image-13544\" srcset=\"http:\/\/delamanodemaria.com\/wp-content\/uploads\/2020\/05\/Yo-soy-la-vid.jpg 800w, http:\/\/delamanodemaria.com\/wp-content\/uploads\/2020\/05\/Yo-soy-la-vid-300x150.jpg 300w, http:\/\/delamanodemaria.com\/wp-content\/uploads\/2020\/05\/Yo-soy-la-vid-768x384.jpg 768w, http:\/\/delamanodemaria.com\/wp-content\/uploads\/2020\/05\/Yo-soy-la-vid-500x250.jpg 500w\" sizes=\"(max-width: 800px) 100vw, 800px\" \/><figcaption>\u201cYo soy la verdadera vid, y mi Padre es el labrador\u201d. <\/figcaption><\/figure>\n\n\n\n<p>Hoy celebramos la memoria de Nuestra Se\u00f1ora de F\u00e1tima. <a href=\"http:\/\/delamanodemaria.com\/?p=13532\" target=\"_blank\" rel=\"noreferrer noopener\" aria-label=\"En otro lugar hemos publicado una reflexi\u00f3n sobre las apariciones relacionadas con esta advocaci\u00f3n (opens in a new tab)\">En otro lugar hemos publicado una reflexi\u00f3n sobre las apariciones relacionadas con esta advocaci\u00f3n<\/a>.<\/p>\n\n\n\n<p>La lectura evang\u00e9lica que nos propone la liturgia para hoy (Jn 15,1-8) nos presenta otro de los famosos \u201cYo soy\u201d que encontramos en el relato evang\u00e9lico de Juan: <em>Yo soy la verdadera vid<\/em>. No se trata de una par\u00e1bola, en la que Jes\u00fas utiliza una breve comparaci\u00f3n basada en una experiencia cotidiana de la vida, imaginaria o real, con el prop\u00f3sito de ense\u00f1ar una verdad espiritual. Aqu\u00ed se trata de una afirmaci\u00f3n absoluta de Jes\u00fas: \u201cYo soy la verdadera vid, y mi Padre es el labrador\u201d.<\/p>\n\n\n\n<p>A partir de esa afirmaci\u00f3n, Jes\u00fas desarrolla\nuna alegor\u00eda que nos presenta unos elementos en transposici\u00f3n: la vid (Jes\u00fas),\nlos sarmientos (los disc\u00edpulos) y el labrador (el Padre). Hay otro elemento\nadicional que es el instrumento de limpieza y poda, que es la Palabra de Jes\u00fas:\n\u201cA todo sarmiento m\u00edo que no da fruto lo arranca, y a todo el que da fruto lo\npoda, para que d\u00e9 m\u00e1s fruto. Vosotros ya est\u00e1is limpios por las palabras que os\nhe hablado\u201d.<\/p>\n\n\n\n<p>Jes\u00fas est\u00e1 diciendo a sus disc\u00edpulos que ellos\nhan sido \u201cpodados\u201d, han sido limpiados por la Palabra del Padre que han\nrecibido de \u00c9l, con el mismo cuidado y diligencia que un labrador poda \u201ca todo\nel que da fruto\u2026 para que d\u00e9 m\u00e1s fruto\u201d.<\/p>\n\n\n\n<p>Esta conversaci\u00f3n de Jes\u00fas con sus disc\u00edpulos\nse da en el contexto de la sobremesa de la \u00faltima cena. Jes\u00fas sabe que el fin\nde su vida terrena est\u00e1 cerca; de ah\u00ed su insistencia en que los disc\u00edpulos\npermanezcan unidos a \u00c9l, pues sabe que a ellos les queda una larga y ardua\nmisi\u00f3n por delante. Y solo permaneciendo unidos a \u00c9l y a su Palabra, podr\u00e1n\ntener \u00e9xito. Juan recalca esa insistencia, poniendo siete veces (la insistencia\nde Juan en el n\u00famero 7) en labios de Jes\u00fas el verbo \u201cpermanecer\u201d, entre los\nvers\u00edculos 4 al 8.<\/p>\n\n\n\n<p>A pesar de que al principio de la alegor\u00eda se\nnos presenta al Padre como el labrador, el \u00e9nfasis del relato est\u00e1 en la\nrelaci\u00f3n entre la vid y los sarmientos, es decir, entre Jes\u00fas y sus disc\u00edpulos;\nl\u00e9ase nosotros. Y el v\u00ednculo, la savia que mantiene con vida a los sarmientos,\nes la Palabra de Jes\u00fas. Esa comunicaci\u00f3n entre Jes\u00fas y nosotros a trav\u00e9s de su\nPalabra es la que nos mantiene \u201climpios\u201d, nos va \u201cpodando\u201d constantemente para\nque demos fruto. Si nos alejamos de su Palabra, no podemos dar fruto; entonces\nel Labrador nos \u201carrancar\u00e1\u201d, nos tirar\u00e1n afuera y nos secaremos, para luego ser\nrecogidos y echados al fuego. Mateo nos presenta un lenguaje similar de parte\nde Jes\u00fas, cuando sus disc\u00edpulos le dicen que los fariseos se hab\u00edan\nescandalizado por sus palabras: \u201cToda planta que no haya plantado mi Padre\ncelestial, ser\u00e1 arrancada de ra\u00edz\u201d (Mt 15,14).<\/p>\n\n\n\n<p>Jes\u00fas nos est\u00e1 invitando a seguirlo, pero ese\nseguimiento implica constancia, \u201cpermanencia\u201d; permanencia en el seguimiento y\npermanencia en su Palabra. \u201cNadie que pone la mano en el arado y mira hacia\natr\u00e1s es apto para el Reino\u201d (Lc 9,62).&nbsp;\nComo reiteramos constantemente, si no nos limitamos meramente a creer en\nJes\u00fas, sino que le creemos a Jes\u00fas, entonces permaneceremos en \u00c9l, y \u00c9l\npermanecer\u00e1 en nosotros; y todo lo que le pidamos se realizar\u00e1. \u00bfExiste promesa\nmejor?<\/p>\n<div style=\"padding-bottom:20px; padding-top:10px;\" class=\"hupso-share-buttons\"><!-- Hupso Share Buttons - https:\/\/www.hupso.com\/share\/ --><a class=\"hupso_toolbar\" href=\"https:\/\/www.hupso.com\/share\/\"><img src=\"http:\/\/static.hupso.com\/share\/buttons\/lang\/es\/share-medium.png\" style=\"border:0px; padding-top: 5px; float:left;\" alt=\"Share Button\"\/><\/a><script type=\"text\/javascript\">var hupso_services_t=new Array(\"Twitter\",\"Facebook\",\"Google Plus\",\"Pinterest\",\"Linkedin\",\"Email\",\"Print\");var hupso_background_t=\"#EAF4FF\";var hupso_border_t=\"#66CCFF\";var hupso_toolbar_size_t=\"medium\";var hupso_image_folder_url = \"\";var hupso_twitter_via=\"hectorops\";var hupso_url_t=\"\";var hupso_title_t=\"REFLEXI%C3%93N%20PARA%20EL%20MI%C3%89RCOLES%20DE%20LA%20QUINTA%20SEMANA%20DE%20PASCUA%2013-05-20\";<\/script><script type=\"text\/javascript\" src=\"http:\/\/static.hupso.com\/share\/js\/share_toolbar.js\"><\/script><!-- Hupso Share Buttons --><\/div>","protected":false},"excerpt":{"rendered":"<p>Hoy celebramos la memoria de Nuestra Se\u00f1ora de F\u00e1tima. En otro lugar hemos publicado una reflexi\u00f3n sobre las apariciones relacionadas con esta advocaci\u00f3n. La lectura evang\u00e9lica que nos propone la liturgia para hoy (Jn 15,1-8) nos presenta otro de los &hellip; <a href=\"http:\/\/delamanodemaria.com\/?p=13541\">Continue reading <span class=\"meta-nav\">&rarr;<\/span><\/a><\/p>\n<div style=\"padding-bottom:20px; padding-top:10px;\" class=\"hupso-share-buttons\"><!-- Hupso Share Buttons - https:\/\/www.hupso.com\/share\/ --><a class=\"hupso_toolbar\" href=\"https:\/\/www.hupso.com\/share\/\"><img src=\"http:\/\/static.hupso.com\/share\/buttons\/lang\/es\/share-medium.png\" style=\"border:0px; padding-top: 5px; float:left;\" alt=\"Share Button\"\/><\/a><script type=\"text\/javascript\">var hupso_services_t=new Array(\"Twitter\",\"Facebook\",\"Google Plus\",\"Pinterest\",\"Linkedin\",\"Email\",\"Print\");var hupso_background_t=\"#EAF4FF\";var hupso_border_t=\"#66CCFF\";var hupso_toolbar_size_t=\"medium\";var hupso_image_folder_url = \"\";var hupso_twitter_via=\"hectorops\";var hupso_url_t=\"\";var hupso_title_t=\"REFLEXI%C3%93N%20PARA%20EL%20MI%C3%89RCOLES%20DE%20LA%20QUINTA%20SEMANA%20DE%20PASCUA%2013-05-20\";<\/script><script type=\"text\/javascript\" src=\"http:\/\/static.hupso.com\/share\/js\/share_toolbar.js\"><\/script><!-- Hupso Share Buttons --><\/div>","protected":false},"author":1,"featured_media":13544,"comment_status":"open","ping_status":"open","sticky":false,"template":"","format":"standard","meta":{"jetpack_post_was_ever_published":false,"_jetpack_newsletter_access":"","_jetpack_newsletter_tier_id":0,"jetpack_publicize_message":"","jetpack_is_tweetstorm":false,"jetpack_publicize_feature_enabled":true,"jetpack_social_post_already_shared":true,"jetpack_social_options":{"image_generator_settings":{"template":"highway","enabled":false}}},"categories":[1],"tags":[3007,423,70,2241,1972,13,1316,834,42,1317,1974,2,540,536],"jetpack_publicize_connections":[],"jetpack_featured_media_url":"http:\/\/delamanodemaria.com\/wp-content\/uploads\/2020\/05\/Yo-soy-la-vid.jpg","jetpack_shortlink":"https:\/\/wp.me\/p3bBgS-3wp","jetpack_sharing_enabled":true,"jetpack_likes_enabled":true,"_links":{"self":[{"href":"http:\/\/delamanodemaria.com\/index.php?rest_route=\/wp\/v2\/posts\/13541"}],"collection":[{"href":"http:\/\/delamanodemaria.com\/index.php?rest_route=\/wp\/v2\/posts"}],"about":[{"href":"http:\/\/delamanodemaria.com\/index.php?rest_route=\/wp\/v2\/types\/post"}],"author":[{"embeddable":true,"href":"http:\/\/delamanodemaria.com\/index.php?rest_route=\/wp\/v2\/users\/1"}],"replies":[{"embeddable":true,"href":"http:\/\/delamanodemaria.com\/index.php?rest_route=%2Fwp%2Fv2%2Fcomments&post=13541"}],"version-history":[{"count":3,"href":"http:\/\/delamanodemaria.com\/index.php?rest_route=\/wp\/v2\/posts\/13541\/revisions"}],"predecessor-version":[{"id":13545,"href":"http:\/\/delamanodemaria.com\/index.php?rest_route=\/wp\/v2\/posts\/13541\/revisions\/13545"}],"wp:featuredmedia":[{"embeddable":true,"href":"http:\/\/delamanodemaria.com\/index.php?rest_route=\/wp\/v2\/media\/13544"}],"wp:attachment":[{"href":"http:\/\/delamanodemaria.com\/index.php?rest_route=%2Fwp%2Fv2%2Fmedia&parent=13541"}],"wp:term":[{"taxonomy":"category","embeddable":true,"href":"http:\/\/delamanodemaria.com\/index.php?rest_route=%2Fwp%2Fv2%2Fcategories&post=13541"},{"taxonomy":"post_tag","embeddable":true,"href":"http:\/\/delamanodemaria.com\/index.php?rest_route=%2Fwp%2Fv2%2Ftags&post=13541"}],"curies":[{"name":"wp","href":"https:\/\/api.w.org\/{rel}","templated":true}]}}