{"id":13714,"date":"2020-06-10T16:35:21","date_gmt":"2020-06-10T20:35:21","guid":{"rendered":"http:\/\/delamanodemaria.com\/?p=13714"},"modified":"2020-06-10T16:35:21","modified_gmt":"2020-06-10T20:35:21","slug":"reflexion-para-la-memoria-obligatoria-de-san-bernabe-apostol-11-06-20","status":"publish","type":"post","link":"http:\/\/delamanodemaria.com\/?p=13714","title":{"rendered":"REFLEXI\u00d3N PARA LA MEMORIA OBLIGATORIA DE SAN BERNAB\u00c9, AP\u00d3STOL 11-06-20"},"content":{"rendered":"\n<figure class=\"wp-block-image\"><img decoding=\"async\" loading=\"lazy\" width=\"600\" height=\"334\" src=\"http:\/\/delamanodemaria.com\/wp-content\/uploads\/2016\/06\/san-bernabe-2.jpg\" alt=\"\" class=\"wp-image-7327\" srcset=\"http:\/\/delamanodemaria.com\/wp-content\/uploads\/2016\/06\/san-bernabe-2.jpg 600w, http:\/\/delamanodemaria.com\/wp-content\/uploads\/2016\/06\/san-bernabe-2-300x167.jpg 300w, http:\/\/delamanodemaria.com\/wp-content\/uploads\/2016\/06\/san-bernabe-2-500x278.jpg 500w\" sizes=\"(max-width: 600px) 100vw, 600px\" \/><\/figure>\n\n\n\n<p class=\"has-drop-cap\">Hoy celebramos la memoria obligatoria de san\nBernab\u00e9, ap\u00f3stol. Bernab\u00e9 no fue uno de los \u201cdoce\u201d elegidos por Jes\u00fas. No\nobstante, desde los comienzos de la Iglesia fue considerado ap\u00f3stol,\nprimordialmente por su amplia labor apost\u00f3lica y la misi\u00f3n que el Esp\u00edritu\nSanto le encomend\u00f3, seg\u00fan nos relata Lucas en la primera lectura de hoy (Hc\n11,21b-26;13,1-39).<\/p>\n\n\n\n<p>Bernab\u00e9 era levita (de la tribu de Lev\u00ed)\noriundo de Chipre. Su nombre era Jos\u00e9, pero este le fue cambiado por los\nap\u00f3stoles a Bernab\u00e9, que quiere decir \u201chijo de la exhortaci\u00f3n\u201d, se menciona en\nel libro de los Hechos de los Ap\u00f3stoles por su generosidad, habiendo vendido\nuna propiedad que ten\u00eda y puesto su importe a disposici\u00f3n de los ap\u00f3stoles (4,36).<\/p>\n\n\n\n<p>La lectura nos presenta a Bernab\u00e9 predicando\nexitosamente el Evangelio en Antioqu\u00eda: \u201ccomo era hombre de bien, lleno de\nEsp\u00edritu Santo y de fe, una multitud considerable se adhiri\u00f3 al Se\u00f1or\u201d.\nEntusiasmado por la acogida de la Palabra en Antioqu\u00eda, fue a buscar a Pablo y\nlo trajo a esa ciudad, en donde ambos permanecieron un a\u00f1o. Antioqu\u00eda se\nconvirti\u00f3 en el gran centro de evangelizaci\u00f3n de mundo pagano. Nos dice la\nlectura que en aqu\u00e9l lugar \u201chab\u00eda profetas y maestros\u201d. Tan visible fue el\n\u00e9xito de Pablo y Bernab\u00e9 en esta misi\u00f3n, y tan floreciente la comunidad de\nAntioqu\u00eda, que fue all\u00ed donde por primera vez llamaron \u201ccristianos\u201d a los\nseguidores de Jes\u00fas (11,26c). Hasta entonces se les conoc\u00eda como los seguidores\ndel \u201cCamino\u201d.<\/p>\n\n\n\n<p>Hemos dicho en ocasiones anteriores que el\nlibro de los Hechos de los Ap\u00f3stoles se conoce como el \u201cEvangelio del Esp\u00edritu\nSanto\u201d, porque recoge la actividad divina del Esp\u00edritu Santo en el desarrollo\nde la Iglesia. As\u00ed, la lectura nos dice que mientras la comunidad ayunaba y\ndaba culto al Se\u00f1or, \u201cdijo el Esp\u00edritu Santo: \u2018Apartadme a Bernab\u00e9 y a Saulo\npara la misi\u00f3n a que los he llamado\u2019. Volvieron a ayunar y a orar, les\nimpusieron las manos y los despidieron\u201d. De all\u00ed partir\u00edan a evangelizar\nSeleucia, Chipre, Pafos, Perge de Panfilia, Iconio, Laconia y Listra, para\nluego regresar a Antioqu\u00eda. Una lectura de los cap\u00edtulos 13-15 de los Hechos de\nlos Ap\u00f3stoles nos revela la extensi\u00f3n de la labor apost\u00f3lica de Pablo y\nBernab\u00e9, y c\u00f3mo el Esp\u00edritu Santo actuaba poderosamente efectuando conversiones\ny haciendo toda clase de milagros, y protegi\u00e9ndolos, salv\u00e1ndolos de ser\nlapidados.<\/p>\n\n\n\n<p>\u00a1Ojal\u00e1 nuestras comunidades de fe estuvieran\ntan atentas y d\u00f3ciles al Esp\u00edritu Santo como aquella comunidad de Antioqu\u00eda!<\/p>\n\n\n\n<p>La Tradici\u00f3n nos presenta a Bernab\u00e9 llegando a\nser obispo de Mil\u00e1n, y martirizado alrededor del a\u00f1o 60 en Salamina.<\/p>\n\n\n\n<p>\u201cSe\u00f1or Dios nuestro, la Iglesia de Antioqu\u00eda,\nmovida por el Esp\u00edritu Santo, envi\u00f3 a Pablo y Bernab\u00e9 en misi\u00f3n apost\u00f3lica\nentre paganos. Que la Iglesia de hoy, en cualquier parte del mundo, env\u00ede\nbuenos y celosos hombres y mujeres a anunciar el Evangelio. Llena a todos los\nmisioneros con el Esp\u00edritu Santo y con gran fe, para que puedan tocar los\ncorazones de los hombres y los ganen como disc\u00edpulos y amigos de Jesucristo\nnuestro Se\u00f1or\u201d (Oraci\u00f3n Colecta).<\/p>\n<div style=\"padding-bottom:20px; padding-top:10px;\" class=\"hupso-share-buttons\"><!-- Hupso Share Buttons - https:\/\/www.hupso.com\/share\/ --><a class=\"hupso_toolbar\" href=\"https:\/\/www.hupso.com\/share\/\"><img src=\"http:\/\/static.hupso.com\/share\/buttons\/lang\/es\/share-medium.png\" style=\"border:0px; padding-top: 5px; float:left;\" alt=\"Share Button\"\/><\/a><script type=\"text\/javascript\">var hupso_services_t=new Array(\"Twitter\",\"Facebook\",\"Google Plus\",\"Pinterest\",\"Linkedin\",\"Email\",\"Print\");var hupso_background_t=\"#EAF4FF\";var hupso_border_t=\"#66CCFF\";var hupso_toolbar_size_t=\"medium\";var hupso_image_folder_url = \"\";var hupso_twitter_via=\"hectorops\";var hupso_url_t=\"\";var hupso_title_t=\"REFLEXI%C3%93N%20PARA%20LA%20MEMORIA%20OBLIGATORIA%20DE%20SAN%20BERNAB%C3%89%2C%20AP%C3%93STOL%2011-06-20\";<\/script><script type=\"text\/javascript\" src=\"http:\/\/static.hupso.com\/share\/js\/share_toolbar.js\"><\/script><!-- Hupso Share Buttons --><\/div>","protected":false},"excerpt":{"rendered":"<p>Hoy celebramos la memoria obligatoria de san Bernab\u00e9, ap\u00f3stol. Bernab\u00e9 no fue uno de los \u201cdoce\u201d elegidos por Jes\u00fas. No obstante, desde los comienzos de la Iglesia fue considerado ap\u00f3stol, primordialmente por su amplia labor apost\u00f3lica y la misi\u00f3n que &hellip; <a href=\"http:\/\/delamanodemaria.com\/?p=13714\">Continue reading <span class=\"meta-nav\">&rarr;<\/span><\/a><\/p>\n<div style=\"padding-bottom:20px; padding-top:10px;\" class=\"hupso-share-buttons\"><!-- Hupso Share Buttons - https:\/\/www.hupso.com\/share\/ --><a class=\"hupso_toolbar\" href=\"https:\/\/www.hupso.com\/share\/\"><img src=\"http:\/\/static.hupso.com\/share\/buttons\/lang\/es\/share-medium.png\" style=\"border:0px; padding-top: 5px; float:left;\" alt=\"Share Button\"\/><\/a><script type=\"text\/javascript\">var hupso_services_t=new Array(\"Twitter\",\"Facebook\",\"Google Plus\",\"Pinterest\",\"Linkedin\",\"Email\",\"Print\");var hupso_background_t=\"#EAF4FF\";var hupso_border_t=\"#66CCFF\";var hupso_toolbar_size_t=\"medium\";var hupso_image_folder_url = \"\";var hupso_twitter_via=\"hectorops\";var hupso_url_t=\"\";var hupso_title_t=\"REFLEXI%C3%93N%20PARA%20LA%20MEMORIA%20OBLIGATORIA%20DE%20SAN%20BERNAB%C3%89%2C%20AP%C3%93STOL%2011-06-20\";<\/script><script type=\"text\/javascript\" src=\"http:\/\/static.hupso.com\/share\/js\/share_toolbar.js\"><\/script><!-- Hupso Share Buttons --><\/div>","protected":false},"author":1,"featured_media":7327,"comment_status":"open","ping_status":"open","sticky":false,"template":"","format":"standard","meta":{"jetpack_post_was_ever_published":false,"_jetpack_newsletter_access":"","_jetpack_newsletter_tier_id":0,"jetpack_publicize_message":"","jetpack_is_tweetstorm":false,"jetpack_publicize_feature_enabled":true,"jetpack_social_post_already_shared":true,"jetpack_social_options":{"image_generator_settings":{"template":"highway","enabled":false}}},"categories":[1],"tags":[662,364,537,4012,701,569,4011,29,137,4013,3020,1447,112,2993,2,188,418],"jetpack_publicize_connections":[],"jetpack_featured_media_url":"http:\/\/delamanodemaria.com\/wp-content\/uploads\/2016\/06\/san-bernabe-2.jpg","jetpack_shortlink":"https:\/\/wp.me\/p3bBgS-3zc","jetpack_sharing_enabled":true,"jetpack_likes_enabled":true,"_links":{"self":[{"href":"http:\/\/delamanodemaria.com\/index.php?rest_route=\/wp\/v2\/posts\/13714"}],"collection":[{"href":"http:\/\/delamanodemaria.com\/index.php?rest_route=\/wp\/v2\/posts"}],"about":[{"href":"http:\/\/delamanodemaria.com\/index.php?rest_route=\/wp\/v2\/types\/post"}],"author":[{"embeddable":true,"href":"http:\/\/delamanodemaria.com\/index.php?rest_route=\/wp\/v2\/users\/1"}],"replies":[{"embeddable":true,"href":"http:\/\/delamanodemaria.com\/index.php?rest_route=%2Fwp%2Fv2%2Fcomments&post=13714"}],"version-history":[{"count":3,"href":"http:\/\/delamanodemaria.com\/index.php?rest_route=\/wp\/v2\/posts\/13714\/revisions"}],"predecessor-version":[{"id":13717,"href":"http:\/\/delamanodemaria.com\/index.php?rest_route=\/wp\/v2\/posts\/13714\/revisions\/13717"}],"wp:featuredmedia":[{"embeddable":true,"href":"http:\/\/delamanodemaria.com\/index.php?rest_route=\/wp\/v2\/media\/7327"}],"wp:attachment":[{"href":"http:\/\/delamanodemaria.com\/index.php?rest_route=%2Fwp%2Fv2%2Fmedia&parent=13714"}],"wp:term":[{"taxonomy":"category","embeddable":true,"href":"http:\/\/delamanodemaria.com\/index.php?rest_route=%2Fwp%2Fv2%2Fcategories&post=13714"},{"taxonomy":"post_tag","embeddable":true,"href":"http:\/\/delamanodemaria.com\/index.php?rest_route=%2Fwp%2Fv2%2Ftags&post=13714"}],"curies":[{"name":"wp","href":"https:\/\/api.w.org\/{rel}","templated":true}]}}