{"id":13791,"date":"2020-06-26T16:47:20","date_gmt":"2020-06-26T20:47:20","guid":{"rendered":"http:\/\/delamanodemaria.com\/?p=13791"},"modified":"2020-06-26T16:47:20","modified_gmt":"2020-06-26T20:47:20","slug":"reflexion-para-el-sabado-de-la-duodecima-semana-del-t-o-2-27-06-20","status":"publish","type":"post","link":"http:\/\/delamanodemaria.com\/?p=13791","title":{"rendered":"REFLEXI\u00d3N PARA EL S\u00c1BADO DE LA DUOD\u00c9CIMA SEMANA DEL T.O. (2) 27-06-20"},"content":{"rendered":"\n<figure class=\"wp-block-image\"><img decoding=\"async\" loading=\"lazy\" width=\"588\" height=\"432\" src=\"http:\/\/delamanodemaria.com\/wp-content\/uploads\/2015\/06\/la-fe-del-centurion.jpg\" alt=\"\" class=\"wp-image-5608\" srcset=\"http:\/\/delamanodemaria.com\/wp-content\/uploads\/2015\/06\/la-fe-del-centurion.jpg 588w, http:\/\/delamanodemaria.com\/wp-content\/uploads\/2015\/06\/la-fe-del-centurion-300x220.jpg 300w, http:\/\/delamanodemaria.com\/wp-content\/uploads\/2015\/06\/la-fe-del-centurion-408x300.jpg 408w\" sizes=\"(max-width: 588px) 100vw, 588px\" \/><figcaption>\u201cOs aseguro que en Israel no he encontrado en nadie tanta fe. Vuelve a casa, que se cumpla lo que has cre\u00eddo\u201d. <\/figcaption><\/figure>\n\n\n\n<p>La lectura evang\u00e9lica que nos ofrece la\nliturgia de hoy (Mt 8,5-17) nos narra el episodio del centuri\u00f3n que le pide a\nJes\u00fas que cure a su criado que est\u00e1 muy enfermo.<\/p>\n\n\n\n<p>Tres cosas queremos resaltar de este pasaje:<\/p>\n\n\n\n<p>En primer lugar, el hecho de que este es el\nsegundo milagro de Jes\u00fas que nos narra Mateo. El primero hab\u00eda sido para un\nmiembro del pueblo de Dios; la curaci\u00f3n de un leproso (8,2-4). Ahora, el\nsegundo, inmediatamente despu\u00e9s, es para un pagano. Y no solo un pagano, sino\nun representante del ej\u00e9rcito de ocupaci\u00f3n. Esto nos apunta hacia la\nuniversalidad del Reino, al hecho de que la salvaci\u00f3n no est\u00e1 reservada al\n\u201cpueblo elegido\u201d sino que la ley del amor que Jes\u00fas vino a predicar aplica toda\nla humanidad, jud\u00edos y gentiles, \u201cbuenos\u201d y \u201cmalos\u201d.<\/p>\n\n\n\n<p>En segundo lugar, vemos la humildad del\ncenturi\u00f3n ante la persona de Jes\u00fas (\u201cSe\u00f1or, no soy qui\u00e9n para que entres bajo\nmi techo\u201d). El centuri\u00f3n est\u00e1 genuinamente preocupado por la salud de su\ncriado. Seguramente ha o\u00eddo hablar de Jes\u00fas y, a pesar de su rango y posici\u00f3n, no\ntiene reparos en humillarse ante \u00c9l para interceder por su criado. No pide por\n\u00e9l, sino por su amigo. Tampoco le dice lo que tiene que hacer; se limita a\nplantearle la situaci\u00f3n: \u201cSe\u00f1or, tengo en casa un criado que est\u00e1 en cama\nparal\u00edtico y sufre mucho\u201d. Esta lectura nos hace preguntarnos: Mi oraci\u00f3n, \u00bfse\ncentra solo en mi persona y mis necesidades, o pido tambi\u00e9n por otros? \u00bfConf\u00edo\nen la providencia divina, o pretendo darle \u201cinstrucciones\u201d a Dios sobre c\u00f3mo atender\nmi s\u00faplica?<\/p>\n\n\n\n<p>Finalmente, ese pagano nos ofrece una lecci\u00f3n de fe: \u201cBasta que lo digas de palabra, y mi criado quedar\u00e1 sano\u201d. Jes\u00fas se admir\u00f3 ante esa demostraci\u00f3n de fe y la premia: \u201cOs aseguro que en Israel no he encontrado en nadie tanta fe. Vuelve a casa, que se cumpla lo que has cre\u00eddo\u201d.<\/p>\n\n\n\n<p>Pero antes de pronunciar estas palabras, al reconocer la fe del centuri\u00f3n, Jes\u00fas reafirma la universalidad de la salvaci\u00f3n: \u201cOs aseguro que en Israel no he encontrado en nadie tanta fe. Os digo que vendr\u00e1n muchos de oriente y occidente y se sentar\u00e1n con Abrah\u00e1n, Isaac y Jacob en el reino de los cielos; en cambio, a los ciudadanos del reino los echar\u00e1n fuera, a las tinieblas. All\u00ed ser\u00e1 el llanto y el rechinar de dientes\u201d.<\/p>\n\n\n\n<p>Cada vez que participamos de la celebraci\u00f3n\neucar\u00edstica, en el rito de comuni\u00f3n, decimos: \u201cSe\u00f1or, no soy digno de que ente\nen mi casa, pero una palabra tuya bastar\u00e1 para sanarme\u201d. Hoy debemos decir\n\u201c\u00a1Se\u00f1or, dame la fe del centuri\u00f3n!\u201d<\/p>\n<div style=\"padding-bottom:20px; padding-top:10px;\" class=\"hupso-share-buttons\"><!-- Hupso Share Buttons - https:\/\/www.hupso.com\/share\/ --><a class=\"hupso_toolbar\" href=\"https:\/\/www.hupso.com\/share\/\"><img src=\"http:\/\/static.hupso.com\/share\/buttons\/lang\/es\/share-medium.png\" style=\"border:0px; padding-top: 5px; float:left;\" alt=\"Share Button\"\/><\/a><script type=\"text\/javascript\">var hupso_services_t=new Array(\"Twitter\",\"Facebook\",\"Google Plus\",\"Pinterest\",\"Linkedin\",\"Email\",\"Print\");var hupso_background_t=\"#EAF4FF\";var hupso_border_t=\"#66CCFF\";var hupso_toolbar_size_t=\"medium\";var hupso_image_folder_url = \"\";var hupso_twitter_via=\"hectorops\";var hupso_url_t=\"\";var hupso_title_t=\"REFLEXI%C3%93N%20PARA%20EL%20S%C3%81BADO%20DE%20LA%20DUOD%C3%89CIMA%20SEMANA%20DEL%20T.O.%20%282%29%2027-06-20\";<\/script><script type=\"text\/javascript\" src=\"http:\/\/static.hupso.com\/share\/js\/share_toolbar.js\"><\/script><!-- Hupso Share Buttons --><\/div>","protected":false},"excerpt":{"rendered":"<p>La lectura evang\u00e9lica que nos ofrece la liturgia de hoy (Mt 8,5-17) nos narra el episodio del centuri\u00f3n que le pide a Jes\u00fas que cure a su criado que est\u00e1 muy enfermo. Tres cosas queremos resaltar de este pasaje: En &hellip; <a href=\"http:\/\/delamanodemaria.com\/?p=13791\">Continue reading <span class=\"meta-nav\">&rarr;<\/span><\/a><\/p>\n<div style=\"padding-bottom:20px; padding-top:10px;\" class=\"hupso-share-buttons\"><!-- Hupso Share Buttons - https:\/\/www.hupso.com\/share\/ --><a class=\"hupso_toolbar\" href=\"https:\/\/www.hupso.com\/share\/\"><img src=\"http:\/\/static.hupso.com\/share\/buttons\/lang\/es\/share-medium.png\" style=\"border:0px; padding-top: 5px; float:left;\" alt=\"Share Button\"\/><\/a><script type=\"text\/javascript\">var hupso_services_t=new Array(\"Twitter\",\"Facebook\",\"Google Plus\",\"Pinterest\",\"Linkedin\",\"Email\",\"Print\");var hupso_background_t=\"#EAF4FF\";var hupso_border_t=\"#66CCFF\";var hupso_toolbar_size_t=\"medium\";var hupso_image_folder_url = \"\";var hupso_twitter_via=\"hectorops\";var hupso_url_t=\"\";var hupso_title_t=\"REFLEXI%C3%93N%20PARA%20EL%20S%C3%81BADO%20DE%20LA%20DUOD%C3%89CIMA%20SEMANA%20DEL%20T.O.%20%282%29%2027-06-20\";<\/script><script type=\"text\/javascript\" src=\"http:\/\/static.hupso.com\/share\/js\/share_toolbar.js\"><\/script><!-- Hupso Share Buttons --><\/div>","protected":false},"author":1,"featured_media":5608,"comment_status":"open","ping_status":"open","sticky":false,"template":"","format":"standard","meta":{"jetpack_post_was_ever_published":false,"_jetpack_newsletter_access":"","_jetpack_newsletter_tier_id":0,"jetpack_publicize_message":"","jetpack_is_tweetstorm":false,"jetpack_publicize_feature_enabled":true,"jetpack_social_post_already_shared":true,"jetpack_social_options":{"image_generator_settings":{"template":"highway","enabled":false}}},"categories":[1],"tags":[4064,586,3129,3235,302,2935,22,217,4063,2250,4062,667,1204,130,2233,2615,454,2,722],"jetpack_publicize_connections":[],"jetpack_featured_media_url":"http:\/\/delamanodemaria.com\/wp-content\/uploads\/2015\/06\/la-fe-del-centurion.jpg","jetpack_shortlink":"https:\/\/wp.me\/p3bBgS-3Ar","jetpack_sharing_enabled":true,"jetpack_likes_enabled":true,"_links":{"self":[{"href":"http:\/\/delamanodemaria.com\/index.php?rest_route=\/wp\/v2\/posts\/13791"}],"collection":[{"href":"http:\/\/delamanodemaria.com\/index.php?rest_route=\/wp\/v2\/posts"}],"about":[{"href":"http:\/\/delamanodemaria.com\/index.php?rest_route=\/wp\/v2\/types\/post"}],"author":[{"embeddable":true,"href":"http:\/\/delamanodemaria.com\/index.php?rest_route=\/wp\/v2\/users\/1"}],"replies":[{"embeddable":true,"href":"http:\/\/delamanodemaria.com\/index.php?rest_route=%2Fwp%2Fv2%2Fcomments&post=13791"}],"version-history":[{"count":3,"href":"http:\/\/delamanodemaria.com\/index.php?rest_route=\/wp\/v2\/posts\/13791\/revisions"}],"predecessor-version":[{"id":13794,"href":"http:\/\/delamanodemaria.com\/index.php?rest_route=\/wp\/v2\/posts\/13791\/revisions\/13794"}],"wp:featuredmedia":[{"embeddable":true,"href":"http:\/\/delamanodemaria.com\/index.php?rest_route=\/wp\/v2\/media\/5608"}],"wp:attachment":[{"href":"http:\/\/delamanodemaria.com\/index.php?rest_route=%2Fwp%2Fv2%2Fmedia&parent=13791"}],"wp:term":[{"taxonomy":"category","embeddable":true,"href":"http:\/\/delamanodemaria.com\/index.php?rest_route=%2Fwp%2Fv2%2Fcategories&post=13791"},{"taxonomy":"post_tag","embeddable":true,"href":"http:\/\/delamanodemaria.com\/index.php?rest_route=%2Fwp%2Fv2%2Ftags&post=13791"}],"curies":[{"name":"wp","href":"https:\/\/api.w.org\/{rel}","templated":true}]}}