{"id":13882,"date":"2020-07-14T15:55:25","date_gmt":"2020-07-14T19:55:25","guid":{"rendered":"http:\/\/delamanodemaria.com\/?p=13882"},"modified":"2020-07-14T15:55:25","modified_gmt":"2020-07-14T19:55:25","slug":"reflexion-para-el-miercoles-de-la-decimo-quinta-semana-del-t-o-2-15-07-20","status":"publish","type":"post","link":"http:\/\/delamanodemaria.com\/?p=13882","title":{"rendered":"REFLEXI\u00d3N PARA EL MI\u00c9RCOLES DE LA D\u00c9CIMO QUINTA SEMANA DEL T.O. (2) 15-07-20"},"content":{"rendered":"\n<figure class=\"wp-block-image\"><img decoding=\"async\" loading=\"lazy\" width=\"660\" height=\"480\" src=\"http:\/\/delamanodemaria.com\/wp-content\/uploads\/2020\/07\/te-doy-gracias-padre.jpg\" alt=\"\" class=\"wp-image-13884\" srcset=\"http:\/\/delamanodemaria.com\/wp-content\/uploads\/2020\/07\/te-doy-gracias-padre.jpg 660w, http:\/\/delamanodemaria.com\/wp-content\/uploads\/2020\/07\/te-doy-gracias-padre-300x218.jpg 300w, http:\/\/delamanodemaria.com\/wp-content\/uploads\/2020\/07\/te-doy-gracias-padre-413x300.jpg 413w\" sizes=\"(max-width: 660px) 100vw, 660px\" \/><figcaption>\u201cTe doy gracias, Padre, Se\u00f1or de cielo y tierra, porque has escondido estas cosas a los sabios y entendidos y se las has revelado a la gente sencilla&#8221;.  <\/figcaption><\/figure>\n\n\n\n<p class=\"has-drop-cap\">El evangelio que nos ofrece la liturgia de hoy\n(Mt 11,25-27) contiene una de mis frases favoritas de Jes\u00fas: \u201cTe doy gracias,\nPadre, Se\u00f1or de cielo y tierra, porque has escondido estas cosas a los sabios y\nentendidos y se las has revelado a la gente sencilla. S\u00ed, Padre, as\u00ed te ha\nparecido mejor\u201d.<\/p>\n\n\n\n<p>Jes\u00fas parece referirse a los \u201csabios\u201d y\n\u201centendidos\u201d de su tiempo (los escribas, fariseos, sacerdotes, doctores de la\nley), quienes cegados por su conocimiento de la \u201cley\u201d cre\u00edan saberlo todo. Por\neso eran incapaces de asimilar el mensaje sencillo pero profundo de Jes\u00fas. \u201cYo\nles aseguro: el que no reciba el Reino de Dios como ni\u00f1o, no entrar\u00e1 en \u00e9l\u201d (Mc\n10,13).<\/p>\n\n\n\n<p>Siempre que leo este pasaje evang\u00e9lico pienso\nen <em>Santa Catalina de Siena<\/em>, virgen y\ndoctora de la Iglesia y terciaria dominica, quien a pesar de ser mujer,\nsencilla, y analfabeta, logr\u00f3 poseer una profundidad teol\u00f3gica tal que le llev\u00f3\na ser consejera de papas, haci\u00e9ndola acreedora del t\u00edtulo de \u201cdoctora de la\nIglesia\u201d. Ella, en su sencillez, logr\u00f3 compenetrarse con el misterio de Dios\ncon la misma intensidad que un ni\u00f1o o ni\u00f1a se lanza en brazos de su padre, al\npunto que ya nada m\u00e1s existe\u2026<\/p>\n\n\n\n<p>Jes\u00fas nos est\u00e1 pidiendo que nos hagamos como\nni\u00f1os, para que podamos conocer y reconocer al <em>Abba<\/em> que \u00c9l nos presenta: \u201cnadie conoce al Hijo m\u00e1s que el Padre, y\nnadie conoce al Padre sino el Hijo, y aquel a quien el Hijo se lo quiera\nrevelar\u201d. Por eso escogi\u00f3 sus disc\u00edpulos de entre la gente sencilla, creyentes\nque no estaban \u201ccontaminados\u201d por el ritualismo y legalismo excesivo de los\nsacerdotes y fariseos. Escogi\u00f3 la tierra buena sobre a la que estaba llena de abrojos\n(Mt 13,1-9; Mc 4,1-9; Lc 8,4-8).<\/p>\n\n\n\n<p>Dios es dif\u00edcil de alcanzar, nadie lo ha visto\nnunca. Por eso nos envi\u00f3 a su Hijo, quien s\u00ed le conoce, para que \u00c9l nos d\u00e9 a\nconocer al Padre. Pero para conocer al Padre primero tenemos que reconocer\nnuestra incapacidad de conocerlo por nosotros mismos. Jes\u00fas nos ofrece la\noportunidad de conocerle a \u00c9l a trav\u00e9s de su Palabra, y a trav\u00e9s de \u00c9l al Padre.\nParece un trabalenguas, pero el mensaje es sencillo, como aquellos a quienes va\ndirigido: \u00c9l es el \u201cCamino\u201d que nos conduce al Padre; y quien le conoce a \u00c9l\nconoce al Padre (Jn 14,6-7).<\/p>\n\n\n\n<p>Padre, Se\u00f1or de cielo, en este d\u00eda te pido que\nme des la humildad y sencillez de esp\u00edritu para reconocer mi incapacidad para\nconocerte por m\u00ed mismo, y para ver el rostro de tu Hijo en todos mis hermanos,\nespecialmente los que m\u00e1s necesitan de tu piedad y misericordia y, a trav\u00e9s de\n\u00c9l y de su Palabra, llegar alg\u00fan d\u00eda a conocerte.<\/p>\n\n\n\n<p>As\u00ed comenzaremos desde ahora a tener un atisbo\nde ese d\u00eda en que finalmente le veamos cara a cara: \u201cVer\u00e1n su rostro y llevar\u00e1n\nsu nombre en la frente. Noche ya no habr\u00e1; no tienen necesidad de luz de\nl\u00e1mpara ni de luz del sol, porque el Se\u00f1or Dios los alumbrar\u00e1 y reinar\u00e1n por\nlos siglos de los siglos\u201d (Ap 22,4-5).<\/p>\n\n\n\n<p>\u00a1Qu\u00e9 promesa, hermanos!<\/p>\n<div style=\"padding-bottom:20px; padding-top:10px;\" class=\"hupso-share-buttons\"><!-- Hupso Share Buttons - https:\/\/www.hupso.com\/share\/ --><a class=\"hupso_toolbar\" href=\"https:\/\/www.hupso.com\/share\/\"><img src=\"http:\/\/static.hupso.com\/share\/buttons\/lang\/es\/share-medium.png\" style=\"border:0px; padding-top: 5px; float:left;\" alt=\"Share Button\"\/><\/a><script type=\"text\/javascript\">var hupso_services_t=new Array(\"Twitter\",\"Facebook\",\"Google Plus\",\"Pinterest\",\"Linkedin\",\"Email\",\"Print\");var hupso_background_t=\"#EAF4FF\";var hupso_border_t=\"#66CCFF\";var hupso_toolbar_size_t=\"medium\";var hupso_image_folder_url = \"\";var hupso_twitter_via=\"hectorops\";var hupso_url_t=\"\";var hupso_title_t=\"REFLEXI%C3%93N%20PARA%20EL%20MI%C3%89RCOLES%20DE%20LA%20D%C3%89CIMO%20QUINTA%20SEMANA%20DEL%20T.O.%20%282%29%2015-07-20\";<\/script><script type=\"text\/javascript\" src=\"http:\/\/static.hupso.com\/share\/js\/share_toolbar.js\"><\/script><!-- Hupso Share Buttons --><\/div>","protected":false},"excerpt":{"rendered":"<p>El evangelio que nos ofrece la liturgia de hoy (Mt 11,25-27) contiene una de mis frases favoritas de Jes\u00fas: \u201cTe doy gracias, Padre, Se\u00f1or de cielo y tierra, porque has escondido estas cosas a los sabios y entendidos y se &hellip; <a href=\"http:\/\/delamanodemaria.com\/?p=13882\">Continue reading <span class=\"meta-nav\">&rarr;<\/span><\/a><\/p>\n<div style=\"padding-bottom:20px; padding-top:10px;\" class=\"hupso-share-buttons\"><!-- Hupso Share Buttons - https:\/\/www.hupso.com\/share\/ --><a class=\"hupso_toolbar\" href=\"https:\/\/www.hupso.com\/share\/\"><img src=\"http:\/\/static.hupso.com\/share\/buttons\/lang\/es\/share-medium.png\" style=\"border:0px; padding-top: 5px; float:left;\" alt=\"Share Button\"\/><\/a><script type=\"text\/javascript\">var hupso_services_t=new Array(\"Twitter\",\"Facebook\",\"Google Plus\",\"Pinterest\",\"Linkedin\",\"Email\",\"Print\");var hupso_background_t=\"#EAF4FF\";var hupso_border_t=\"#66CCFF\";var hupso_toolbar_size_t=\"medium\";var hupso_image_folder_url = \"\";var hupso_twitter_via=\"hectorops\";var hupso_url_t=\"\";var hupso_title_t=\"REFLEXI%C3%93N%20PARA%20EL%20MI%C3%89RCOLES%20DE%20LA%20D%C3%89CIMO%20QUINTA%20SEMANA%20DEL%20T.O.%20%282%29%2015-07-20\";<\/script><script type=\"text\/javascript\" src=\"http:\/\/static.hupso.com\/share\/js\/share_toolbar.js\"><\/script><!-- Hupso Share Buttons --><\/div>","protected":false},"author":1,"featured_media":13884,"comment_status":"open","ping_status":"open","sticky":false,"template":"","format":"standard","meta":{"jetpack_post_was_ever_published":false,"_jetpack_newsletter_access":"","_jetpack_newsletter_tier_id":0,"jetpack_publicize_message":"","jetpack_is_tweetstorm":false,"jetpack_publicize_feature_enabled":true,"jetpack_social_post_already_shared":true,"jetpack_social_options":{"image_generator_settings":{"template":"highway","enabled":false}}},"categories":[1],"tags":[197,3891,3797,4115,1150,670,778,2935,502,2408,419,1205,4116,605,138,2,472,303,1427,677,526,4113,722,4114],"jetpack_publicize_connections":[],"jetpack_featured_media_url":"http:\/\/delamanodemaria.com\/wp-content\/uploads\/2020\/07\/te-doy-gracias-padre.jpg","jetpack_shortlink":"https:\/\/wp.me\/p3bBgS-3BU","jetpack_sharing_enabled":true,"jetpack_likes_enabled":true,"_links":{"self":[{"href":"http:\/\/delamanodemaria.com\/index.php?rest_route=\/wp\/v2\/posts\/13882"}],"collection":[{"href":"http:\/\/delamanodemaria.com\/index.php?rest_route=\/wp\/v2\/posts"}],"about":[{"href":"http:\/\/delamanodemaria.com\/index.php?rest_route=\/wp\/v2\/types\/post"}],"author":[{"embeddable":true,"href":"http:\/\/delamanodemaria.com\/index.php?rest_route=\/wp\/v2\/users\/1"}],"replies":[{"embeddable":true,"href":"http:\/\/delamanodemaria.com\/index.php?rest_route=%2Fwp%2Fv2%2Fcomments&post=13882"}],"version-history":[{"count":2,"href":"http:\/\/delamanodemaria.com\/index.php?rest_route=\/wp\/v2\/posts\/13882\/revisions"}],"predecessor-version":[{"id":13885,"href":"http:\/\/delamanodemaria.com\/index.php?rest_route=\/wp\/v2\/posts\/13882\/revisions\/13885"}],"wp:featuredmedia":[{"embeddable":true,"href":"http:\/\/delamanodemaria.com\/index.php?rest_route=\/wp\/v2\/media\/13884"}],"wp:attachment":[{"href":"http:\/\/delamanodemaria.com\/index.php?rest_route=%2Fwp%2Fv2%2Fmedia&parent=13882"}],"wp:term":[{"taxonomy":"category","embeddable":true,"href":"http:\/\/delamanodemaria.com\/index.php?rest_route=%2Fwp%2Fv2%2Fcategories&post=13882"},{"taxonomy":"post_tag","embeddable":true,"href":"http:\/\/delamanodemaria.com\/index.php?rest_route=%2Fwp%2Fv2%2Ftags&post=13882"}],"curies":[{"name":"wp","href":"https:\/\/api.w.org\/{rel}","templated":true}]}}