{"id":1404,"date":"2013-07-07T20:31:01","date_gmt":"2013-07-08T00:31:01","guid":{"rendered":"http:\/\/delamanodemaria.com\/?p=1404"},"modified":"2013-07-07T20:44:05","modified_gmt":"2013-07-08T00:44:05","slug":"reflexion-para-el-lunes-08-07-13","status":"publish","type":"post","link":"http:\/\/delamanodemaria.com\/?p=1404","title":{"rendered":"REFLEXI\u00d3N PARA EL LUNES 08-07-13"},"content":{"rendered":"<p style=\"text-align: center;\"><a href=\"http:\/\/delamanodemaria.com\/wp-content\/uploads\/2013\/07\/tu-fe-te-ha-salvado.png\"><img decoding=\"async\" loading=\"lazy\" class=\"alignnone size-full wp-image-1405\" alt=\"tu fe te ha salvado\" src=\"http:\/\/delamanodemaria.com\/wp-content\/uploads\/2013\/07\/tu-fe-te-ha-salvado.png\" width=\"500\" height=\"341\" srcset=\"http:\/\/delamanodemaria.com\/wp-content\/uploads\/2013\/07\/tu-fe-te-ha-salvado.png 500w, http:\/\/delamanodemaria.com\/wp-content\/uploads\/2013\/07\/tu-fe-te-ha-salvado-300x204.png 300w, http:\/\/delamanodemaria.com\/wp-content\/uploads\/2013\/07\/tu-fe-te-ha-salvado-439x300.png 439w\" sizes=\"(max-width: 500px) 100vw, 500px\" \/><\/a><\/p>\n<p><span style=\"font-size: large;\">La primera lectura que nos ofrece la liturgia para hoy (Gn 28,10-22a), contin\u00faa narr\u00e1ndonos la historia de la descendencia de Abraham, que es tambi\u00e9n el comienzo de la historia del pueblo de Israel, y la historia de nuestra fe, pues nosotros, al igual que los pueblos \u00e1rabes, somos herederos de la fe de Abraham.<\/span><\/p>\n<p><span style=\"font-size: large;\">En este pasaje Yahv\u00e9 reitera a Jacob, el hijo de Isaac, las promesas que hab\u00eda hecho a Abraham al establecer su Alianza con \u00e9l: \u201cLa tierra sobre la que est\u00e1s acostado, te la dar\u00e9 a ti y a tu descendencia. Tu descendencia se multiplicar\u00e1 como el polvo de la tierra, y ocupar\u00e1s el oriente y el occidente, el norte y el sur; y todas las naciones del mundo se llamar\u00e1n benditas por causa tuya y de tu descendencia. Yo estoy contigo; yo te guardar\u00e9 dondequiera que vayas, y te volver\u00e9 a esta tierra y no te abandonar\u00e9 hasta que cumpla lo que he prometido\u201d. Jacob crey\u00f3 en Yahv\u00e9 y en su Palabra.<\/span><\/p>\n<p><span style=\"font-size: large;\">La lectura evang\u00e9lica (Mt 9,18-26), por su parte, nos narra dos milagros de Jes\u00fas entrelazados en una sola trama: la revivificaci\u00f3n de la hija de Jairo (aunque Mateo no menciona el nombre del personaje, Marcos y Lucas lo identifican en sus relatos paralelos) y la curaci\u00f3n de la hemorro\u00edsa. Mateo es bien parco en ambos relatos, mientras Marcos y Lucas se explayan en los detalles (Mc 5,21-42; Lc 40-56).<\/span><\/p>\n<p><span style=\"font-size: large;\">En el relato de la mujer que sufr\u00eda flujos de sangre, ella ten\u00eda la certeza de que con solo tocar el manto de Jes\u00fas se curar\u00eda, y actu\u00f3 conforme a lo que cre\u00eda: se acerc\u00f3 entre la multitud hasta tocar el manto de Jes\u00fas. De eso se trata la fe. Por eso decimos que la fe es algo \u201cque se ve\u201d. Nos dice la escritura que cuando toc\u00f3 el borde del manto de Jes\u00fas, se cur\u00f3 instant\u00e1neamente. Se ha dicho que la fe es el \u201cgatillo\u201d que dispara el poder de Dios. Y eso fue lo que la hemorro\u00edsa hizo, \u201cdisparar\u201d el poder de Dios. Por eso la lectura nos dice que Jes\u00fas se volvi\u00f3 hacia ella y le dijo: \u201c\u00a1\u00c1nimo hija! Tu fe te ha curado\u201d.<\/span><\/p>\n<p><span style=\"font-size: large;\">Al llegar Jes\u00fas a casa de Jairo encontr\u00f3 \u201ca los flautistas y el alboroto de la gente\u201d (signo de que la ni\u00f1a hab\u00eda muerto), y dijo a todos: \u201c\u00a1Fuera! La ni\u00f1a no est\u00e1 muerta, est\u00e1 dormida\u201d. Nos dice la lectura que todos se re\u00edan de \u00c9l, y que una vez echaron la gente, \u201centr\u00f3 \u00c9l, cogi\u00f3 a la ni\u00f1a de la mano, y ella se puso en pie\u201d.<\/span><\/p>\n<p><span style=\"font-size: large;\">Al comienzo del relato, Jairo le hab\u00eda dicho a Jes\u00fas que su hija hab\u00eda muerto, a\u00f1adiendo: \u201cPero ven t\u00fa, ponle la mano en la cabeza, y vivir\u00e1\u201d. Nuevamente nos encontramos ante la importancia de la fe. Jairo crey\u00f3, y actu\u00f3 conforme a lo que cre\u00eda. Ante la muerte de su hija, realiz\u00f3 un acto de fe. Con su fe \u201cdispar\u00f3\u201d el poder de Dios; Jes\u00fas tom\u00f3 la ni\u00f1a de la mano, y\u00a0esta se levant\u00f3 ante el asombro de todos.<\/span><\/p>\n<p><span style=\"font-size: large;\">Estamos celebrando el A\u00f1o de la fe, y en ocasiones anteriores hemos dicho que no basta con creer (hasta el demonio \u201ccree\u201d en Dios), hay que actuar conforme a lo que creemos. Hay que \u201cvivir\u201d la fe. Entonces ver\u00e1s manifestarse la gloria de Dios.<\/span><\/p>\n<p><span style=\"font-size: large;\">Se\u00f1or yo creo, pero aumenta mi fe\u2026<\/span><\/p>\n<div style=\"padding-bottom:20px; padding-top:10px;\" class=\"hupso-share-buttons\"><!-- Hupso Share Buttons - https:\/\/www.hupso.com\/share\/ --><a class=\"hupso_toolbar\" href=\"https:\/\/www.hupso.com\/share\/\"><img src=\"http:\/\/static.hupso.com\/share\/buttons\/lang\/es\/share-medium.png\" style=\"border:0px; padding-top: 5px; float:left;\" alt=\"Share Button\"\/><\/a><script type=\"text\/javascript\">var hupso_services_t=new Array(\"Twitter\",\"Facebook\",\"Google Plus\",\"Pinterest\",\"Linkedin\",\"Email\",\"Print\");var hupso_background_t=\"#EAF4FF\";var hupso_border_t=\"#66CCFF\";var hupso_toolbar_size_t=\"medium\";var hupso_image_folder_url = \"\";var hupso_twitter_via=\"hectorops\";var hupso_url_t=\"\";var hupso_title_t=\"REFLEXI%C3%93N%20PARA%20EL%20LUNES%2008-07-13\";<\/script><script type=\"text\/javascript\" src=\"http:\/\/static.hupso.com\/share\/js\/share_toolbar.js\"><\/script><!-- Hupso Share Buttons --><\/div>","protected":false},"excerpt":{"rendered":"<p>La primera lectura que nos ofrece la liturgia para hoy (Gn 28,10-22a), contin\u00faa narr\u00e1ndonos la historia de la descendencia de Abraham, que es tambi\u00e9n el comienzo de la historia del pueblo de Israel, y la historia de nuestra fe, pues &hellip; <a href=\"http:\/\/delamanodemaria.com\/?p=1404\">Continue reading <span class=\"meta-nav\">&rarr;<\/span><\/a><\/p>\n<div style=\"padding-bottom:20px; padding-top:10px;\" class=\"hupso-share-buttons\"><!-- Hupso Share Buttons - https:\/\/www.hupso.com\/share\/ --><a class=\"hupso_toolbar\" href=\"https:\/\/www.hupso.com\/share\/\"><img src=\"http:\/\/static.hupso.com\/share\/buttons\/lang\/es\/share-medium.png\" style=\"border:0px; padding-top: 5px; float:left;\" alt=\"Share Button\"\/><\/a><script type=\"text\/javascript\">var hupso_services_t=new Array(\"Twitter\",\"Facebook\",\"Google Plus\",\"Pinterest\",\"Linkedin\",\"Email\",\"Print\");var hupso_background_t=\"#EAF4FF\";var hupso_border_t=\"#66CCFF\";var hupso_toolbar_size_t=\"medium\";var hupso_image_folder_url = \"\";var hupso_twitter_via=\"hectorops\";var hupso_url_t=\"\";var hupso_title_t=\"REFLEXI%C3%93N%20PARA%20EL%20LUNES%2008-07-13\";<\/script><script type=\"text\/javascript\" src=\"http:\/\/static.hupso.com\/share\/js\/share_toolbar.js\"><\/script><!-- Hupso Share Buttons --><\/div>","protected":false},"author":1,"featured_media":0,"comment_status":"open","ping_status":"open","sticky":false,"template":"","format":"standard","meta":{"jetpack_post_was_ever_published":false,"_jetpack_newsletter_access":"","_jetpack_newsletter_tier_id":0,"jetpack_publicize_message":"","jetpack_is_tweetstorm":false,"jetpack_publicize_feature_enabled":true,"jetpack_social_post_already_shared":true,"jetpack_social_options":{"image_generator_settings":{"template":"highway","enabled":false}}},"categories":[1],"tags":[109,76,3,96,22,27,2],"jetpack_publicize_connections":[],"jetpack_featured_media_url":"","jetpack_shortlink":"https:\/\/wp.me\/p3bBgS-mE","jetpack_sharing_enabled":true,"jetpack_likes_enabled":true,"_links":{"self":[{"href":"http:\/\/delamanodemaria.com\/index.php?rest_route=\/wp\/v2\/posts\/1404"}],"collection":[{"href":"http:\/\/delamanodemaria.com\/index.php?rest_route=\/wp\/v2\/posts"}],"about":[{"href":"http:\/\/delamanodemaria.com\/index.php?rest_route=\/wp\/v2\/types\/post"}],"author":[{"embeddable":true,"href":"http:\/\/delamanodemaria.com\/index.php?rest_route=\/wp\/v2\/users\/1"}],"replies":[{"embeddable":true,"href":"http:\/\/delamanodemaria.com\/index.php?rest_route=%2Fwp%2Fv2%2Fcomments&post=1404"}],"version-history":[{"count":6,"href":"http:\/\/delamanodemaria.com\/index.php?rest_route=\/wp\/v2\/posts\/1404\/revisions"}],"predecessor-version":[{"id":1414,"href":"http:\/\/delamanodemaria.com\/index.php?rest_route=\/wp\/v2\/posts\/1404\/revisions\/1414"}],"wp:attachment":[{"href":"http:\/\/delamanodemaria.com\/index.php?rest_route=%2Fwp%2Fv2%2Fmedia&parent=1404"}],"wp:term":[{"taxonomy":"category","embeddable":true,"href":"http:\/\/delamanodemaria.com\/index.php?rest_route=%2Fwp%2Fv2%2Fcategories&post=1404"},{"taxonomy":"post_tag","embeddable":true,"href":"http:\/\/delamanodemaria.com\/index.php?rest_route=%2Fwp%2Fv2%2Ftags&post=1404"}],"curies":[{"name":"wp","href":"https:\/\/api.w.org\/{rel}","templated":true}]}}