{"id":14175,"date":"2020-09-06T17:10:58","date_gmt":"2020-09-06T21:10:58","guid":{"rendered":"http:\/\/delamanodemaria.com\/?p=14175"},"modified":"2020-09-06T17:10:58","modified_gmt":"2020-09-06T21:10:58","slug":"reflexion-para-el-lunes-de-la-vigesima-tercera-semana-del-t-o-2-07-09-20","status":"publish","type":"post","link":"http:\/\/delamanodemaria.com\/?p=14175","title":{"rendered":"REFLEXI\u00d3N PARA EL LUNES DE LA VIG\u00c9SIMA TERCERA SEMANA DEL T.O. (2) 07-09-20"},"content":{"rendered":"\n<figure class=\"wp-block-image\"><img decoding=\"async\" loading=\"lazy\" width=\"615\" height=\"461\" src=\"http:\/\/delamanodemaria.com\/wp-content\/uploads\/2020\/09\/que-esta-permitido-en-sabado.jpg\" alt=\"\" class=\"wp-image-14178\" srcset=\"http:\/\/delamanodemaria.com\/wp-content\/uploads\/2020\/09\/que-esta-permitido-en-sabado.jpg 615w, http:\/\/delamanodemaria.com\/wp-content\/uploads\/2020\/09\/que-esta-permitido-en-sabado-300x225.jpg 300w, http:\/\/delamanodemaria.com\/wp-content\/uploads\/2020\/09\/que-esta-permitido-en-sabado-400x300.jpg 400w\" sizes=\"(max-width: 615px) 100vw, 615px\" \/><figcaption>\u201c\u00bfQu\u00e9 est\u00e1 permitido en s\u00e1bado, hacer el bien o el mal, salvar a uno o dejarlo morir?\u201d. <\/figcaption><\/figure>\n\n\n\n<p class=\"has-drop-cap\">Comenzamos la liturgia de esta semana con la\nlectura de la versi\u00f3n de Lucas de la curaci\u00f3n del hombre con el brazo derecho\nparalizado (6,6-11). El pasaje sit\u00faa a Jes\u00fas \u201cun s\u00e1bado\u201d, otro s\u00e1bado, en la\nsinagoga, ense\u00f1ando. Con esto nos se\u00f1ala que era costumbre de Jes\u00fas acudir a la\nsinagoga a orar, pero sobre todo a \u201cense\u00f1ar\u201d. De ah\u00ed que sus contempor\u00e1neos le\nllamaban \u201crabbon\u00ed\u201d (<em>rabb\u00fbn\u00ee<\/em> en arameo), o maestro. Ya los\nescribas y fariseos comenzaban a resentirse y a discutir \u201cqu\u00e9 hab\u00eda que hacer\ncon Jes\u00fas\u201d. Los estaba opacando y se sent\u00edan amenazados. Hab\u00eda que \u201csacarlo de\ncirculaci\u00f3n\u201d. Va tomando forma la conspiraci\u00f3n que culminar\u00e1 con su muerte.<\/p>\n\n\n\n<p>Conociendo las ense\u00f1anzas de Jes\u00fas, y ante la\npresencia del hombre con el brazo paralizado, se ponen al acecho para ver si\ncuraba en s\u00e1bado y as\u00ed encontrar de qu\u00e9 acusarlo (la ley del s\u00e1bado prohib\u00eda\ncurar en s\u00e1bado, por ser el d\u00eda de descanso dedicado exclusivamente al Se\u00f1or).\nY Jes\u00fas, que ve en lo oculto de los corazones y conoce sus pensamientos, manda\nal hombre a ponerse de pie en medio de la asamblea. All\u00ed es \u00c9l quien pone a\nprueba a los fariseos, y les pregunta: \u201c\u00bfQu\u00e9 est\u00e1 permitido en s\u00e1bado, hacer el\nbien o el mal, salvar a uno o dejarlo morir?\u201d. Ante el silencio producido por\nla contundencia de sus palabras, Jes\u00fas ordena al hombre extender el brazo y\neste queda curado. La versi\u00f3n de Marcos (3,5), que es quien m\u00e1s acent\u00faa la\ndimensi\u00f3n humana de Jes\u00fas, es mucho m\u00e1s dram\u00e1tica: \u201cEntonces, <em>mir\u00e1ndoles con ira<\/em>, apenado por la\ndureza de su coraz\u00f3n, dice al hombre: \u2018Extiende la mano\u2019.\u201d Esto exacerb\u00f3 m\u00e1s\na\u00fan la furia de los escribas y fariseos.<\/p>\n\n\n\n<p>Lo primero que nos llama la atenci\u00f3n de este\nmilagro, y que lo hace diferente, es que ni el hombre, ni sus familiares, ni\nsus amigos, pidieron el milagro; fue iniciativa de Jes\u00fas, producto de su\ngratuidad. Jes\u00fas toma la iniciativa porque percibe la necesidad del hombre,\ndemuestra su capacidad de ponerse en el lugar de otros. Y estando toda su\nense\u00f1anza matizada por el amor, todas sus actuaciones se rigen por el\nimperativo del amor. S\u00ed, el descanso sabatino ten\u00eda el prop\u00f3sito de honrar al\nSe\u00f1or, pero Jes\u00fas nos est\u00e1 diciendo con su actuaci\u00f3n que no hay mejor manera de\nhonrar a Dios que ayudando a nuestro pr\u00f3jimo, socorriendo a los necesitados,\nhaciendo el bien. Esa es la mejor forma de \u201csantificar\u201d el s\u00e1bado.<\/p>\n\n\n\n<p>Una vez m\u00e1s vemos a Jes\u00fas enfatizando la caridad\npor encima de la oraci\u00f3n y el ritualismo vac\u00edos que caracterizaban a los\nescribas y fariseos. La rabia de estos parecer\u00eda estar ligada al hecho que\nJes\u00fas, con sus hechos y palabras, los desenmascara, no solo ante los dem\u00e1s,\nsino ante ellos mismos.<\/p>\n\n\n\n<p>En este d\u00eda y esta semana que comienza, pidamos al Se\u00f1or que, al igual que Jes\u00fas, nos permita estar atentos, y nos conceda la gracia de percibir las necesidades materiales y espirituales de nuestros hermanos, especialmente en estos tiempos de pandemia, y la voluntad para prestarles toda la ayuda que est\u00e9 a nuestro alcance sin esperar que nos pidan ayuda, tal como hizo Jes\u00fas con el hombre del Evangelio de hoy.<\/p>\n\n\n\n<p>Que pasen todos una hermosa semana llena de la\nPAZ que solo Dios puede brindarnos. \u00a1Bendiciones!<\/p>\n<div style=\"padding-bottom:20px; padding-top:10px;\" class=\"hupso-share-buttons\"><!-- Hupso Share Buttons - https:\/\/www.hupso.com\/share\/ --><a class=\"hupso_toolbar\" href=\"https:\/\/www.hupso.com\/share\/\"><img src=\"http:\/\/static.hupso.com\/share\/buttons\/lang\/es\/share-medium.png\" style=\"border:0px; padding-top: 5px; float:left;\" alt=\"Share Button\"\/><\/a><script type=\"text\/javascript\">var hupso_services_t=new Array(\"Twitter\",\"Facebook\",\"Google Plus\",\"Pinterest\",\"Linkedin\",\"Email\",\"Print\");var hupso_background_t=\"#EAF4FF\";var hupso_border_t=\"#66CCFF\";var hupso_toolbar_size_t=\"medium\";var hupso_image_folder_url = \"\";var hupso_twitter_via=\"hectorops\";var hupso_url_t=\"\";var hupso_title_t=\"REFLEXI%C3%93N%20PARA%20EL%20LUNES%20DE%20LA%20VIG%C3%89SIMA%20TERCERA%20SEMANA%20DEL%20T.O.%20%282%29%2007-09-20\";<\/script><script type=\"text\/javascript\" src=\"http:\/\/static.hupso.com\/share\/js\/share_toolbar.js\"><\/script><!-- Hupso Share Buttons --><\/div>","protected":false},"excerpt":{"rendered":"<p>Comenzamos la liturgia de esta semana con la lectura de la versi\u00f3n de Lucas de la curaci\u00f3n del hombre con el brazo derecho paralizado (6,6-11). El pasaje sit\u00faa a Jes\u00fas \u201cun s\u00e1bado\u201d, otro s\u00e1bado, en la sinagoga, ense\u00f1ando. Con esto &hellip; <a href=\"http:\/\/delamanodemaria.com\/?p=14175\">Continue reading <span class=\"meta-nav\">&rarr;<\/span><\/a><\/p>\n<div style=\"padding-bottom:20px; padding-top:10px;\" class=\"hupso-share-buttons\"><!-- Hupso Share Buttons - https:\/\/www.hupso.com\/share\/ --><a class=\"hupso_toolbar\" href=\"https:\/\/www.hupso.com\/share\/\"><img src=\"http:\/\/static.hupso.com\/share\/buttons\/lang\/es\/share-medium.png\" style=\"border:0px; padding-top: 5px; float:left;\" alt=\"Share Button\"\/><\/a><script type=\"text\/javascript\">var hupso_services_t=new Array(\"Twitter\",\"Facebook\",\"Google Plus\",\"Pinterest\",\"Linkedin\",\"Email\",\"Print\");var hupso_background_t=\"#EAF4FF\";var hupso_border_t=\"#66CCFF\";var hupso_toolbar_size_t=\"medium\";var hupso_image_folder_url = \"\";var hupso_twitter_via=\"hectorops\";var hupso_url_t=\"\";var hupso_title_t=\"REFLEXI%C3%93N%20PARA%20EL%20LUNES%20DE%20LA%20VIG%C3%89SIMA%20TERCERA%20SEMANA%20DEL%20T.O.%20%282%29%2007-09-20\";<\/script><script type=\"text\/javascript\" src=\"http:\/\/static.hupso.com\/share\/js\/share_toolbar.js\"><\/script><!-- Hupso Share Buttons --><\/div>","protected":false},"author":1,"featured_media":14178,"comment_status":"open","ping_status":"open","sticky":false,"template":"","format":"standard","meta":{"jetpack_post_was_ever_published":false,"_jetpack_newsletter_access":"","_jetpack_newsletter_tier_id":0,"jetpack_publicize_message":"","jetpack_is_tweetstorm":false,"jetpack_publicize_feature_enabled":true,"jetpack_social_post_already_shared":true,"jetpack_social_options":{"image_generator_settings":{"template":"highway","enabled":false}}},"categories":[1],"tags":[586,4144,2511,280,731,302,3611,2911,267,3120,3612,3609,189,654,1204,177,869,4264,2,3752,277,4263,270,722],"jetpack_publicize_connections":[],"jetpack_featured_media_url":"http:\/\/delamanodemaria.com\/wp-content\/uploads\/2020\/09\/que-esta-permitido-en-sabado.jpg","jetpack_shortlink":"https:\/\/wp.me\/p3bBgS-3GD","jetpack_sharing_enabled":true,"jetpack_likes_enabled":true,"_links":{"self":[{"href":"http:\/\/delamanodemaria.com\/index.php?rest_route=\/wp\/v2\/posts\/14175"}],"collection":[{"href":"http:\/\/delamanodemaria.com\/index.php?rest_route=\/wp\/v2\/posts"}],"about":[{"href":"http:\/\/delamanodemaria.com\/index.php?rest_route=\/wp\/v2\/types\/post"}],"author":[{"embeddable":true,"href":"http:\/\/delamanodemaria.com\/index.php?rest_route=\/wp\/v2\/users\/1"}],"replies":[{"embeddable":true,"href":"http:\/\/delamanodemaria.com\/index.php?rest_route=%2Fwp%2Fv2%2Fcomments&post=14175"}],"version-history":[{"count":4,"href":"http:\/\/delamanodemaria.com\/index.php?rest_route=\/wp\/v2\/posts\/14175\/revisions"}],"predecessor-version":[{"id":14180,"href":"http:\/\/delamanodemaria.com\/index.php?rest_route=\/wp\/v2\/posts\/14175\/revisions\/14180"}],"wp:featuredmedia":[{"embeddable":true,"href":"http:\/\/delamanodemaria.com\/index.php?rest_route=\/wp\/v2\/media\/14178"}],"wp:attachment":[{"href":"http:\/\/delamanodemaria.com\/index.php?rest_route=%2Fwp%2Fv2%2Fmedia&parent=14175"}],"wp:term":[{"taxonomy":"category","embeddable":true,"href":"http:\/\/delamanodemaria.com\/index.php?rest_route=%2Fwp%2Fv2%2Fcategories&post=14175"},{"taxonomy":"post_tag","embeddable":true,"href":"http:\/\/delamanodemaria.com\/index.php?rest_route=%2Fwp%2Fv2%2Ftags&post=14175"}],"curies":[{"name":"wp","href":"https:\/\/api.w.org\/{rel}","templated":true}]}}