{"id":1419,"date":"2013-07-08T21:18:32","date_gmt":"2013-07-09T01:18:32","guid":{"rendered":"http:\/\/delamanodemaria.com\/?p=1419"},"modified":"2013-07-08T21:18:32","modified_gmt":"2013-07-09T01:18:32","slug":"reflexion-para-el-martes-09-07-13","status":"publish","type":"post","link":"http:\/\/delamanodemaria.com\/?p=1419","title":{"rendered":"REFLEXI\u00d3N PARA EL MARTES 09-07-13"},"content":{"rendered":"<div id=\"attachment_1422\" style=\"width: 624px\" class=\"wp-caption aligncenter\"><a href=\"http:\/\/delamanodemaria.com\/wp-content\/uploads\/2013\/07\/wheat-field-sm.jpg\"><img aria-describedby=\"caption-attachment-1422\" decoding=\"async\" loading=\"lazy\" class=\" wp-image-1422 \" alt=\"wheat field sm\" src=\"http:\/\/delamanodemaria.com\/wp-content\/uploads\/2013\/07\/wheat-field-sm.jpg\" width=\"614\" height=\"384\" srcset=\"http:\/\/delamanodemaria.com\/wp-content\/uploads\/2013\/07\/wheat-field-sm.jpg 614w, http:\/\/delamanodemaria.com\/wp-content\/uploads\/2013\/07\/wheat-field-sm-300x187.jpg 300w, http:\/\/delamanodemaria.com\/wp-content\/uploads\/2013\/07\/wheat-field-sm-479x300.jpg 479w\" sizes=\"(max-width: 614px) 100vw, 614px\" \/><\/a><p id=\"caption-attachment-1422\" class=\"wp-caption-text\">\u201cLas mies es abundante, pero los trabajadores son pocos; rogad, pues, al Se\u00f1or de la mies que mande trabajadores a su mies\u201d (Mt 9,37).<\/p><\/div>\n<p><span style=\"font-size: large;\">Como parte de la historia de los inicios del pueblo de Israel, la primera lectura de la liturgia de hoy (Gn 32,22-32) nos narra el episodio en que Jacob recibe el nombre de Israel, nombre por el que se conocer\u00e1 el conjunto de su descendencia, hasta el d\u00eda de hoy.<\/span><\/p>\n<p><span style=\"font-size: large;\">Nos dice la Escritura que Jacob pele\u00f3 toda la noche con un \u201chombre\u201d, quien al acercarse la aurora sin que hubiese un claro vencedor le dijo: \u201cSu\u00e9ltame, que llega la aurora\u201d. A lo que Jacob respondi\u00f3: \u201cNo te soltar\u00e9 hasta que me bendigas\u201d. En el di\u00e1logo que sigue el hombre le pregunta su nombre, y al contestarle que su nombre era Jacob, le dijo: \u201cYa no te llamar\u00e1s Jacob, sino Israel (\u05d9\u05e9\u05e8\u05d0\u05dc), porque has luchado con dioses y con hombres y has podido\u201d. Ah\u00ed el origen del nombre, que quiere decir literalmente \u201cel que lucha con Dios\u201d.<\/span><\/p>\n<p><span style=\"font-size: large;\">\u201cLas mies es abundante, pero los trabajadores son pocos; rogad, pues, al Se\u00f1or de la mies que mande trabajadores a su mies\u201d. Con esa oraci\u00f3n termina la lectura evang\u00e9lica que nos brinda la liturgia para hoy (Mt 9,32-38). Esta misma frase la le\u00edmos en el Evangelio del domingo pasado, decimocuarto del tiempo ordinario (Lc 10,2).\u00a0\u00a0El pasaje de hoy sirve de pre\u00e1mbulo al segundo gran discurso de Jes\u00fas que ocupa todo el cap\u00edtulo 10 de Mateo. El llamado discurso misionero, de env\u00edo, a sus ap\u00f3stoles.<\/span><\/p>\n<p><span style=\"font-size: large;\">El pasaje comienza plante\u00e1ndonos la brecha existente entre el pueblo y los fariseos. Los primeros se admiraban ante el poder de Jes\u00fas (\u201cNunca se ha visto en Israel cosa igual\u201d), mientras los otros, tal vez por sentirse amenazados por la figura de Jes\u00fas, tergiversan los hechos para tratar de desprestigiarlo ante los suyos: \u201c\u00c9ste echa los demonios con el poder del jefe de los demonios\u201d. Jes\u00fas no se inmuta y contin\u00faa su misi\u00f3n, no permite que las artima\u00f1as del maligno le hagan distraerse de su misi\u00f3n.<\/span><\/p>\n<p><span style=\"font-size: large;\">Otra caracter\u00edstica de Jes\u00fas que vemos en este pasaje es que no se comporta como los rabinos y fariseos de su tiempo, no espera que la gente vaya a \u00c9l, sino que va\u00a0 por \u201ctodas las ciudades y aldeas, ense\u00f1ando en sus sinagogas, anunciando el Evangelio del reino y curando todas las enfermedades y todas las dolencias\u201d (Cfr. 3er misterio luminoso \u2013 El anuncio del Reino).<\/span><\/p>\n<p><span style=\"font-size: large;\">Jes\u00fas est\u00e1 consciente de que su tiempo es corto, que la semilla que \u00c9l est\u00e1 sembrando ha de dar fruto; y necesita trabajadores para recoger la cosecha.<\/span><\/p>\n<p><span style=\"font-size: large;\">Por eso, luego de darnos un ejemplo de lo que implica la labor misionera (\u201cense\u00f1ar\u201d, \u201ccurar\u201d), nos recuerda que solos no podemos, que necesitamos ayuda de lo alto: \u201crogad, pues al Se\u00f1or de la mies que mande trabajadores a su mies\u201d, nos dice. Podemos ver que la misi\u00f3n que Jes\u00fas encomienda a sus ap\u00f3stoles no se limita a ellos; est\u00e1 dirigida a todos nosotros. En nuestro bautismo fuimos ungidos sacerdotes, profetas y reyes. Eso nos llama a ense\u00f1ar, anunciar el reino, y sanar a nuestros hermanos. Esa es nuestra misi\u00f3n, la de todos: sacerdotes, religiosos, y laicos.<\/span><\/p>\n<p><span style=\"font-size: large;\">Y eso nos incluye a todos los miembros de la comunidad parroquial, cada cual seg\u00fan sus talentos, seg\u00fan los carismas que el Esp\u00edritu Santo nos ha dado y que son para provecho com\u00fan (Cfr. 1 Co 12,7).<\/span><\/p>\n<div style=\"padding-bottom:20px; padding-top:10px;\" class=\"hupso-share-buttons\"><!-- Hupso Share Buttons - https:\/\/www.hupso.com\/share\/ --><a class=\"hupso_toolbar\" href=\"https:\/\/www.hupso.com\/share\/\"><img src=\"http:\/\/static.hupso.com\/share\/buttons\/lang\/es\/share-medium.png\" style=\"border:0px; padding-top: 5px; float:left;\" alt=\"Share Button\"\/><\/a><script type=\"text\/javascript\">var hupso_services_t=new Array(\"Twitter\",\"Facebook\",\"Google Plus\",\"Pinterest\",\"Linkedin\",\"Email\",\"Print\");var hupso_background_t=\"#EAF4FF\";var hupso_border_t=\"#66CCFF\";var hupso_toolbar_size_t=\"medium\";var hupso_image_folder_url = \"\";var hupso_twitter_via=\"hectorops\";var hupso_url_t=\"\";var hupso_title_t=\"REFLEXI%C3%93N%20PARA%20EL%20MARTES%2009-07-13\";<\/script><script type=\"text\/javascript\" src=\"http:\/\/static.hupso.com\/share\/js\/share_toolbar.js\"><\/script><!-- Hupso Share Buttons --><\/div>","protected":false},"excerpt":{"rendered":"<p>Como parte de la historia de los inicios del pueblo de Israel, la primera lectura de la liturgia de hoy (Gn 32,22-32) nos narra el episodio en que Jacob recibe el nombre de Israel, nombre por el que se conocer\u00e1 &hellip; <a href=\"http:\/\/delamanodemaria.com\/?p=1419\">Continue reading <span class=\"meta-nav\">&rarr;<\/span><\/a><\/p>\n<div style=\"padding-bottom:20px; padding-top:10px;\" class=\"hupso-share-buttons\"><!-- Hupso Share Buttons - https:\/\/www.hupso.com\/share\/ --><a class=\"hupso_toolbar\" href=\"https:\/\/www.hupso.com\/share\/\"><img src=\"http:\/\/static.hupso.com\/share\/buttons\/lang\/es\/share-medium.png\" style=\"border:0px; padding-top: 5px; float:left;\" alt=\"Share Button\"\/><\/a><script type=\"text\/javascript\">var hupso_services_t=new Array(\"Twitter\",\"Facebook\",\"Google Plus\",\"Pinterest\",\"Linkedin\",\"Email\",\"Print\");var hupso_background_t=\"#EAF4FF\";var hupso_border_t=\"#66CCFF\";var hupso_toolbar_size_t=\"medium\";var hupso_image_folder_url = \"\";var hupso_twitter_via=\"hectorops\";var hupso_url_t=\"\";var hupso_title_t=\"REFLEXI%C3%93N%20PARA%20EL%20MARTES%2009-07-13\";<\/script><script type=\"text\/javascript\" src=\"http:\/\/static.hupso.com\/share\/js\/share_toolbar.js\"><\/script><!-- Hupso Share Buttons --><\/div>","protected":false},"author":1,"featured_media":0,"comment_status":"open","ping_status":"open","sticky":false,"template":"","format":"standard","meta":{"jetpack_post_was_ever_published":false,"_jetpack_newsletter_access":"","_jetpack_newsletter_tier_id":0,"jetpack_publicize_message":"","jetpack_is_tweetstorm":false,"jetpack_publicize_feature_enabled":true,"jetpack_social_post_already_shared":true,"jetpack_social_options":{"image_generator_settings":{"template":"highway","enabled":false}}},"categories":[1],"tags":[213,159,149,3,29,212,112,2,97],"jetpack_publicize_connections":[],"jetpack_featured_media_url":"","jetpack_shortlink":"https:\/\/wp.me\/p3bBgS-mT","jetpack_sharing_enabled":true,"jetpack_likes_enabled":true,"_links":{"self":[{"href":"http:\/\/delamanodemaria.com\/index.php?rest_route=\/wp\/v2\/posts\/1419"}],"collection":[{"href":"http:\/\/delamanodemaria.com\/index.php?rest_route=\/wp\/v2\/posts"}],"about":[{"href":"http:\/\/delamanodemaria.com\/index.php?rest_route=\/wp\/v2\/types\/post"}],"author":[{"embeddable":true,"href":"http:\/\/delamanodemaria.com\/index.php?rest_route=\/wp\/v2\/users\/1"}],"replies":[{"embeddable":true,"href":"http:\/\/delamanodemaria.com\/index.php?rest_route=%2Fwp%2Fv2%2Fcomments&post=1419"}],"version-history":[{"count":7,"href":"http:\/\/delamanodemaria.com\/index.php?rest_route=\/wp\/v2\/posts\/1419\/revisions"}],"predecessor-version":[{"id":1428,"href":"http:\/\/delamanodemaria.com\/index.php?rest_route=\/wp\/v2\/posts\/1419\/revisions\/1428"}],"wp:attachment":[{"href":"http:\/\/delamanodemaria.com\/index.php?rest_route=%2Fwp%2Fv2%2Fmedia&parent=1419"}],"wp:term":[{"taxonomy":"category","embeddable":true,"href":"http:\/\/delamanodemaria.com\/index.php?rest_route=%2Fwp%2Fv2%2Fcategories&post=1419"},{"taxonomy":"post_tag","embeddable":true,"href":"http:\/\/delamanodemaria.com\/index.php?rest_route=%2Fwp%2Fv2%2Ftags&post=1419"}],"curies":[{"name":"wp","href":"https:\/\/api.w.org\/{rel}","templated":true}]}}