{"id":14235,"date":"2020-09-16T17:40:21","date_gmt":"2020-09-16T21:40:21","guid":{"rendered":"http:\/\/delamanodemaria.com\/?p=14235"},"modified":"2020-09-16T17:40:21","modified_gmt":"2020-09-16T21:40:21","slug":"reflexion-para-el-jueves-de-la-vigesima-cuarta-semana-del-t-o-2-17-09-20","status":"publish","type":"post","link":"http:\/\/delamanodemaria.com\/?p=14235","title":{"rendered":"REFLEXI\u00d3N PARA EL JUEVES DE LA VIG\u00c9SIMA CUARTA SEMANA DEL T.O. (2) 17-09-20"},"content":{"rendered":"\n<figure class=\"wp-block-image\"><img decoding=\"async\" loading=\"lazy\" width=\"600\" height=\"310\" src=\"http:\/\/delamanodemaria.com\/wp-content\/uploads\/2015\/09\/pecadora-arrepentida.jpg\" alt=\"\" class=\"wp-image-5999\" srcset=\"http:\/\/delamanodemaria.com\/wp-content\/uploads\/2015\/09\/pecadora-arrepentida.jpg 600w, http:\/\/delamanodemaria.com\/wp-content\/uploads\/2015\/09\/pecadora-arrepentida-300x155.jpg 300w, http:\/\/delamanodemaria.com\/wp-content\/uploads\/2015\/09\/pecadora-arrepentida-500x258.jpg 500w\" sizes=\"(max-width: 600px) 100vw, 600px\" \/><figcaption>&#8220;Cuando yo entr\u00e9 en tu casa, no me pusiste agua para los pies; ella, en cambio, me ha lavado los pies con sus l\u00e1grimas y me los ha enjugado con su pelo&#8221;. <\/figcaption><\/figure>\n\n\n\n<p>La lectura evang\u00e9lica que nos ofrece la\nliturgia para hoy (Lc 7,36-50) nos presenta el pasaje de \u201cla pecadora\nperdonada\u201d.<\/p>\n\n\n\n<p>El Antiguo Testamento nos hab\u00eda presentado la\nmisericordia de Dios. Los relatos evang\u00e9licos nos muestran un Jes\u00fas que se\natribuye a s\u00ed mismo el poder de perdonar los pecados, poder que solo le\npertenece a Dios. Jes\u00fas no se limita a ense\u00f1arnos que el Padre est\u00e1 dispuesto a\nperdonarnos nuestros pecados, sino que \u00c9l mismo perdona los pecados. La\nexplicaci\u00f3n a esta actitud de Jes\u00fas nos la da \u00c9l mismo: \u201cYo y el Padre somos\nuna sola cosa\u201d (Jn 10,30).<\/p>\n\n\n\n<p>Desde el comienzo de su misi\u00f3n mesi\u00e1nica Jes\u00fas\ndeja claro que \u00c9l tiene poder para perdonar los pecados: \u201cEl Hijo del hombre\ntiene poder en la tierra para perdonar los pecados\u201d (Mc 2,10). Vemos c\u00f3mo \u00c9l\nmismo repite reiteradamente en los relatos evang\u00e9licos: \u201ctus pecados te son\nperdonados\u201d, o frases similares que resultaban blasfemas para los escribas y\nfariseos quienes no reconoc\u00edan la divinidad de Jes\u00fas.<\/p>\n\n\n\n<p>En el pasaje de hoy encontramos a una pecadora\nque se postra ante Jes\u00fas, lava sus pies con sus l\u00e1grimas, los unge con perfume\ny los besa. Esa mujer arrepentida nos proporciona la clave para obtener el\nperd\u00f3n de los pecados (siempre volvemos a lo mismo, \u00bfno?): el Amor. \u201c\u2018Sus\nmuchos pecados est\u00e1n perdonados, porque tiene mucho amor; pero al que poco se\nle perdona, poco ama\u2019. Y a ella le dijo: \u2018Tus pecados est\u00e1n perdonados\u2019\u201d. Es el\namor lo que nos lleva al arrepentimiento y a buscar la reconciliaci\u00f3n. Aquella\npecadora conoci\u00f3 el amor de Jes\u00fas y le reciproc\u00f3 con la misma intensidad de sus\npecados. Y en ese amor conoci\u00f3 el perd\u00f3n, que es fruto del Amor.<\/p>\n\n\n\n<p>Vemos tambi\u00e9n c\u00f3mo, al final del pasaje, Jes\u00fas\nle dice a la pecadora: \u201cTu fe te ha salvado, vete en paz\u201d. La pecadora del relato\nno solo crey\u00f3 en Jes\u00fas y en su poder sanador de cuerpo y alma, sino que\nconvirti\u00f3 su creencia en acci\u00f3n. Y esa acci\u00f3n le vali\u00f3 el perd\u00f3n de sus pecados\ny la Vida Eterna.<\/p>\n\n\n\n<p>M\u00e1s tarde, luego de su Resurrecci\u00f3n, Jes\u00fas\nconfiar\u00eda ese \u201cministerio\u201d del perd\u00f3n de los pecados a los ap\u00f3stoles y a sus\nsucesores, quienes conferir\u00edan el perd\u00f3n, no por s\u00ed mismos, sino por el poder\ndel Dios a trav\u00e9s de la acci\u00f3n del Esp\u00edritu Santo que les infundi\u00f3: \u201cAl\ndecirles esto, sopl\u00f3 sobre ellos y a\u00f1adi\u00f3: \u2018Reciban el Esp\u00edritu Santo. Los\npecados ser\u00e1n perdonados a los que ustedes se los perdonen, y ser\u00e1n retenidos a\nlos que ustedes se los retengan\u2019\u201d (Jn 20,22-23). La misma sensaci\u00f3n de paz que\nsinti\u00f3 aquella pecadora la podemos sentir nosotros al escuchar las palabras\nabsolutorias en el sacramento de la reconciliaci\u00f3n.<\/p>\n\n\n\n<p>La lectura de hoy nos recuerda que mientras m\u00e1s grande sean nuestros pecados, m\u00e1s grande es el Amor que recibiremos de \u00c9l si nos acercamos con un coraz\u00f3n genuinamente arrepentido. \u201cUn coraz\u00f3n quebrantado y humillado, t\u00fa no lo desprecias\u201d (Sal 50).<\/p>\n\n\n\n<p>Por eso, a la primera oportunidad que tengas, ve a reconciliarte con el Se\u00f1or, \u00a1Aprovecha ese regalo tan hermoso que Jes\u00fas te dej\u00f3!<\/p>\n<div style=\"padding-bottom:20px; padding-top:10px;\" class=\"hupso-share-buttons\"><!-- Hupso Share Buttons - https:\/\/www.hupso.com\/share\/ --><a class=\"hupso_toolbar\" href=\"https:\/\/www.hupso.com\/share\/\"><img src=\"http:\/\/static.hupso.com\/share\/buttons\/lang\/es\/share-medium.png\" style=\"border:0px; padding-top: 5px; float:left;\" alt=\"Share Button\"\/><\/a><script type=\"text\/javascript\">var hupso_services_t=new Array(\"Twitter\",\"Facebook\",\"Google Plus\",\"Pinterest\",\"Linkedin\",\"Email\",\"Print\");var hupso_background_t=\"#EAF4FF\";var hupso_border_t=\"#66CCFF\";var hupso_toolbar_size_t=\"medium\";var hupso_image_folder_url = \"\";var hupso_twitter_via=\"hectorops\";var hupso_url_t=\"\";var hupso_title_t=\"REFLEXI%C3%93N%20PARA%20EL%20JUEVES%20DE%20LA%20VIG%C3%89SIMA%20CUARTA%20SEMANA%20DEL%20T.O.%20%282%29%2017-09-20\";<\/script><script type=\"text\/javascript\" src=\"http:\/\/static.hupso.com\/share\/js\/share_toolbar.js\"><\/script><!-- Hupso Share Buttons --><\/div>","protected":false},"excerpt":{"rendered":"<p>La lectura evang\u00e9lica que nos ofrece la liturgia para hoy (Lc 7,36-50) nos presenta el pasaje de \u201cla pecadora perdonada\u201d. El Antiguo Testamento nos hab\u00eda presentado la misericordia de Dios. Los relatos evang\u00e9licos nos muestran un Jes\u00fas que se atribuye &hellip; <a href=\"http:\/\/delamanodemaria.com\/?p=14235\">Continue reading <span class=\"meta-nav\">&rarr;<\/span><\/a><\/p>\n<div style=\"padding-bottom:20px; padding-top:10px;\" class=\"hupso-share-buttons\"><!-- Hupso Share Buttons - https:\/\/www.hupso.com\/share\/ --><a class=\"hupso_toolbar\" href=\"https:\/\/www.hupso.com\/share\/\"><img src=\"http:\/\/static.hupso.com\/share\/buttons\/lang\/es\/share-medium.png\" style=\"border:0px; padding-top: 5px; float:left;\" alt=\"Share Button\"\/><\/a><script type=\"text\/javascript\">var hupso_services_t=new Array(\"Twitter\",\"Facebook\",\"Google Plus\",\"Pinterest\",\"Linkedin\",\"Email\",\"Print\");var hupso_background_t=\"#EAF4FF\";var hupso_border_t=\"#66CCFF\";var hupso_toolbar_size_t=\"medium\";var hupso_image_folder_url = \"\";var hupso_twitter_via=\"hectorops\";var hupso_url_t=\"\";var hupso_title_t=\"REFLEXI%C3%93N%20PARA%20EL%20JUEVES%20DE%20LA%20VIG%C3%89SIMA%20CUARTA%20SEMANA%20DEL%20T.O.%20%282%29%2017-09-20\";<\/script><script type=\"text\/javascript\" src=\"http:\/\/static.hupso.com\/share\/js\/share_toolbar.js\"><\/script><!-- Hupso Share Buttons --><\/div>","protected":false},"author":1,"featured_media":5999,"comment_status":"open","ping_status":"open","sticky":false,"template":"","format":"standard","meta":{"jetpack_post_was_ever_published":false,"_jetpack_newsletter_access":"","_jetpack_newsletter_tier_id":0,"jetpack_publicize_message":"","jetpack_is_tweetstorm":false,"jetpack_publicize_feature_enabled":true,"jetpack_social_post_already_shared":true,"jetpack_social_options":{"image_generator_settings":{"template":"highway","enabled":false}}},"categories":[1],"tags":[30,586,25,1772,22,1073,4280,3244,1257,3161,4282,2,82,1420,722,86,4281],"jetpack_publicize_connections":[],"jetpack_featured_media_url":"http:\/\/delamanodemaria.com\/wp-content\/uploads\/2015\/09\/pecadora-arrepentida.jpg","jetpack_shortlink":"https:\/\/wp.me\/p3bBgS-3HB","jetpack_sharing_enabled":true,"jetpack_likes_enabled":true,"_links":{"self":[{"href":"http:\/\/delamanodemaria.com\/index.php?rest_route=\/wp\/v2\/posts\/14235"}],"collection":[{"href":"http:\/\/delamanodemaria.com\/index.php?rest_route=\/wp\/v2\/posts"}],"about":[{"href":"http:\/\/delamanodemaria.com\/index.php?rest_route=\/wp\/v2\/types\/post"}],"author":[{"embeddable":true,"href":"http:\/\/delamanodemaria.com\/index.php?rest_route=\/wp\/v2\/users\/1"}],"replies":[{"embeddable":true,"href":"http:\/\/delamanodemaria.com\/index.php?rest_route=%2Fwp%2Fv2%2Fcomments&post=14235"}],"version-history":[{"count":4,"href":"http:\/\/delamanodemaria.com\/index.php?rest_route=\/wp\/v2\/posts\/14235\/revisions"}],"predecessor-version":[{"id":14240,"href":"http:\/\/delamanodemaria.com\/index.php?rest_route=\/wp\/v2\/posts\/14235\/revisions\/14240"}],"wp:featuredmedia":[{"embeddable":true,"href":"http:\/\/delamanodemaria.com\/index.php?rest_route=\/wp\/v2\/media\/5999"}],"wp:attachment":[{"href":"http:\/\/delamanodemaria.com\/index.php?rest_route=%2Fwp%2Fv2%2Fmedia&parent=14235"}],"wp:term":[{"taxonomy":"category","embeddable":true,"href":"http:\/\/delamanodemaria.com\/index.php?rest_route=%2Fwp%2Fv2%2Fcategories&post=14235"},{"taxonomy":"post_tag","embeddable":true,"href":"http:\/\/delamanodemaria.com\/index.php?rest_route=%2Fwp%2Fv2%2Ftags&post=14235"}],"curies":[{"name":"wp","href":"https:\/\/api.w.org\/{rel}","templated":true}]}}