{"id":14292,"date":"2020-09-28T16:35:13","date_gmt":"2020-09-28T20:35:13","guid":{"rendered":"http:\/\/delamanodemaria.com\/?p=14292"},"modified":"2020-09-28T16:35:13","modified_gmt":"2020-09-28T20:35:13","slug":"reflexion-para-la-fiesta-de-los-santos-arcangeles-miguel-gabriel-y-rafael-29-09-20","status":"publish","type":"post","link":"http:\/\/delamanodemaria.com\/?p=14292","title":{"rendered":"REFLEXI\u00d3N PARA LA FIESTA DE LOS SANTOS ARC\u00c1NGELES MIGUEL, GABRIEL Y RAFAEL 29-09-20"},"content":{"rendered":"\n<figure class=\"wp-block-image\"><img decoding=\"async\" loading=\"lazy\" width=\"900\" height=\"500\" src=\"http:\/\/delamanodemaria.com\/wp-content\/uploads\/2018\/09\/Arcangeles_29Septiembre.jpg\" alt=\"\" class=\"wp-image-10490\" srcset=\"http:\/\/delamanodemaria.com\/wp-content\/uploads\/2018\/09\/Arcangeles_29Septiembre.jpg 900w, http:\/\/delamanodemaria.com\/wp-content\/uploads\/2018\/09\/Arcangeles_29Septiembre-300x167.jpg 300w, http:\/\/delamanodemaria.com\/wp-content\/uploads\/2018\/09\/Arcangeles_29Septiembre-768x427.jpg 768w, http:\/\/delamanodemaria.com\/wp-content\/uploads\/2018\/09\/Arcangeles_29Septiembre-500x278.jpg 500w\" sizes=\"(max-width: 900px) 100vw, 900px\" \/><\/figure>\n\n\n\n<p class=\"has-drop-cap\">Hoy celebramos la Fiesta de los Santos\nArc\u00e1ngeles Miguel, Gabriel y Rafael. La existencia de esos \u201cseres espirituales,\nno corporales, que la Sagrada Escritura llama \u00e1ngeles, es una vedad de fe\u201d\n(Catecismo de la Iglesia Cat\u00f3lica 328). Contin\u00faa diciendo el CIC que estos\nseres \u201cen tanto que criaturas puramente espirituales, tienen inteligencia y\nvoluntad: son criaturas personales e inmortales (<em>Cfr<\/em>. Lc 20,36). Superan\nen perfecci\u00f3n a todas las criaturas visibles\u201d (330). De ah\u00ed que en la Carta a\nlos Hebreos, se nos diga: \u201c\u00bfQu\u00e9 es el hombre para que te acuerdes de \u00e9l, el\nHijo del hombre para que lo tomes en cuenta? Por un momento lo hiciste m\u00e1s bajo\nque los \u00e1ngeles;\u2026 (Hb 2,6-7)\u201d.<\/p>\n\n\n\n<p>Vemos a los \u00e1ngeles interviniendo como\nmensajeros de Dios a lo largo de toda la historia de la salvaci\u00f3n. La Biblia y\nla Tradici\u00f3n nos enumeran a los \u00e1ngeles en tres jerarqu\u00edas divididas en tres\ncoros cada una, para un total de nueve coros u \u00f3rdenes ang\u00e9licos. En la tercera\njerarqu\u00eda se cuentan los \u201cPrincipados\u201d, los \u201cArc\u00e1ngeles\u201d y los \u201c\u00c1ngeles\u201d.<\/p>\n\n\n\n<p>San Agust\u00edn dice al respecto que \u201c[e]l nombre\nde \u00e1ngel indica su oficio, no su naturaleza. Si preguntas por su naturaleza, te\ndir\u00e9 que es un esp\u00edritu; si preguntas por lo que hace, te dir\u00e9 que es un \u00e1ngel\u201d\n(<em>Cfr<\/em>. CIC 329). As\u00ed cada uno de los \u00e1ngeles tiene un oficio, como\naquellos encargados de custodiarnos (los llamados \u00e1ngeles custodios o \u00e1ngeles\nde la guarda, cuya memoria celebramos el 2 de octubre). De hecho, el\nsignificado de sus nombres apunta hacia su oficio. Miguel significa \u201c\u00bfqui\u00e9n como\nDios?\u201d, Gabriel significa \u201cfuerza de Dios\u201d, y Rafael significa \u201cDios ha curado\u201d\no \u201cmedicina de Dios\u201d.<\/p>\n\n\n\n<p>A los Santos Arc\u00e1ngeles Miguel, Gabriel y\nRafael los encontramos interviniendo directamente en la vida de los hombres (<em>Cfr<\/em>.\nEx 23,20) para llevar a cabo una misi\u00f3n encomendada por el mismo Dios. Sus\nnombres se mencionan en la Sagrada Escritura. As\u00ed por ejemplo, encontramos a\nSan Miguel en el libro de Daniel (10,13; 12,1; Ap 12,7-9); a San Gabriel en Dn\n9,21; Lc 1,26 (la Anunciaci\u00f3n); y a Rafael en Tb 12,15. Por eso celebramos esta\nfiesta lit\u00fargica.<\/p>\n\n\n\n<p>La liturgia de hoy nos presenta dos textos\nalternativos como primera lectura (Dn 7,9-10, o Ap 12,7-12a). El primero nos\npresenta una visi\u00f3n del profeta sobre la corte celestial con miles de \u00e1ngeles\nsirvi\u00e9ndole. El segundo es el conocido texto de la batalla final entre Miguel,\nal mando de las legiones ang\u00e9licas, contra el \u201cdrag\u00f3n\u201d que intentaba comerse el\nhijo de la \u201cmujer\u201d, y c\u00f3mo \u00e9ste queda derrotado y es arrojado para siempre del\ncielo.<\/p>\n\n\n\n<p>Sin pretender entrar en una ex\u00e9gesis de este\npasaje tan provocador, baste se\u00f1alar que podemos ver c\u00f3mo Dios se vale de sus\nseres ang\u00e9licos para proteger a los que le creen. Por tanto, siendo seres que\nest\u00e1n cerca de Dios, no debemos vacilar en pedir su intercesi\u00f3n.<\/p>\n\n\n\n<p>La lectura evang\u00e9lica (Jn 1,47-51), por su\nparte, nos narra la vocaci\u00f3n de Bartolom\u00e9, a quien Juan llama Natanael, que la\nliturgia coloca dentro de esta fiesta por la sentencia pronunciada por Jes\u00fas al\nfinal del pasaje, que confirma la existencia de los \u00e1ngeles: \u201cEn verdad, en\nverdad os digo: ver\u00e9is el cielo abierto y a los \u00e1ngeles de Dios subir y bajar\nsobre el Hijo del hombre\u201d.<\/p>\n<div style=\"padding-bottom:20px; padding-top:10px;\" class=\"hupso-share-buttons\"><!-- Hupso Share Buttons - https:\/\/www.hupso.com\/share\/ --><a class=\"hupso_toolbar\" href=\"https:\/\/www.hupso.com\/share\/\"><img src=\"http:\/\/static.hupso.com\/share\/buttons\/lang\/es\/share-medium.png\" style=\"border:0px; padding-top: 5px; float:left;\" alt=\"Share Button\"\/><\/a><script type=\"text\/javascript\">var hupso_services_t=new Array(\"Twitter\",\"Facebook\",\"Google Plus\",\"Pinterest\",\"Linkedin\",\"Email\",\"Print\");var hupso_background_t=\"#EAF4FF\";var hupso_border_t=\"#66CCFF\";var hupso_toolbar_size_t=\"medium\";var hupso_image_folder_url = \"\";var hupso_twitter_via=\"hectorops\";var hupso_url_t=\"\";var hupso_title_t=\"REFLEXI%C3%93N%20PARA%20LA%20FIESTA%20DE%20LOS%20SANTOS%20ARC%C3%81NGELES%20MIGUEL%2C%20GABRIEL%20Y%20RAFAEL%2029-09-20\";<\/script><script type=\"text\/javascript\" src=\"http:\/\/static.hupso.com\/share\/js\/share_toolbar.js\"><\/script><!-- Hupso Share Buttons --><\/div>","protected":false},"excerpt":{"rendered":"<p>Hoy celebramos la Fiesta de los Santos Arc\u00e1ngeles Miguel, Gabriel y Rafael. La existencia de esos \u201cseres espirituales, no corporales, que la Sagrada Escritura llama \u00e1ngeles, es una vedad de fe\u201d (Catecismo de la Iglesia Cat\u00f3lica 328). Contin\u00faa diciendo el &hellip; <a href=\"http:\/\/delamanodemaria.com\/?p=14292\">Continue reading <span class=\"meta-nav\">&rarr;<\/span><\/a><\/p>\n<div style=\"padding-bottom:20px; padding-top:10px;\" class=\"hupso-share-buttons\"><!-- Hupso Share Buttons - https:\/\/www.hupso.com\/share\/ --><a class=\"hupso_toolbar\" href=\"https:\/\/www.hupso.com\/share\/\"><img src=\"http:\/\/static.hupso.com\/share\/buttons\/lang\/es\/share-medium.png\" style=\"border:0px; padding-top: 5px; float:left;\" alt=\"Share Button\"\/><\/a><script type=\"text\/javascript\">var hupso_services_t=new Array(\"Twitter\",\"Facebook\",\"Google Plus\",\"Pinterest\",\"Linkedin\",\"Email\",\"Print\");var hupso_background_t=\"#EAF4FF\";var hupso_border_t=\"#66CCFF\";var hupso_toolbar_size_t=\"medium\";var hupso_image_folder_url = \"\";var hupso_twitter_via=\"hectorops\";var hupso_url_t=\"\";var hupso_title_t=\"REFLEXI%C3%93N%20PARA%20LA%20FIESTA%20DE%20LOS%20SANTOS%20ARC%C3%81NGELES%20MIGUEL%2C%20GABRIEL%20Y%20RAFAEL%2029-09-20\";<\/script><script type=\"text\/javascript\" src=\"http:\/\/static.hupso.com\/share\/js\/share_toolbar.js\"><\/script><!-- Hupso Share Buttons --><\/div>","protected":false},"author":1,"featured_media":10490,"comment_status":"open","ping_status":"open","sticky":false,"template":"","format":"standard","meta":{"jetpack_post_was_ever_published":false,"_jetpack_newsletter_access":"","_jetpack_newsletter_tier_id":0,"jetpack_publicize_message":"","jetpack_is_tweetstorm":false,"jetpack_publicize_feature_enabled":true,"jetpack_social_post_already_shared":true,"jetpack_social_options":{"image_generator_settings":{"template":"highway","enabled":false}}},"categories":[1],"tags":[175,4306,648,266,435,360,2241,1007,650,4303,4305,4304,2546,649,1081,1523,1039,651,2,4302,2545,722,2247],"jetpack_publicize_connections":[],"jetpack_featured_media_url":"http:\/\/delamanodemaria.com\/wp-content\/uploads\/2018\/09\/Arcangeles_29Septiembre.jpg","jetpack_shortlink":"https:\/\/wp.me\/p3bBgS-3Iw","jetpack_sharing_enabled":true,"jetpack_likes_enabled":true,"_links":{"self":[{"href":"http:\/\/delamanodemaria.com\/index.php?rest_route=\/wp\/v2\/posts\/14292"}],"collection":[{"href":"http:\/\/delamanodemaria.com\/index.php?rest_route=\/wp\/v2\/posts"}],"about":[{"href":"http:\/\/delamanodemaria.com\/index.php?rest_route=\/wp\/v2\/types\/post"}],"author":[{"embeddable":true,"href":"http:\/\/delamanodemaria.com\/index.php?rest_route=\/wp\/v2\/users\/1"}],"replies":[{"embeddable":true,"href":"http:\/\/delamanodemaria.com\/index.php?rest_route=%2Fwp%2Fv2%2Fcomments&post=14292"}],"version-history":[{"count":2,"href":"http:\/\/delamanodemaria.com\/index.php?rest_route=\/wp\/v2\/posts\/14292\/revisions"}],"predecessor-version":[{"id":14294,"href":"http:\/\/delamanodemaria.com\/index.php?rest_route=\/wp\/v2\/posts\/14292\/revisions\/14294"}],"wp:featuredmedia":[{"embeddable":true,"href":"http:\/\/delamanodemaria.com\/index.php?rest_route=\/wp\/v2\/media\/10490"}],"wp:attachment":[{"href":"http:\/\/delamanodemaria.com\/index.php?rest_route=%2Fwp%2Fv2%2Fmedia&parent=14292"}],"wp:term":[{"taxonomy":"category","embeddable":true,"href":"http:\/\/delamanodemaria.com\/index.php?rest_route=%2Fwp%2Fv2%2Fcategories&post=14292"},{"taxonomy":"post_tag","embeddable":true,"href":"http:\/\/delamanodemaria.com\/index.php?rest_route=%2Fwp%2Fv2%2Ftags&post=14292"}],"curies":[{"name":"wp","href":"https:\/\/api.w.org\/{rel}","templated":true}]}}