{"id":1430,"date":"2013-07-09T21:56:11","date_gmt":"2013-07-10T01:56:11","guid":{"rendered":"http:\/\/delamanodemaria.com\/?p=1430"},"modified":"2013-07-09T21:56:11","modified_gmt":"2013-07-10T01:56:11","slug":"reflexion-para-el-miercoles-10-07-13","status":"publish","type":"post","link":"http:\/\/delamanodemaria.com\/?p=1430","title":{"rendered":"REFLEXI\u00d3N PARA EL MI\u00c9RCOLES 10-07-13"},"content":{"rendered":"<p><a href=\"http:\/\/delamanodemaria.com\/wp-content\/uploads\/2013\/07\/jesus-envia-apostoles.jpg\"><img decoding=\"async\" loading=\"lazy\" class=\"alignnone size-full wp-image-1431\" alt=\"jesus-envia-apostoles\" src=\"http:\/\/delamanodemaria.com\/wp-content\/uploads\/2013\/07\/jesus-envia-apostoles.jpg\" width=\"600\" height=\"250\" srcset=\"http:\/\/delamanodemaria.com\/wp-content\/uploads\/2013\/07\/jesus-envia-apostoles.jpg 600w, http:\/\/delamanodemaria.com\/wp-content\/uploads\/2013\/07\/jesus-envia-apostoles-300x125.jpg 300w, http:\/\/delamanodemaria.com\/wp-content\/uploads\/2013\/07\/jesus-envia-apostoles-500x208.jpg 500w\" sizes=\"(max-width: 600px) 100vw, 600px\" \/><\/a><\/p>\n<p><span style=\"font-size: large;\">La lectura evang\u00e9lica que nos brinda la liturgia de hoy (10,1-7) es el comienzo del llamado discurso misionero, o de env\u00edo, de Jes\u00fas a sus ap\u00f3stoles, que ocupa todo cap\u00edtulo 10 del Evangelio seg\u00fan san Mateo. El pasado domingo XIV del tiempo ordinario le\u00edamos el env\u00edo de los \u201csetenta y dos\u201d (Lc 10,1-9), que ir\u00edan delante de Jes\u00fas a prepararle el camino a los lugares que pensaba visitar. La lectura que Mateo nos presenta hoy es el env\u00edo de los \u201cdoce\u201d. Ya no se trata de una \u201cavanzada\u201d; se trata de aquellos que van a compartir con \u00c9l la responsabilidad de llevar a cabo y continuar la misi\u00f3n que el Padre le hab\u00eda encomendado.<\/span><\/p>\n<p><span style=\"font-size: large;\">Por eso nos dice la escritura que en primer lugar, \u201cllamando a sus doce disc\u00edpulos, les dio autoridad para expulsar esp\u00edritus inmundos y curar toda enfermedad y dolencia\u201d. Les deleg\u00f3 su autoridad. Los primeros obispos. El primer signo de la Iglesia apost\u00f3lica.<\/span><\/p>\n<p><span style=\"font-size: large;\">Luego Mateo se toma el trabajo de mencionarlos a todos por su nombre. Ya no se trata de un grupo an\u00f3nimo de setenta y dos disc\u00edpulos. Se trata de los \u201cdoce\u201d, a quienes Mateo llama \u201cap\u00f3stoles\u201d al identificarlos por sus nombres. Estos son aquellos a quienes Jes\u00fas, luego de pasar una noche entera en oraci\u00f3n, escogi\u00f3 de entre sus disc\u00edpulos para que continuaran Su misi\u00f3n, llam\u00e1ndoles ap\u00f3stoles (Lc 6,12-13).<\/span><\/p>\n<p><span style=\"font-size: large;\">Luego de delegarles su autoridad, comenz\u00f3 a darles las instrucciones, la primera de las cuales la que recoge la lectura de hoy: \u201cNo vay\u00e1is a tierra de gentiles, ni entr\u00e9is en las ciudades de Samaria, sino id a las ovejas descarriadas de Israel. Id y proclamad que el reino de los cielos est\u00e1 cerca\u201d.<\/span><\/p>\n<p><span style=\"font-size: large;\">Recordemos que Mateo escribi\u00f3 su relato evang\u00e9lico para los jud\u00edos de Palestina convertidos al cristianismo, para demostrar que Jes\u00fas era el Mes\u00edas anunciado por los profetas; que en el \u00c9l se cumpl\u00edan todas las profec\u00edas y promesas del Antiguo Testamento. Por eso Mateo enfatiza que Jes\u00fas envi\u00f3 a los ap\u00f3stoles en primera instancia a proclamar el anuncio del Reino al pueblo jud\u00edo, que ellos entend\u00edan era el recipiente de todas esas promesas.<\/span><\/p>\n<p><span style=\"font-size: large;\">Es decir, que a pesar de que luego de su Resurrecci\u00f3n nos dir\u00eda que su mensaje liberador iba dirigido a toda la humanidad (Mt 28,19), instando a los ap\u00f3stoles a ir a hacer disc\u00edpulos a todas las naciones, decidi\u00f3 \u201ccomenzar por la casa\u201d.<\/span><\/p>\n<p><span style=\"font-size: large;\">Si examinamos nuestra Iglesia, vemos que, al igual que aquellos primeros ap\u00f3stoles, debemos comenzar evangelizando, formando a los \u201cnuestros\u201d antes que a los \u201cde afuera\u201d. Fortalecer nuestra Iglesia para entonces poder llevar nuestra misi\u00f3n evangelizadora a todas las gentes. De ah\u00ed nuestra insistencia en la formaci\u00f3n de nuestra feligres\u00eda. Personas cuya fe se \u201cenfr\u00eda\u201d y terminan alej\u00e1ndose, por desconocimiento de la riqueza de nuestra tradici\u00f3n, nuestra liturgia y, sobre todo, de los fundamentos b\u00edblicos de nuestra Iglesia, la \u00fanica fundada por Jesucristo. Personas que se \u201caburren\u201d en nuestras celebraciones lit\u00fargicas, sencillamente porque desconocen lo que est\u00e1 ocurriendo. No se puede amar lo que no se conoce.<\/span><\/p>\n<p><span style=\"font-size: large;\">Todos estamos llamados a evangelizar. Pero vayamos primeramente \u201ca las ovejas descarriadas\u201d de nuestra Iglesia. Comencemos pues, al igual que \u201clos doce\u201d, por nuestra familia, nuestra comunidad parroquial, especialmente a los que se han alejado\u2026<\/span><\/p>\n<div style=\"padding-bottom:20px; padding-top:10px;\" class=\"hupso-share-buttons\"><!-- Hupso Share Buttons - https:\/\/www.hupso.com\/share\/ --><a class=\"hupso_toolbar\" href=\"https:\/\/www.hupso.com\/share\/\"><img src=\"http:\/\/static.hupso.com\/share\/buttons\/lang\/es\/share-medium.png\" style=\"border:0px; padding-top: 5px; float:left;\" alt=\"Share Button\"\/><\/a><script type=\"text\/javascript\">var hupso_services_t=new Array(\"Twitter\",\"Facebook\",\"Google Plus\",\"Pinterest\",\"Linkedin\",\"Email\",\"Print\");var hupso_background_t=\"#EAF4FF\";var hupso_border_t=\"#66CCFF\";var hupso_toolbar_size_t=\"medium\";var hupso_image_folder_url = \"\";var hupso_twitter_via=\"hectorops\";var hupso_url_t=\"\";var hupso_title_t=\"REFLEXI%C3%93N%20PARA%20EL%20MI%C3%89RCOLES%2010-07-13\";<\/script><script type=\"text\/javascript\" src=\"http:\/\/static.hupso.com\/share\/js\/share_toolbar.js\"><\/script><!-- Hupso Share Buttons --><\/div>","protected":false},"excerpt":{"rendered":"<p>La lectura evang\u00e9lica que nos brinda la liturgia de hoy (10,1-7) es el comienzo del llamado discurso misionero, o de env\u00edo, de Jes\u00fas a sus ap\u00f3stoles, que ocupa todo cap\u00edtulo 10 del Evangelio seg\u00fan san Mateo. El pasado domingo XIV &hellip; <a href=\"http:\/\/delamanodemaria.com\/?p=1430\">Continue reading <span class=\"meta-nav\">&rarr;<\/span><\/a><\/p>\n<div style=\"padding-bottom:20px; padding-top:10px;\" class=\"hupso-share-buttons\"><!-- Hupso Share Buttons - https:\/\/www.hupso.com\/share\/ --><a class=\"hupso_toolbar\" href=\"https:\/\/www.hupso.com\/share\/\"><img src=\"http:\/\/static.hupso.com\/share\/buttons\/lang\/es\/share-medium.png\" style=\"border:0px; padding-top: 5px; float:left;\" alt=\"Share Button\"\/><\/a><script type=\"text\/javascript\">var hupso_services_t=new Array(\"Twitter\",\"Facebook\",\"Google Plus\",\"Pinterest\",\"Linkedin\",\"Email\",\"Print\");var hupso_background_t=\"#EAF4FF\";var hupso_border_t=\"#66CCFF\";var hupso_toolbar_size_t=\"medium\";var hupso_image_folder_url = \"\";var hupso_twitter_via=\"hectorops\";var hupso_url_t=\"\";var hupso_title_t=\"REFLEXI%C3%93N%20PARA%20EL%20MI%C3%89RCOLES%2010-07-13\";<\/script><script type=\"text\/javascript\" src=\"http:\/\/static.hupso.com\/share\/js\/share_toolbar.js\"><\/script><!-- Hupso Share Buttons --><\/div>","protected":false},"author":1,"featured_media":0,"comment_status":"open","ping_status":"open","sticky":false,"template":"","format":"standard","meta":{"jetpack_post_was_ever_published":false,"_jetpack_newsletter_access":"","_jetpack_newsletter_tier_id":0,"jetpack_publicize_message":"","jetpack_is_tweetstorm":false,"jetpack_publicize_feature_enabled":true,"jetpack_social_post_already_shared":true,"jetpack_social_options":{"image_generator_settings":{"template":"highway","enabled":false}}},"categories":[1],"tags":[213,89,3,70,214,139,56,2,97,54],"jetpack_publicize_connections":[],"jetpack_featured_media_url":"","jetpack_shortlink":"https:\/\/wp.me\/p3bBgS-n4","jetpack_sharing_enabled":true,"jetpack_likes_enabled":true,"_links":{"self":[{"href":"http:\/\/delamanodemaria.com\/index.php?rest_route=\/wp\/v2\/posts\/1430"}],"collection":[{"href":"http:\/\/delamanodemaria.com\/index.php?rest_route=\/wp\/v2\/posts"}],"about":[{"href":"http:\/\/delamanodemaria.com\/index.php?rest_route=\/wp\/v2\/types\/post"}],"author":[{"embeddable":true,"href":"http:\/\/delamanodemaria.com\/index.php?rest_route=\/wp\/v2\/users\/1"}],"replies":[{"embeddable":true,"href":"http:\/\/delamanodemaria.com\/index.php?rest_route=%2Fwp%2Fv2%2Fcomments&post=1430"}],"version-history":[{"count":1,"href":"http:\/\/delamanodemaria.com\/index.php?rest_route=\/wp\/v2\/posts\/1430\/revisions"}],"predecessor-version":[{"id":1432,"href":"http:\/\/delamanodemaria.com\/index.php?rest_route=\/wp\/v2\/posts\/1430\/revisions\/1432"}],"wp:attachment":[{"href":"http:\/\/delamanodemaria.com\/index.php?rest_route=%2Fwp%2Fv2%2Fmedia&parent=1430"}],"wp:term":[{"taxonomy":"category","embeddable":true,"href":"http:\/\/delamanodemaria.com\/index.php?rest_route=%2Fwp%2Fv2%2Fcategories&post=1430"},{"taxonomy":"post_tag","embeddable":true,"href":"http:\/\/delamanodemaria.com\/index.php?rest_route=%2Fwp%2Fv2%2Ftags&post=1430"}],"curies":[{"name":"wp","href":"https:\/\/api.w.org\/{rel}","templated":true}]}}