{"id":14381,"date":"2020-10-13T20:05:07","date_gmt":"2020-10-14T00:05:07","guid":{"rendered":"http:\/\/delamanodemaria.com\/?p=14381"},"modified":"2020-10-13T20:05:07","modified_gmt":"2020-10-14T00:05:07","slug":"reflexion-para-el-miercoles-de-la-vigesima-octava-semana-del-t-o-2-14-10-20","status":"publish","type":"post","link":"http:\/\/delamanodemaria.com\/?p=14381","title":{"rendered":"REFLEXI\u00d3N PARA EL MI\u00c9RCOLES DE LA VIG\u00c9SIMA OCTAVA SEMANA DEL T.O. (2) 14-10-20"},"content":{"rendered":"\n<figure class=\"wp-block-image\"><img decoding=\"async\" loading=\"lazy\" width=\"720\" height=\"697\" src=\"http:\/\/delamanodemaria.com\/wp-content\/uploads\/2019\/10\/Papa-Francisco-en-fila.jpg\" alt=\"\" class=\"wp-image-12380\" srcset=\"http:\/\/delamanodemaria.com\/wp-content\/uploads\/2019\/10\/Papa-Francisco-en-fila.jpg 720w, http:\/\/delamanodemaria.com\/wp-content\/uploads\/2019\/10\/Papa-Francisco-en-fila-300x290.jpg 300w, http:\/\/delamanodemaria.com\/wp-content\/uploads\/2019\/10\/Papa-Francisco-en-fila-310x300.jpg 310w\" sizes=\"(max-width: 720px) 100vw, 720px\" \/><figcaption>Papa Francisco opt\u00f3 por hace fila como todos&#8230; <\/figcaption><\/figure>\n\n\n\n<p>En la lectura evang\u00e9lica que nos brinda la\nliturgia para hoy (Lc 11,42-46), Jes\u00fas contin\u00faa su condena a los fariseos y\ndoctores de la ley, lanzando contra ellos \u201cayes\u201d que resaltan su hipocres\u00eda al\n\u201ccumplir\u201d con la ley, mientras \u201cpasan por alto el derecho y el amor de Dios\u201d.\nJes\u00fas sigue insistiendo en la primac\u00eda del amor y la pureza de coraz\u00f3n por\nencima del ritualismo vac\u00edo de aquellos que buscan agradar a los hombres m\u00e1s\nque a Dios o, peor a\u00fan, acallar su propia conciencia ante la vida desordenada\nque llevan. Todos los reconocimientos y elogios que su conducta pueda propiciar\nno les servir\u00e1n de nada ante los ojos del Se\u00f1or, que ve en lo m\u00e1s profundo de\nnuestros corazones, por encima de las apariencias (<em>Cfr<\/em>. Salmo 138; 1 Sam\n16,7).<\/p>\n\n\n\n<p>As\u00ed, critica tambi\u00e9n inmisericordemente a\naquellos a quienes les encantan los reconocimientos y asientos de honor en las\nsinagogas (\u00a1cu\u00e1ntos de esos tenemos hoy en d\u00eda!), y a los que estando en\nposiciones de autoridad abruman a otros con cargas muy pesadas que ellos mismos\nno est\u00e1n dispuestos a soportar.<\/p>\n\n\n\n<p>El Se\u00f1or nos est\u00e1 pidiendo que practiquemos el\nderecho y el amor de Dios ante todo; que no nos limitemos a hablar grandes\ndiscursos sobre la fe, demostrando nuestro conocimiento de la misma, sino que asumamos\nnuestra responsabilidad como cristianos de practicar la justicia y el derecho,\nque no es otra cosa que cumplir la Ley del amor. De lo contrario seremos\ncristianos de \u201cpintura y capota\u201d, \u201csepulcros blanqueados\u201d, hip\u00f3critas, que\npresentamos una fachada admirable y hermosa ante los hombres, mientras por\ndentro estamos podridos.<\/p>\n\n\n\n<p>Somos muy dados a juzgar a los dem\u00e1s, a ver la\npaja en el ojo ajeno ignorando la viga que tenemos en el nuestro (<em>Cfr<\/em>.\nMt 7,3), olvid\u00e1ndonos que nosotros tambi\u00e9n seremos juzgados. Es a lo que nos\ninsta san Pablo en la primera lectura de hoy (G\u00e1l 5, 18-25 2,1-11) cuando nos\ndice: \u201cSi vivimos seg\u00fan el Esp\u00edritu, obremos tambi\u00e9n seg\u00fan el Esp\u00edritu.\u201d.<\/p>\n\n\n\n<p>A partir del <em>A\u00f1o del Jubileo Extraordinario de la Misericordia<\/em> proclamado por el\npapa Francisco hace unos a\u00f1os, este nos ha venido invitando a todos, al pueblo\nsanto de Dios que es la Iglesia, a poner el \u00e9nfasis en la misericordia por\nencima de la rigidez de las instituciones, de los t\u00edtulos y la jerarqu\u00eda. La\nIglesia del siglo XXI ha de ser la Iglesia de los pobres, de los marginados. De\nellos se nutre y a ellos se debe. Y para lograrlo no hay que reinventar la\nrueda, lo \u00fanico que se requiere es leer y poner en pr\u00e1ctica el Evangelio de\nJesucristo y los documentos del Concilio Vaticano II.<\/p>\n\n\n\n<p>Siempre que pienso en la Iglesia de los pobres\nvienen a mi mente las palabras que el Esp\u00edritu Santo puso en boca del <em>Cardenal\nClaudio Hummes<\/em> cuando le dijo al entonces Cardenal Bergoglio al momento de\nser elegido como Papa: \u201cNo te olvides de los pobres\u201d; frase que dio origen al\nnombre papal que este escogi\u00f3.<\/p>\n\n\n\n<p>Hoy, pidamos al Se\u00f1or nos conceda un coraz\u00f3n\npuro que nos permita guiar nuestras obras por la justicia y el amor a Dios y al\npr\u00f3jimo, no por los m\u00e9ritos o reconocimiento que podamos recibir por las\nmismas.<\/p>\n<div style=\"padding-bottom:20px; padding-top:10px;\" class=\"hupso-share-buttons\"><!-- Hupso Share Buttons - https:\/\/www.hupso.com\/share\/ --><a class=\"hupso_toolbar\" href=\"https:\/\/www.hupso.com\/share\/\"><img src=\"http:\/\/static.hupso.com\/share\/buttons\/lang\/es\/share-medium.png\" style=\"border:0px; padding-top: 5px; float:left;\" alt=\"Share Button\"\/><\/a><script type=\"text\/javascript\">var hupso_services_t=new Array(\"Twitter\",\"Facebook\",\"Google Plus\",\"Pinterest\",\"Linkedin\",\"Email\",\"Print\");var hupso_background_t=\"#EAF4FF\";var hupso_border_t=\"#66CCFF\";var hupso_toolbar_size_t=\"medium\";var hupso_image_folder_url = \"\";var hupso_twitter_via=\"hectorops\";var hupso_url_t=\"\";var hupso_title_t=\"REFLEXI%C3%93N%20PARA%20EL%20MI%C3%89RCOLES%20DE%20LA%20VIG%C3%89SIMA%20OCTAVA%20SEMANA%20DEL%20T.O.%20%282%29%2014-10-20\";<\/script><script type=\"text\/javascript\" src=\"http:\/\/static.hupso.com\/share\/js\/share_toolbar.js\"><\/script><!-- Hupso Share Buttons --><\/div>","protected":false},"excerpt":{"rendered":"<p>En la lectura evang\u00e9lica que nos brinda la liturgia para hoy (Lc 11,42-46), Jes\u00fas contin\u00faa su condena a los fariseos y doctores de la ley, lanzando contra ellos \u201cayes\u201d que resaltan su hipocres\u00eda al \u201ccumplir\u201d con la ley, mientras \u201cpasan &hellip; <a href=\"http:\/\/delamanodemaria.com\/?p=14381\">Continue reading <span class=\"meta-nav\">&rarr;<\/span><\/a><\/p>\n<div style=\"padding-bottom:20px; padding-top:10px;\" class=\"hupso-share-buttons\"><!-- Hupso Share Buttons - https:\/\/www.hupso.com\/share\/ --><a class=\"hupso_toolbar\" href=\"https:\/\/www.hupso.com\/share\/\"><img src=\"http:\/\/static.hupso.com\/share\/buttons\/lang\/es\/share-medium.png\" style=\"border:0px; padding-top: 5px; float:left;\" alt=\"Share Button\"\/><\/a><script type=\"text\/javascript\">var hupso_services_t=new Array(\"Twitter\",\"Facebook\",\"Google Plus\",\"Pinterest\",\"Linkedin\",\"Email\",\"Print\");var hupso_background_t=\"#EAF4FF\";var hupso_border_t=\"#66CCFF\";var hupso_toolbar_size_t=\"medium\";var hupso_image_folder_url = \"\";var hupso_twitter_via=\"hectorops\";var hupso_url_t=\"\";var hupso_title_t=\"REFLEXI%C3%93N%20PARA%20EL%20MI%C3%89RCOLES%20DE%20LA%20VIG%C3%89SIMA%20OCTAVA%20SEMANA%20DEL%20T.O.%20%282%29%2014-10-20\";<\/script><script type=\"text\/javascript\" src=\"http:\/\/static.hupso.com\/share\/js\/share_toolbar.js\"><\/script><!-- Hupso Share Buttons --><\/div>","protected":false},"author":1,"featured_media":12380,"comment_status":"open","ping_status":"open","sticky":false,"template":"","format":"standard","meta":{"jetpack_post_was_ever_published":false,"_jetpack_newsletter_access":"","_jetpack_newsletter_tier_id":0,"jetpack_publicize_message":"","jetpack_is_tweetstorm":false,"jetpack_publicize_feature_enabled":true,"jetpack_social_post_already_shared":true,"jetpack_social_options":{"image_generator_settings":{"template":"highway","enabled":false}}},"categories":[1],"tags":[586,2554,3314,626,4358,2307,211,2804,4201,4356,670,1287,3120,502,4230,938,4357,1055,428,19,760,2656,2555,2,1038,3315,722],"jetpack_publicize_connections":[],"jetpack_featured_media_url":"http:\/\/delamanodemaria.com\/wp-content\/uploads\/2019\/10\/Papa-Francisco-en-fila.jpg","jetpack_shortlink":"https:\/\/wp.me\/p3bBgS-3JX","jetpack_sharing_enabled":true,"jetpack_likes_enabled":true,"_links":{"self":[{"href":"http:\/\/delamanodemaria.com\/index.php?rest_route=\/wp\/v2\/posts\/14381"}],"collection":[{"href":"http:\/\/delamanodemaria.com\/index.php?rest_route=\/wp\/v2\/posts"}],"about":[{"href":"http:\/\/delamanodemaria.com\/index.php?rest_route=\/wp\/v2\/types\/post"}],"author":[{"embeddable":true,"href":"http:\/\/delamanodemaria.com\/index.php?rest_route=\/wp\/v2\/users\/1"}],"replies":[{"embeddable":true,"href":"http:\/\/delamanodemaria.com\/index.php?rest_route=%2Fwp%2Fv2%2Fcomments&post=14381"}],"version-history":[{"count":2,"href":"http:\/\/delamanodemaria.com\/index.php?rest_route=\/wp\/v2\/posts\/14381\/revisions"}],"predecessor-version":[{"id":14383,"href":"http:\/\/delamanodemaria.com\/index.php?rest_route=\/wp\/v2\/posts\/14381\/revisions\/14383"}],"wp:featuredmedia":[{"embeddable":true,"href":"http:\/\/delamanodemaria.com\/index.php?rest_route=\/wp\/v2\/media\/12380"}],"wp:attachment":[{"href":"http:\/\/delamanodemaria.com\/index.php?rest_route=%2Fwp%2Fv2%2Fmedia&parent=14381"}],"wp:term":[{"taxonomy":"category","embeddable":true,"href":"http:\/\/delamanodemaria.com\/index.php?rest_route=%2Fwp%2Fv2%2Fcategories&post=14381"},{"taxonomy":"post_tag","embeddable":true,"href":"http:\/\/delamanodemaria.com\/index.php?rest_route=%2Fwp%2Fv2%2Ftags&post=14381"}],"curies":[{"name":"wp","href":"https:\/\/api.w.org\/{rel}","templated":true}]}}