{"id":14470,"date":"2020-10-30T17:37:51","date_gmt":"2020-10-30T21:37:51","guid":{"rendered":"http:\/\/delamanodemaria.com\/?p=14470"},"modified":"2020-10-30T17:37:51","modified_gmt":"2020-10-30T21:37:51","slug":"reflexion-para-el-sabado-de-la-trigesima-semana-del-t-o-2-31-10-20","status":"publish","type":"post","link":"http:\/\/delamanodemaria.com\/?p=14470","title":{"rendered":"REFLEXI\u00d3N PARA EL S\u00c1BADO DE LA TRIG\u00c9SIMA SEMANA DEL T.O. (2) 31-10-20"},"content":{"rendered":"\n<figure class=\"wp-block-image\"><img decoding=\"async\" loading=\"lazy\" width=\"600\" height=\"338\" src=\"http:\/\/delamanodemaria.com\/wp-content\/uploads\/2016\/10\/papa-francisco-sentado-atr\u00e1s.jpg\" alt=\"\" class=\"wp-image-7893\" srcset=\"http:\/\/delamanodemaria.com\/wp-content\/uploads\/2016\/10\/papa-francisco-sentado-atr\u00e1s.jpg 600w, http:\/\/delamanodemaria.com\/wp-content\/uploads\/2016\/10\/papa-francisco-sentado-atr\u00e1s-300x169.jpg 300w, http:\/\/delamanodemaria.com\/wp-content\/uploads\/2016\/10\/papa-francisco-sentado-atr\u00e1s-500x282.jpg 500w\" sizes=\"(max-width: 600px) 100vw, 600px\" \/><figcaption>\u201cAl contrario, el que es m\u00e1s grande, que se comporte como el menor, y el que gobierna, como un servidor\u201d <\/figcaption><\/figure>\n\n\n\n<p class=\"has-drop-cap\">La primera lectura de hoy est\u00e1 tomada de la\ncarta del ap\u00f3stol san Pablo a los Filipenses (18b-26) que, como hemos dicho en\notras ocasiones, fue escrita mientras Pablo estaba en prisi\u00f3n en Roma. Este\npasaje nos presenta la actitud que debe tener el verdadero cristiano ante la\nadversidad, confiado en que el Se\u00f1or dispone todo para nuestro bien (<em>Cfr.<\/em> Rm 8,28), incluyendo la p\u00e9rdida de lo\nm\u00e1s preciado que tenemos: la libertad.<\/p>\n\n\n\n<p>Por eso les dice a los de Filipos que se\nalegra de estar en prisi\u00f3n, y de su posible martirio: \u201cyo me alegro; y me\nseguir\u00e9 alegrando, porque s\u00e9 que esto ser\u00e1 para mi bien, gracias a vuestras\noraciones y al Esp\u00edritu de Jesucristo que me socorre\u201d. \u00a1Y pensar que a veces\nnos quejamos y apesadumbramos por nimiedades!<\/p>\n\n\n\n<p>En el Evangelio (Lc 14,1.7-11), Jes\u00fas se\npercata que los convidados a la fiesta a la que hab\u00eda sido invitado se estaban\npeleando por los primeros puestos. En la cultura jud\u00eda hab\u00eda todo un sistema de\njerarqu\u00edas que determinaba el orden en que las personas iban a sentarse en\ntodos los lugares, desde el Templo hasta en la mesa de comer. \u00a1Cu\u00e1ntos de esos\ntenemos a\u00fan hoy d\u00eda en nuestras comunidades!<\/p>\n\n\n\n<p>Jes\u00fas, como siempre, aprovecha la oportunidad\npara proponerles una par\u00e1bola: \u201cCuando te conviden a una boda, no te sientes en\nel puesto principal, no sea que hayan convidado a otro de m\u00e1s categor\u00eda que t\u00fa;\ny vendr\u00e1 el que os convid\u00f3 a ti y al otro y te dir\u00e1: &#8220;C\u00e9dele el puesto a\n\u00e9ste.&#8221; Entonces, avergonzado, ir\u00e1s a ocupar el \u00faltimo puesto. Al rev\u00e9s,\ncuando te conviden, vete a sentarte en el \u00faltimo puesto, para que, cuando venga\nel que te convid\u00f3, te diga: &#8220;Amigo, sube m\u00e1s arriba.&#8221; Entonces\nquedar\u00e1s muy bien ante todos los comensales. Porque todo el que se enaltece\nser\u00e1 humillado, y el que se humilla ser\u00e1 enaltecido\u201d.<\/p>\n\n\n\n<p>Esta ense\u00f1anza de Jes\u00fas est\u00e1 en la columna\nvertebral de su doctrina, y es un corolario del Amor. \u201cEl que quiera ser el\nprimero, debe hacerse el \u00faltimo de todos y el servidor de todos\u201d (Mc 9,35; Mt\n20,27)\u201d. \u00c9l mismo la pondr\u00e1 en pr\u00e1ctica al lavarles los pies a sus disc\u00edpulos (Jn\n13,4-9), tarea reservada a los esclavos o a los siervos en su tiempo. Luego de\nla \u00faltima cena, cuando los disc\u00edpulos comienzan a discutir sobre qui\u00e9n deb\u00eda\nser considerado m\u00e1s grande, Jes\u00fas les amonesta diciendo: \u201cAl contrario, el que\nes m\u00e1s grande, que se comporte como el menor, y el que gobierna, como un\nservidor\u201d (Lc 22,26).<\/p>\n\n\n\n<p>Jes\u00fas nos invita a seguirle y hemos aceptado\nla invitaci\u00f3n. El verdadero disc\u00edpulo sigue al maestro, pero sobre todo imita\nal maestro. Jes\u00fas nos sienta la pauta. La pregunta obligada es: \u00bfEst\u00e1s\ndispuesto a seguirle?<\/p>\n\n\n\n<p>Se\u00f1or, l\u00edbranos de los falsos orgullos que nos\nllevan a crear \u201cgrupos\u201d entre nuestra comunidad parroquial que excluyen a otros\nque consideran \u201cinferiores\u201d, ya bien sea por diferencias raciales, sociales,\necon\u00f3micas, intelectuales o profesionales. Por el contrario, haznos acoger con\nsincera fraternidad a todos los miembros de nuestra comunidad, con el mismo\namor con que Jes\u00fas nos acoge a nosotros.<\/p>\n\n\n\n<p>Lindo fin de semana a todos; y no olviden visitar la Casa de Padre, aunque sea de manera virtual. En su Mesa hay lugar para todos\u2026<\/p>\n<div style=\"padding-bottom:20px; padding-top:10px;\" class=\"hupso-share-buttons\"><!-- Hupso Share Buttons - https:\/\/www.hupso.com\/share\/ --><a class=\"hupso_toolbar\" href=\"https:\/\/www.hupso.com\/share\/\"><img src=\"http:\/\/static.hupso.com\/share\/buttons\/lang\/es\/share-medium.png\" style=\"border:0px; padding-top: 5px; float:left;\" alt=\"Share Button\"\/><\/a><script type=\"text\/javascript\">var hupso_services_t=new Array(\"Twitter\",\"Facebook\",\"Google Plus\",\"Pinterest\",\"Linkedin\",\"Email\",\"Print\");var hupso_background_t=\"#EAF4FF\";var hupso_border_t=\"#66CCFF\";var hupso_toolbar_size_t=\"medium\";var hupso_image_folder_url = \"\";var hupso_twitter_via=\"hectorops\";var hupso_url_t=\"\";var hupso_title_t=\"REFLEXI%C3%93N%20PARA%20EL%20S%C3%81BADO%20DE%20LA%20TRIG%C3%89SIMA%20SEMANA%20DEL%20T.O.%20%282%29%2031-10-20\";<\/script><script type=\"text\/javascript\" src=\"http:\/\/static.hupso.com\/share\/js\/share_toolbar.js\"><\/script><!-- Hupso Share Buttons --><\/div>","protected":false},"excerpt":{"rendered":"<p>La primera lectura de hoy est\u00e1 tomada de la carta del ap\u00f3stol san Pablo a los Filipenses (18b-26) que, como hemos dicho en otras ocasiones, fue escrita mientras Pablo estaba en prisi\u00f3n en Roma. Este pasaje nos presenta la actitud &hellip; <a href=\"http:\/\/delamanodemaria.com\/?p=14470\">Continue reading <span class=\"meta-nav\">&rarr;<\/span><\/a><\/p>\n<div style=\"padding-bottom:20px; padding-top:10px;\" class=\"hupso-share-buttons\"><!-- Hupso Share Buttons - https:\/\/www.hupso.com\/share\/ --><a class=\"hupso_toolbar\" href=\"https:\/\/www.hupso.com\/share\/\"><img src=\"http:\/\/static.hupso.com\/share\/buttons\/lang\/es\/share-medium.png\" style=\"border:0px; padding-top: 5px; float:left;\" alt=\"Share Button\"\/><\/a><script type=\"text\/javascript\">var hupso_services_t=new Array(\"Twitter\",\"Facebook\",\"Google Plus\",\"Pinterest\",\"Linkedin\",\"Email\",\"Print\");var hupso_background_t=\"#EAF4FF\";var hupso_border_t=\"#66CCFF\";var hupso_toolbar_size_t=\"medium\";var hupso_image_folder_url = \"\";var hupso_twitter_via=\"hectorops\";var hupso_url_t=\"\";var hupso_title_t=\"REFLEXI%C3%93N%20PARA%20EL%20S%C3%81BADO%20DE%20LA%20TRIG%C3%89SIMA%20SEMANA%20DEL%20T.O.%20%282%29%2031-10-20\";<\/script><script type=\"text\/javascript\" src=\"http:\/\/static.hupso.com\/share\/js\/share_toolbar.js\"><\/script><!-- Hupso Share Buttons --><\/div>","protected":false},"author":1,"featured_media":7893,"comment_status":"open","ping_status":"open","sticky":false,"template":"","format":"standard","meta":{"jetpack_post_was_ever_published":false,"_jetpack_newsletter_access":"","_jetpack_newsletter_tier_id":0,"jetpack_publicize_message":"","jetpack_is_tweetstorm":false,"jetpack_publicize_feature_enabled":true,"jetpack_social_post_already_shared":true,"jetpack_social_options":{"image_generator_settings":{"template":"highway","enabled":false}}},"categories":[1],"tags":[1616,30,586,675,4412,809,1287,3120,1099,37,654,4416,2066,2121,4417,697,1617,2,418,1361,722,4418,2120],"jetpack_publicize_connections":[],"jetpack_featured_media_url":"http:\/\/delamanodemaria.com\/wp-content\/uploads\/2016\/10\/papa-francisco-sentado-atr\u00e1s.jpg","jetpack_shortlink":"https:\/\/wp.me\/p3bBgS-3Lo","jetpack_sharing_enabled":true,"jetpack_likes_enabled":true,"_links":{"self":[{"href":"http:\/\/delamanodemaria.com\/index.php?rest_route=\/wp\/v2\/posts\/14470"}],"collection":[{"href":"http:\/\/delamanodemaria.com\/index.php?rest_route=\/wp\/v2\/posts"}],"about":[{"href":"http:\/\/delamanodemaria.com\/index.php?rest_route=\/wp\/v2\/types\/post"}],"author":[{"embeddable":true,"href":"http:\/\/delamanodemaria.com\/index.php?rest_route=\/wp\/v2\/users\/1"}],"replies":[{"embeddable":true,"href":"http:\/\/delamanodemaria.com\/index.php?rest_route=%2Fwp%2Fv2%2Fcomments&post=14470"}],"version-history":[{"count":3,"href":"http:\/\/delamanodemaria.com\/index.php?rest_route=\/wp\/v2\/posts\/14470\/revisions"}],"predecessor-version":[{"id":14473,"href":"http:\/\/delamanodemaria.com\/index.php?rest_route=\/wp\/v2\/posts\/14470\/revisions\/14473"}],"wp:featuredmedia":[{"embeddable":true,"href":"http:\/\/delamanodemaria.com\/index.php?rest_route=\/wp\/v2\/media\/7893"}],"wp:attachment":[{"href":"http:\/\/delamanodemaria.com\/index.php?rest_route=%2Fwp%2Fv2%2Fmedia&parent=14470"}],"wp:term":[{"taxonomy":"category","embeddable":true,"href":"http:\/\/delamanodemaria.com\/index.php?rest_route=%2Fwp%2Fv2%2Fcategories&post=14470"},{"taxonomy":"post_tag","embeddable":true,"href":"http:\/\/delamanodemaria.com\/index.php?rest_route=%2Fwp%2Fv2%2Ftags&post=14470"}],"curies":[{"name":"wp","href":"https:\/\/api.w.org\/{rel}","templated":true}]}}