{"id":1459,"date":"2013-07-13T15:35:35","date_gmt":"2013-07-13T19:35:35","guid":{"rendered":"http:\/\/delamanodemaria.com\/?p=1459"},"modified":"2013-07-13T15:36:24","modified_gmt":"2013-07-13T19:36:24","slug":"sonby4-cantara-en-los-actos-con-el-papa-francisco","status":"publish","type":"post","link":"http:\/\/delamanodemaria.com\/?p=1459","title":{"rendered":"Sonby4 cantar\u00e1 en los actos con el Papa Francisco"},"content":{"rendered":"<p><a href=\"http:\/\/delamanodemaria.com\/wp-content\/uploads\/2013\/07\/SonBy4.jpg\"><img decoding=\"async\" loading=\"lazy\" class=\"size-full wp-image-1460 aligncenter\" alt=\"SonBy4\" src=\"http:\/\/delamanodemaria.com\/wp-content\/uploads\/2013\/07\/SonBy4.jpg\" width=\"500\" height=\"333\" srcset=\"http:\/\/delamanodemaria.com\/wp-content\/uploads\/2013\/07\/SonBy4.jpg 500w, http:\/\/delamanodemaria.com\/wp-content\/uploads\/2013\/07\/SonBy4-300x199.jpg 300w, http:\/\/delamanodemaria.com\/wp-content\/uploads\/2013\/07\/SonBy4-450x300.jpg 450w\" sizes=\"(max-width: 500px) 100vw, 500px\" \/><\/a><\/p>\n<p>El grupo musical boricua Son by 4 cantar\u00e1 en pr\u00f3xima Jornada Mundial de la Juventud en Brasil, como parte del encuentro que tendr\u00e1 el Papa Francisco con j\u00f3venes de todo el mundo.<\/p>\n<p>\u201cVamos a estar en los eventos principales donde el Papa va estar. Es la primera vez que vamos a cantar en una actividad con el Papa. Estamos muy emocionados\u201d, coment\u00f3 uno de los vocalistas de Son by 4, Pedro Quiles. Saldr\u00e1n de Puerto Rico el&#8230; <a href=\"http:\/\/www.vocero.com\/son-by-4-cantara-en-los-actos-con-el-papa-francisco\/\" target=\"_blank\">[continuar leyendo]<\/a><\/p>\n<p>&nbsp;<\/p>\n<div style=\"padding-bottom:20px; padding-top:10px;\" class=\"hupso-share-buttons\"><!-- Hupso Share Buttons - https:\/\/www.hupso.com\/share\/ --><a class=\"hupso_toolbar\" href=\"https:\/\/www.hupso.com\/share\/\"><img src=\"http:\/\/static.hupso.com\/share\/buttons\/lang\/es\/share-medium.png\" style=\"border:0px; padding-top: 5px; float:left;\" alt=\"Share Button\"\/><\/a><script type=\"text\/javascript\">var hupso_services_t=new Array(\"Twitter\",\"Facebook\",\"Google Plus\",\"Pinterest\",\"Linkedin\",\"Email\",\"Print\");var hupso_background_t=\"#EAF4FF\";var hupso_border_t=\"#66CCFF\";var hupso_toolbar_size_t=\"medium\";var hupso_image_folder_url = \"\";var hupso_twitter_via=\"hectorops\";var hupso_url_t=\"\";var hupso_title_t=\"Sonby4%20cantar%C3%A1%20en%20los%20actos%20con%20el%20Papa%20Francisco\";<\/script><script type=\"text\/javascript\" src=\"http:\/\/static.hupso.com\/share\/js\/share_toolbar.js\"><\/script><!-- Hupso Share Buttons --><\/div>","protected":false},"excerpt":{"rendered":"<p>El grupo musical boricua Son by 4 cantar\u00e1 en pr\u00f3xima Jornada Mundial de la Juventud en Brasil, como parte del encuentro que tendr\u00e1 el Papa Francisco con j\u00f3venes de todo el mundo. \u201cVamos a estar en los eventos principales donde &hellip; <a href=\"http:\/\/delamanodemaria.com\/?p=1459\">Continue reading <span class=\"meta-nav\">&rarr;<\/span><\/a><\/p>\n<div style=\"padding-bottom:20px; padding-top:10px;\" class=\"hupso-share-buttons\"><!-- Hupso Share Buttons - https:\/\/www.hupso.com\/share\/ --><a class=\"hupso_toolbar\" href=\"https:\/\/www.hupso.com\/share\/\"><img src=\"http:\/\/static.hupso.com\/share\/buttons\/lang\/es\/share-medium.png\" style=\"border:0px; padding-top: 5px; float:left;\" alt=\"Share Button\"\/><\/a><script type=\"text\/javascript\">var hupso_services_t=new Array(\"Twitter\",\"Facebook\",\"Google Plus\",\"Pinterest\",\"Linkedin\",\"Email\",\"Print\");var hupso_background_t=\"#EAF4FF\";var hupso_border_t=\"#66CCFF\";var hupso_toolbar_size_t=\"medium\";var hupso_image_folder_url = \"\";var hupso_twitter_via=\"hectorops\";var hupso_url_t=\"\";var hupso_title_t=\"Sonby4%20cantar%C3%A1%20en%20los%20actos%20con%20el%20Papa%20Francisco\";<\/script><script type=\"text\/javascript\" src=\"http:\/\/static.hupso.com\/share\/js\/share_toolbar.js\"><\/script><!-- Hupso Share Buttons --><\/div>","protected":false},"author":1,"featured_media":0,"comment_status":"open","ping_status":"open","sticky":false,"template":"","format":"standard","meta":{"jetpack_post_was_ever_published":false,"_jetpack_newsletter_access":"","_jetpack_newsletter_tier_id":0,"jetpack_publicize_message":"","jetpack_is_tweetstorm":false,"jetpack_publicize_feature_enabled":true,"jetpack_social_post_already_shared":true,"jetpack_social_options":{"image_generator_settings":{"template":"highway","enabled":false}}},"categories":[1],"tags":[35,220,6,11,73],"jetpack_publicize_connections":[],"jetpack_featured_media_url":"","jetpack_shortlink":"https:\/\/wp.me\/p3bBgS-nx","jetpack_sharing_enabled":true,"jetpack_likes_enabled":true,"_links":{"self":[{"href":"http:\/\/delamanodemaria.com\/index.php?rest_route=\/wp\/v2\/posts\/1459"}],"collection":[{"href":"http:\/\/delamanodemaria.com\/index.php?rest_route=\/wp\/v2\/posts"}],"about":[{"href":"http:\/\/delamanodemaria.com\/index.php?rest_route=\/wp\/v2\/types\/post"}],"author":[{"embeddable":true,"href":"http:\/\/delamanodemaria.com\/index.php?rest_route=\/wp\/v2\/users\/1"}],"replies":[{"embeddable":true,"href":"http:\/\/delamanodemaria.com\/index.php?rest_route=%2Fwp%2Fv2%2Fcomments&post=1459"}],"version-history":[{"count":2,"href":"http:\/\/delamanodemaria.com\/index.php?rest_route=\/wp\/v2\/posts\/1459\/revisions"}],"predecessor-version":[{"id":1462,"href":"http:\/\/delamanodemaria.com\/index.php?rest_route=\/wp\/v2\/posts\/1459\/revisions\/1462"}],"wp:attachment":[{"href":"http:\/\/delamanodemaria.com\/index.php?rest_route=%2Fwp%2Fv2%2Fmedia&parent=1459"}],"wp:term":[{"taxonomy":"category","embeddable":true,"href":"http:\/\/delamanodemaria.com\/index.php?rest_route=%2Fwp%2Fv2%2Fcategories&post=1459"},{"taxonomy":"post_tag","embeddable":true,"href":"http:\/\/delamanodemaria.com\/index.php?rest_route=%2Fwp%2Fv2%2Ftags&post=1459"}],"curies":[{"name":"wp","href":"https:\/\/api.w.org\/{rel}","templated":true}]}}