{"id":14701,"date":"2020-12-15T19:28:25","date_gmt":"2020-12-15T23:28:25","guid":{"rendered":"http:\/\/delamanodemaria.com\/?p=14701"},"modified":"2020-12-15T19:28:25","modified_gmt":"2020-12-15T23:28:25","slug":"reflexion-para-el-miercoles-de-la-tercera-semana-de-adviento-16-12-20","status":"publish","type":"post","link":"http:\/\/delamanodemaria.com\/?p=14701","title":{"rendered":"REFLEXI\u00d3N PARA EL MI\u00c9RCOLES DE LA TERCERA SEMANA DE ADVIENTO 16-12-20"},"content":{"rendered":"\n<figure class=\"wp-block-image\"><img decoding=\"async\" loading=\"lazy\" width=\"640\" height=\"360\" src=\"http:\/\/delamanodemaria.com\/wp-content\/uploads\/2020\/12\/Id-a-anunciar.jpg\" alt=\"\" class=\"wp-image-14704\" srcset=\"http:\/\/delamanodemaria.com\/wp-content\/uploads\/2020\/12\/Id-a-anunciar.jpg 640w, http:\/\/delamanodemaria.com\/wp-content\/uploads\/2020\/12\/Id-a-anunciar-300x169.jpg 300w, http:\/\/delamanodemaria.com\/wp-content\/uploads\/2020\/12\/Id-a-anunciar-500x281.jpg 500w\" sizes=\"(max-width: 640px) 100vw, 640px\" \/><figcaption> <br>&#8220;ld a anunciar a Juan lo que hab\u00e9is visto y o\u00eddo&#8221;,<\/figcaption><\/figure>\n\n\n\n<p>\u201c\u00bfEres t\u00fa el que ha de venir, o tenemos que esperar a otro?\u201d Con esa pregunta dirigida a Jes\u00fas env\u00eda Juan el Bautista a sus disc\u00edpulos en la lectura evang\u00e9lica que contemplamos en la liturgia para este mi\u00e9rcoles de la tercera semana de Adviento (Lc 7,19-23).<\/p>\n\n\n\n<p>Para entender la pregunta o, m\u00e1s bien, el porqu\u00e9 de la\nmisma, tenemos que enmarcarla en su contexto hist\u00f3rico y en la misi\u00f3n prof\u00e9tica\ndel propio Juan, quien como todos los jud\u00edos de su tiempo, esperaba un Mes\u00edas\nlibertador, uno que los iba a liberar y purificar con fuego: \u201c\u00c9l os bautizar\u00e1\nen el Esp\u00edritu Santo y en el fuego; tomar\u00e1 en su mano el bieldo, y limpiar\u00e1 su\nera, guardar\u00e1 despu\u00e9s el trigo en su granero, y quemar\u00e1 la paja con fuego que\nno se apaga\u201d (Lc 3,16b-17).<\/p>\n\n\n\n<p>A pesar que \u00e9l mismo hab\u00eda sido testigo de la teofan\u00eda que\nacompa\u00f1\u00f3 al bautismo de Jes\u00fas (Lc3, 21-22), todav\u00eda estaba latente en su\ninterior el concepto mesi\u00e1nico del pueblo jud\u00edo.<\/p>\n\n\n\n<p>A nosotros a veces nos pasa lo mismo. Nos preguntamos:\n\u00bfD\u00f3nde est\u00e1s Se\u00f1or? \u00bfD\u00f3nde los signos de tu poder? Nos cegamos buscando\nmilagros portentosos, y esa ceguera nos impide ver su Misericordia que se\nmanifiesta d\u00eda tras d\u00eda ante nuestros propios ojos.<\/p>\n\n\n\n<p>Jes\u00fas, consciente de esa realidad, antes que contestar la\ninterrogante, se limit\u00f3 a actuar, a practicar la Misericordia. As\u00ed, \u201ccur\u00f3 a\nmuchos de enfermedades, achaques y malos esp\u00edritus, y a muchos ciegos les\notorg\u00f3 la vista\u201d.<\/p>\n\n\n\n<p>Entonces dijo a los mensajeros de Juan: \u201cld a anunciar a\nJuan lo que hab\u00e9is visto y o\u00eddo: los ciegos ven, los inv\u00e1lidos andan, los\nleprosos quedan limpios, los sordos oyen, los muertos resucitan, y a los pobres\nse les anuncia el Evangelio\u201d.<\/p>\n\n\n\n<p>Con sus gestos, Jes\u00fas se inserta en la tradici\u00f3n jud\u00eda, haciendo\nrealidad las prefiguraciones del profeta Isa\u00edas (29,18-19; 35,5-6). No hay\nduda, los tiempos mesi\u00e1nicos han llegado. Pero se trata de un Mes\u00edas que\ndemuestra su poder, no con signos de grandeza, sino con gestos de amor, de\nMisericordia; sirviendo a los dem\u00e1s, especialmente a los pobres. El que no vino\na ser servido sino a servir\u2026 (Mt 20,28).<\/p>\n\n\n\n<p>El tiempo de Adviento nos hace revivir la espera del Mes\u00edas;\nese que viene a liberarnos de nuestras esclavitudes, de todo aquello que nos\noprime, que nos aleja de \u00c9l, comenzando con nuestro ego\u00edsmo. Solo as\u00ed podremos\nalegrarnos del bien que otros reciben, producto de la Misericordia de Dios,\naunque nosotros sigamos en espera: \u201cDichoso (Bienaventurado) el que no se\nescandalice de m\u00ed\u201d. \u00bfUna nueva Bienaventuranza?<\/p>\n\n\n\n<p>Estamos en tiempo de Adviento. Y no podemos olvidar que Dios\nviene para todos. \u00c9l no hace distinci\u00f3n. As\u00ed nos lo dice Isa\u00edas en la primera\nlectura de hoy (45,6b-8.18.21b-25): \u201cVolveos hacia m\u00ed para salvaros, confines\nde la tierra, pues yo soy Dios, y no hay otro\u2026 \u201cAnte m\u00ed se doblar\u00e1 toda\nrodilla, por m\u00ed jurar\u00e1 toda lengua\u2026 \u201cA \u00e9l vendr\u00e1n avergonzados los que se\nenardec\u00edan contra \u00e9l\u201d. (<em>Cfr.<\/em> Gn\n22,18).<\/p>\n\n\n\n<p>De eso se trata el Adviento; de la llegada del Cristo que cambia\nlos corazones. \u00bfEst\u00e1s preparado para recibirlo?<\/p>\n<div style=\"padding-bottom:20px; padding-top:10px;\" class=\"hupso-share-buttons\"><!-- Hupso Share Buttons - https:\/\/www.hupso.com\/share\/ --><a class=\"hupso_toolbar\" href=\"https:\/\/www.hupso.com\/share\/\"><img src=\"http:\/\/static.hupso.com\/share\/buttons\/lang\/es\/share-medium.png\" style=\"border:0px; padding-top: 5px; float:left;\" alt=\"Share Button\"\/><\/a><script type=\"text\/javascript\">var hupso_services_t=new Array(\"Twitter\",\"Facebook\",\"Google Plus\",\"Pinterest\",\"Linkedin\",\"Email\",\"Print\");var hupso_background_t=\"#EAF4FF\";var hupso_border_t=\"#66CCFF\";var hupso_toolbar_size_t=\"medium\";var hupso_image_folder_url = \"\";var hupso_twitter_via=\"hectorops\";var hupso_url_t=\"\";var hupso_title_t=\"REFLEXI%C3%93N%20PARA%20EL%20MI%C3%89RCOLES%20DE%20LA%20TERCERA%20SEMANA%20DE%20ADVIENTO%2016-12-20\";<\/script><script type=\"text\/javascript\" src=\"http:\/\/static.hupso.com\/share\/js\/share_toolbar.js\"><\/script><!-- Hupso Share Buttons --><\/div>","protected":false},"excerpt":{"rendered":"<p>\u201c\u00bfEres t\u00fa el que ha de venir, o tenemos que esperar a otro?\u201d Con esa pregunta dirigida a Jes\u00fas env\u00eda Juan el Bautista a sus disc\u00edpulos en la lectura evang\u00e9lica que contemplamos en la liturgia para este mi\u00e9rcoles de la &hellip; <a href=\"http:\/\/delamanodemaria.com\/?p=14701\">Continue reading <span class=\"meta-nav\">&rarr;<\/span><\/a><\/p>\n<div style=\"padding-bottom:20px; padding-top:10px;\" class=\"hupso-share-buttons\"><!-- Hupso Share Buttons - https:\/\/www.hupso.com\/share\/ --><a class=\"hupso_toolbar\" href=\"https:\/\/www.hupso.com\/share\/\"><img src=\"http:\/\/static.hupso.com\/share\/buttons\/lang\/es\/share-medium.png\" style=\"border:0px; padding-top: 5px; float:left;\" alt=\"Share Button\"\/><\/a><script type=\"text\/javascript\">var hupso_services_t=new Array(\"Twitter\",\"Facebook\",\"Google Plus\",\"Pinterest\",\"Linkedin\",\"Email\",\"Print\");var hupso_background_t=\"#EAF4FF\";var hupso_border_t=\"#66CCFF\";var hupso_toolbar_size_t=\"medium\";var hupso_image_folder_url = \"\";var hupso_twitter_via=\"hectorops\";var hupso_url_t=\"\";var hupso_title_t=\"REFLEXI%C3%93N%20PARA%20EL%20MI%C3%89RCOLES%20DE%20LA%20TERCERA%20SEMANA%20DE%20ADVIENTO%2016-12-20\";<\/script><script type=\"text\/javascript\" src=\"http:\/\/static.hupso.com\/share\/js\/share_toolbar.js\"><\/script><!-- Hupso Share Buttons --><\/div>","protected":false},"author":1,"featured_media":14704,"comment_status":"open","ping_status":"open","sticky":false,"template":"","format":"standard","meta":{"jetpack_post_was_ever_published":false,"_jetpack_newsletter_access":"","_jetpack_newsletter_tier_id":0,"jetpack_publicize_message":"","jetpack_is_tweetstorm":false,"jetpack_publicize_feature_enabled":true,"jetpack_social_post_already_shared":true,"jetpack_social_options":{"image_generator_settings":{"template":"highway","enabled":false}}},"categories":[1],"tags":[3580,3501,3120,371,163,4581,4579,4245,1073,1651,4580,2,458,3507,3446],"jetpack_publicize_connections":[],"jetpack_featured_media_url":"http:\/\/delamanodemaria.com\/wp-content\/uploads\/2020\/12\/Id-a-anunciar.jpg","jetpack_shortlink":"https:\/\/wp.me\/p3bBgS-3P7","jetpack_sharing_enabled":true,"jetpack_likes_enabled":true,"_links":{"self":[{"href":"http:\/\/delamanodemaria.com\/index.php?rest_route=\/wp\/v2\/posts\/14701"}],"collection":[{"href":"http:\/\/delamanodemaria.com\/index.php?rest_route=\/wp\/v2\/posts"}],"about":[{"href":"http:\/\/delamanodemaria.com\/index.php?rest_route=\/wp\/v2\/types\/post"}],"author":[{"embeddable":true,"href":"http:\/\/delamanodemaria.com\/index.php?rest_route=\/wp\/v2\/users\/1"}],"replies":[{"embeddable":true,"href":"http:\/\/delamanodemaria.com\/index.php?rest_route=%2Fwp%2Fv2%2Fcomments&post=14701"}],"version-history":[{"count":3,"href":"http:\/\/delamanodemaria.com\/index.php?rest_route=\/wp\/v2\/posts\/14701\/revisions"}],"predecessor-version":[{"id":14705,"href":"http:\/\/delamanodemaria.com\/index.php?rest_route=\/wp\/v2\/posts\/14701\/revisions\/14705"}],"wp:featuredmedia":[{"embeddable":true,"href":"http:\/\/delamanodemaria.com\/index.php?rest_route=\/wp\/v2\/media\/14704"}],"wp:attachment":[{"href":"http:\/\/delamanodemaria.com\/index.php?rest_route=%2Fwp%2Fv2%2Fmedia&parent=14701"}],"wp:term":[{"taxonomy":"category","embeddable":true,"href":"http:\/\/delamanodemaria.com\/index.php?rest_route=%2Fwp%2Fv2%2Fcategories&post=14701"},{"taxonomy":"post_tag","embeddable":true,"href":"http:\/\/delamanodemaria.com\/index.php?rest_route=%2Fwp%2Fv2%2Ftags&post=14701"}],"curies":[{"name":"wp","href":"https:\/\/api.w.org\/{rel}","templated":true}]}}