{"id":1485,"date":"2013-07-17T10:27:51","date_gmt":"2013-07-17T14:27:51","guid":{"rendered":"http:\/\/delamanodemaria.com\/?p=1485"},"modified":"2013-07-17T10:28:24","modified_gmt":"2013-07-17T14:28:24","slug":"dos-papas-santos-segun-su-escritura-roncalli-y-wojtyla","status":"publish","type":"post","link":"http:\/\/delamanodemaria.com\/?p=1485","title":{"rendered":"Dos Papas santos seg\u00fan su escritura (Roncalli y Wojtyla)"},"content":{"rendered":"<p><a href=\"http:\/\/delamanodemaria.com\/wp-content\/uploads\/2013\/07\/ppjpiijuanxxiii020713.jpg\"><img decoding=\"async\" loading=\"lazy\" class=\"size-full wp-image-1389 aligncenter\" alt=\"ppjpiijuanxxiii020713\" src=\"http:\/\/delamanodemaria.com\/wp-content\/uploads\/2013\/07\/ppjpiijuanxxiii020713.jpg\" width=\"500\" height=\"340\" srcset=\"http:\/\/delamanodemaria.com\/wp-content\/uploads\/2013\/07\/ppjpiijuanxxiii020713.jpg 500w, http:\/\/delamanodemaria.com\/wp-content\/uploads\/2013\/07\/ppjpiijuanxxiii020713-300x204.jpg 300w, http:\/\/delamanodemaria.com\/wp-content\/uploads\/2013\/07\/ppjpiijuanxxiii020713-441x300.jpg 441w\" sizes=\"(max-width: 500px) 100vw, 500px\" \/><\/a><\/p>\n<p>Evi Crotti, analiza la graf\u00eda de\u00a0 Roncalli y Wojtyla, los dos Papas beatos que ser\u00e1n canonizados en diciembre.<\/p>\n<p>Andrea Tornielli Ciudad del Vaticano<\/p>\n<p>\u00bfSe nace santo? \u00abNo tengo idea \u2013responde la graf\u00f3loga Evi Crotti, fudnadora de una escuela de grafolog\u00eda y titular, con Alberto Magni de un estudio que organiza cursos y ofrece preparaci\u00f3n profesional\u2013, pero s\u00e9 que cada uno lleva dentro de s\u00ed una chispa divina que, si no se entierra, se convertir\u00e1 en fuerza y luz para toda la humanidad\u00bb.<\/p>\n<p>Usted analiz\u00f3 la escritura de los dos Papas que ser\u00e1n canonizados en diciembre de este a\u00f1o por Francesco: Roncalli y Wojtyla. \u00bfQu\u00e9 fue lo que\u2026<a href=\"http:\/\/vaticaninsider.lastampa.it\/es\/noticias\/dettagliospain\/articolo\/papa-el-papa-pope-26522\/\" target=\"_blank\"> [continuar leyendo]<\/a><\/p>\n<div style=\"padding-bottom:20px; padding-top:10px;\" class=\"hupso-share-buttons\"><!-- Hupso Share Buttons - https:\/\/www.hupso.com\/share\/ --><a class=\"hupso_toolbar\" href=\"https:\/\/www.hupso.com\/share\/\"><img src=\"http:\/\/static.hupso.com\/share\/buttons\/lang\/es\/share-medium.png\" style=\"border:0px; padding-top: 5px; float:left;\" alt=\"Share Button\"\/><\/a><script type=\"text\/javascript\">var hupso_services_t=new Array(\"Twitter\",\"Facebook\",\"Google Plus\",\"Pinterest\",\"Linkedin\",\"Email\",\"Print\");var hupso_background_t=\"#EAF4FF\";var hupso_border_t=\"#66CCFF\";var hupso_toolbar_size_t=\"medium\";var hupso_image_folder_url = \"\";var hupso_twitter_via=\"hectorops\";var hupso_url_t=\"\";var hupso_title_t=\"Dos%20Papas%20santos%20seg%C3%BAn%20su%20escritura%20%28Roncalli%20y%20Wojtyla%29\";<\/script><script type=\"text\/javascript\" src=\"http:\/\/static.hupso.com\/share\/js\/share_toolbar.js\"><\/script><!-- Hupso Share Buttons --><\/div>","protected":false},"excerpt":{"rendered":"<p>Evi Crotti, analiza la graf\u00eda de\u00a0 Roncalli y Wojtyla, los dos Papas beatos que ser\u00e1n canonizados en diciembre. Andrea Tornielli Ciudad del Vaticano \u00bfSe nace santo? \u00abNo tengo idea \u2013responde la graf\u00f3loga Evi Crotti, fudnadora de una escuela de grafolog\u00eda &hellip; <a href=\"http:\/\/delamanodemaria.com\/?p=1485\">Continue reading <span class=\"meta-nav\">&rarr;<\/span><\/a><\/p>\n<div style=\"padding-bottom:20px; padding-top:10px;\" class=\"hupso-share-buttons\"><!-- Hupso Share Buttons - https:\/\/www.hupso.com\/share\/ --><a class=\"hupso_toolbar\" href=\"https:\/\/www.hupso.com\/share\/\"><img src=\"http:\/\/static.hupso.com\/share\/buttons\/lang\/es\/share-medium.png\" style=\"border:0px; padding-top: 5px; float:left;\" alt=\"Share Button\"\/><\/a><script type=\"text\/javascript\">var hupso_services_t=new Array(\"Twitter\",\"Facebook\",\"Google Plus\",\"Pinterest\",\"Linkedin\",\"Email\",\"Print\");var hupso_background_t=\"#EAF4FF\";var hupso_border_t=\"#66CCFF\";var hupso_toolbar_size_t=\"medium\";var hupso_image_folder_url = \"\";var hupso_twitter_via=\"hectorops\";var hupso_url_t=\"\";var hupso_title_t=\"Dos%20Papas%20santos%20seg%C3%BAn%20su%20escritura%20%28Roncalli%20y%20Wojtyla%29\";<\/script><script type=\"text\/javascript\" src=\"http:\/\/static.hupso.com\/share\/js\/share_toolbar.js\"><\/script><!-- Hupso Share Buttons --><\/div>","protected":false},"author":1,"featured_media":0,"comment_status":"open","ping_status":"open","sticky":false,"template":"","format":"standard","meta":{"jetpack_post_was_ever_published":false,"_jetpack_newsletter_access":"","_jetpack_newsletter_tier_id":0,"jetpack_publicize_message":"","jetpack_is_tweetstorm":false,"jetpack_publicize_feature_enabled":true,"jetpack_social_post_already_shared":true,"jetpack_social_options":{"image_generator_settings":{"template":"highway","enabled":false}}},"categories":[1],"tags":[65,222,6,11,20],"jetpack_publicize_connections":[],"jetpack_featured_media_url":"","jetpack_shortlink":"https:\/\/wp.me\/p3bBgS-nX","jetpack_sharing_enabled":true,"jetpack_likes_enabled":true,"_links":{"self":[{"href":"http:\/\/delamanodemaria.com\/index.php?rest_route=\/wp\/v2\/posts\/1485"}],"collection":[{"href":"http:\/\/delamanodemaria.com\/index.php?rest_route=\/wp\/v2\/posts"}],"about":[{"href":"http:\/\/delamanodemaria.com\/index.php?rest_route=\/wp\/v2\/types\/post"}],"author":[{"embeddable":true,"href":"http:\/\/delamanodemaria.com\/index.php?rest_route=\/wp\/v2\/users\/1"}],"replies":[{"embeddable":true,"href":"http:\/\/delamanodemaria.com\/index.php?rest_route=%2Fwp%2Fv2%2Fcomments&post=1485"}],"version-history":[{"count":3,"href":"http:\/\/delamanodemaria.com\/index.php?rest_route=\/wp\/v2\/posts\/1485\/revisions"}],"predecessor-version":[{"id":1488,"href":"http:\/\/delamanodemaria.com\/index.php?rest_route=\/wp\/v2\/posts\/1485\/revisions\/1488"}],"wp:attachment":[{"href":"http:\/\/delamanodemaria.com\/index.php?rest_route=%2Fwp%2Fv2%2Fmedia&parent=1485"}],"wp:term":[{"taxonomy":"category","embeddable":true,"href":"http:\/\/delamanodemaria.com\/index.php?rest_route=%2Fwp%2Fv2%2Fcategories&post=1485"},{"taxonomy":"post_tag","embeddable":true,"href":"http:\/\/delamanodemaria.com\/index.php?rest_route=%2Fwp%2Fv2%2Ftags&post=1485"}],"curies":[{"name":"wp","href":"https:\/\/api.w.org\/{rel}","templated":true}]}}